{"id":66252,"date":"2023-02-17T14:38:02","date_gmt":"2023-02-17T17:38:02","guid":{"rendered":"https:\/\/tvmasmagazine.com\/?p=66252"},"modified":"2023-03-15T15:53:26","modified_gmt":"2023-03-15T18:53:26","slug":"globo-promueve-su-catalogo-en-la-berlinale","status":"publish","type":"post","link":"https:\/\/tvmasmagazine.com\/es\/2023\/02\/17\/globo-promueve-su-catalogo-en-la-berlinale\/","title":{"rendered":"Globo promueve su cat\u00e1logo en la Berlinale"},"content":{"rendered":"<p><strong><span style=\"color: #ff0000;\">EVENTOS GLOBALES | NEGOCIOS | REPORTAJES PERIOD\u00cdSTICOS<\/span><\/strong><\/p>\n\n\t\t<!-- MasterSlider -->\n\t\t<div id=\"P_MS69f5f4a71aa77\" class=\"master-slider-parent msl ms-parent-id-73\" style=\"max-width:800px;\">\n\n\t\t\t\n\t\t\t<!-- MasterSlider Main -->\n\t\t\t<div id=\"MS69f5f4a71aa77\" class=\"master-slider ms-skin-default\" >\n\t\t\t\t \t\t\t\t \n\t\t\t\t<div  class=\"ms-slide\" data-delay=\"3\" data-fill-mode=\"fill\"  >\n\t\t\t\t\t<img decoding=\"async\" src=\"https:\/\/tvmasmagazine.com\/wp-content\/plugins\/master-slider\/public\/assets\/css\/blank.gif\" alt=\"\" title=\"\" data-src=\"https:\/\/tvmasmagazine.com\/wp-content\/uploads\/2023\/02\/extremistasbr-DOS.jpg\" \/>\n\n\t\t\t\t\t<div class=\"ms-info ms-info-empty\">&nbsp;<\/div>\n\n\n\t<div class=\"ms-thumb\" ><div class=\"ms-tab-context\"><div class=\"&quot;ms-tab-context&quot;\"><\/div><\/div>\n<\/div>\n\t\t\t\t<\/div>\n\t\t\t\t<div  class=\"ms-slide\" data-delay=\"3\" data-fill-mode=\"fill\"  >\n\t\t\t\t\t<img decoding=\"async\" src=\"https:\/\/tvmasmagazine.com\/wp-content\/plugins\/master-slider\/public\/assets\/css\/blank.gif\" alt=\"\" title=\"\" data-src=\"https:\/\/tvmasmagazine.com\/wp-content\/uploads\/2023\/02\/extremistasbr-.jpg\" \/>\n\n\t\t\t\t\t<div class=\"ms-info ms-info-empty\">&nbsp;<\/div>\n\n\n\t<div class=\"ms-thumb\" ><div class=\"ms-tab-context\"><div class=\"&quot;ms-tab-context&quot;\"><\/div><\/div>\n<\/div>\n\t\t\t\t<\/div>\n\n\t\t\t<\/div>\n\t\t\t<!-- END MasterSlider Main -->\n\n\t\t\t \n\t\t<\/div>\n\t\t<!-- END MasterSlider -->\n\n\t\t<script>\n\t\t(function ( $ ) {\n\t\t\t\"use strict\";\n\n\t\t\t$(function () {\n\t\t\t\tvar masterslider_aa77 = new MasterSlider();\n\n\t\t\t\t\/\/ slider controls\n\t\t\t\tmasterslider_aa77.control('arrows'     ,{ autohide:false, overVideo:true  });\n\t\t\t\tmasterslider_aa77.control('slideinfo'  ,{ autohide:false, overVideo:true, dir:'h', align:'bottom',inset:false , margin:10   });\n\t\t\t\t\/\/ slider setup\n\t\t\t\tmasterslider_aa77.setup(\"MS69f5f4a71aa77\", {\n\t\t\t\t\t\twidth           : 800,\n\t\t\t\t\t\theight          : 480,\n\t\t\t\t\t\tminHeight       : 0,\n\t\t\t\t\t\tspace           : 0,\n\t\t\t\t\t\tstart           : 1,\n\t\t\t\t\t\tgrabCursor      : true,\n\t\t\t\t\t\tswipe           : true,\n\t\t\t\t\t\tmouse           : true,\n\t\t\t\t\t\tlayout          : \"boxed\",\n\t\t\t\t\t\twheel           : false,\n\t\t\t\t\t\tautoplay        : false,\n\t\t\t\t\t\tinstantStartLayers:false,\n\t\t\t\t\t\tloop            : false,\n\t\t\t\t\t\tshuffle         : false,\n\t\t\t\t\t\tpreload         : 0,\n\t\t\t\t\t\theightLimit     : true,\n\t\t\t\t\t\tautoHeight      : false,\n\t\t\t\t\t\tsmoothHeight    : true,\n\t\t\t\t\t\tendPause        : false,\n\t\t\t\t\t\toverPause       : true,\n\t\t\t\t\t\tfillMode        : \"fill\",\n\t\t\t\t\t\tcenterControls  : true,\n\t\t\t\t\t\tstartOnAppear   : false,\n\t\t\t\t\t\tlayersMode      : \"center\",\n\t\t\t\t\t\thideLayers      : false,\n\t\t\t\t\t\tfullscreenMargin: 0,\n\t\t\t\t\t\tspeed           : 20,\n\t\t\t\t\t\tdir             : \"h\",\n\t\t\t\t\t\tparallaxMode    : 'swipe',\n\t\t\t\t\t\tview            : \"basic\"\n\t\t\t\t});\n\n\t\t\t\t\n\t\t\t\twindow.masterslider_instances = window.masterslider_instances || [];\n\t\t\t\twindow.masterslider_instances.push( masterslider_aa77 );\n\t\t\t });\n\n\t\t})(jQuery);\n\t\t<\/script>\n\n\n<p><strong><span style=\"color: #000080;\">Serie documental Globoplay Originals, dirigida por Caio Cavechini (\u2018Marielle &#8211; El crimen que sacudi\u00f3 Brasil\u2019), <em>&#8216;extremistas.br&#8217;<\/em> se lanzar\u00e1 al mercado internacional. En ocho episodios, mostrar\u00e1 un especial durante la Berlinale, uno de los principales acontecimientos de la industria audiovisual.<\/span><\/strong><\/p>\n<p><strong><span style=\"color: #000080;\">Producida por el n\u00facleo de Periodismo de Globo, la serie aborda la radicalizaci\u00f3n de la extrema derecha en Brasil y las razones que llevan a que miles de personas difundan un discurso antidemocr\u00e1tico en el pa\u00eds.<\/span><\/strong><\/p>\n<p>La producci\u00f3n escucha a expertos e investigadores que vigilan este comportamiento y sigue a figuras conocidas de la pol\u00edtica nacional: actores pol\u00edticos improbables, influyentes digitales en alza, militantes arrepentidos y votantes desconocidos.<\/p>\n<p>\u00abLa serie segu\u00eda de cerca y desde muchos \u00e1ngulos la radicalizaci\u00f3n de parte de la poblaci\u00f3n brasile\u00f1a. Era un material que ya estaba listo cuando el episodio m\u00e1s extremo de amenaza a la democracia conmocion\u00f3 al mundo, el 8 de enero de este a\u00f1o, la invasi\u00f3n y depredaci\u00f3n de la sede de los Tres Poderes en Brasilia. Este trabajo de investigaci\u00f3n, que ahora tambi\u00e9n puede llegar al p\u00fablico internacional que se interesa por Brasil y tambi\u00e9n por la din\u00e1mica de la radicalizaci\u00f3n que se extiende por otros pa\u00edses\u00bb, afirma <strong>Caio Cavechini. <\/strong><\/p>\n<p><span style=\"color: #ff0000;\">Esta serie Globoplay Originals brinda historias de quienes permanecen ocultos en la guerra virtual y se sumerge en los \u00faltimos acontecimientos tras el final de las elecciones presidenciales de 2022.<\/span> La producci\u00f3n sigue de cerca la rutina de los manifestantes insatisfechos con los resultados de las elecciones, que acamparon frente a los cuarteles del ej\u00e9rcito pidiendo la intervenci\u00f3n militar y promoviendo ataques permanentes contra las urnas y el Supremo Tribunal Federal.<\/p>\n<p>\u00abextremistas.br es una serie muy actual, que retrata la realidad de Brasil, pero que afecta a otros pa\u00edses y se conecta a p\u00fablicos de todo el mundo. Es un producto que destaca la excelencia de nuestro periodismo con un tema extremadamente relevante para la sociedad, y que muestra la diversidad de nuestro portfolio\u00bb, a\u00f1ade <strong>Gabriel Doria, Ejecutivo de Ventas de Globo. <a href=\"http:\/\/screening.globo.com\">screening.globo.com<\/a><\/strong><\/p>\n<div id=\"attachment_66188\" style=\"width: 808px\" class=\"wp-caption aligncenter\"><img loading=\"lazy\" decoding=\"async\" aria-describedby=\"caption-attachment-66188\" class=\"wp-image-66188 size-full\" src=\"https:\/\/tvmasmagazine.com\/wp-content\/uploads\/2023\/02\/new-539x303-1.png\" alt=\"\" width=\"798\" height=\"796\" srcset=\"https:\/\/tvmasmagazine.com\/wp-content\/uploads\/2023\/02\/new-539x303-1.png 798w, https:\/\/tvmasmagazine.com\/wp-content\/uploads\/2023\/02\/new-539x303-1-350x350.png 350w, https:\/\/tvmasmagazine.com\/wp-content\/uploads\/2023\/02\/new-539x303-1-150x150.png 150w, https:\/\/tvmasmagazine.com\/wp-content\/uploads\/2023\/02\/new-539x303-1-768x766.png 768w\" sizes=\"auto, (max-width: 798px) 100vw, 798px\" \/><p id=\"caption-attachment-66188\" class=\"wp-caption-text\">Gabriel Doria<\/p><\/div>\n<p><img loading=\"lazy\" decoding=\"async\" class=\"alignleft wp-image-66269 size-thumbnail\" src=\"https:\/\/tvmasmagazine.com\/wp-content\/uploads\/2023\/02\/Redaccion-TVMAS-150x30.png\" alt=\"\" width=\"150\" height=\"30\" srcset=\"https:\/\/tvmasmagazine.com\/wp-content\/uploads\/2023\/02\/Redaccion-TVMAS-150x30.png 150w, https:\/\/tvmasmagazine.com\/wp-content\/uploads\/2023\/02\/Redaccion-TVMAS-350x70.png 350w, https:\/\/tvmasmagazine.com\/wp-content\/uploads\/2023\/02\/Redaccion-TVMAS.png 745w\" sizes=\"auto, (max-width: 150px) 100vw, 150px\" \/><\/p>","protected":false},"excerpt":{"rendered":"<p>EVENTOS GLOBALES | NEGOCIOS | REPORTAJES PERIOD\u00cdSTICOS Serie documental Globoplay Originals, dirigida por Caio Cavechini (\u2018Marielle &#8211; El crimen que <a class=\"more-link\" href=\"https:\/\/tvmasmagazine.com\/es\/2023\/02\/17\/globo-promueve-su-catalogo-en-la-berlinale\/\">&#8230;<\/a><\/p>\n","protected":false},"author":1,"featured_media":66254,"comment_status":"open","ping_status":"closed","sticky":false,"template":"","format":"standard","meta":{"footnotes":""},"categories":[80,256,79,47],"tags":[],"class_list":["post-66252","post","type-post","status-publish","format-standard","has-post-thumbnail","hentry","category-ott","category-series","category-tv-abierta","category-tv-de-pagp"],"_links":{"self":[{"href":"https:\/\/tvmasmagazine.com\/es\/wp-json\/wp\/v2\/posts\/66252","targetHints":{"allow":["GET"]}}],"collection":[{"href":"https:\/\/tvmasmagazine.com\/es\/wp-json\/wp\/v2\/posts"}],"about":[{"href":"https:\/\/tvmasmagazine.com\/es\/wp-json\/wp\/v2\/types\/post"}],"author":[{"embeddable":true,"href":"https:\/\/tvmasmagazine.com\/es\/wp-json\/wp\/v2\/users\/1"}],"replies":[{"embeddable":true,"href":"https:\/\/tvmasmagazine.com\/es\/wp-json\/wp\/v2\/comments?post=66252"}],"version-history":[{"count":4,"href":"https:\/\/tvmasmagazine.com\/es\/wp-json\/wp\/v2\/posts\/66252\/revisions"}],"predecessor-version":[{"id":66372,"href":"https:\/\/tvmasmagazine.com\/es\/wp-json\/wp\/v2\/posts\/66252\/revisions\/66372"}],"wp:featuredmedia":[{"embeddable":true,"href":"https:\/\/tvmasmagazine.com\/es\/wp-json\/wp\/v2\/media\/66254"}],"wp:attachment":[{"href":"https:\/\/tvmasmagazine.com\/es\/wp-json\/wp\/v2\/media?parent=66252"}],"wp:term":[{"taxonomy":"category","embeddable":true,"href":"https:\/\/tvmasmagazine.com\/es\/wp-json\/wp\/v2\/categories?post=66252"},{"taxonomy":"post_tag","embeddable":true,"href":"https:\/\/tvmasmagazine.com\/es\/wp-json\/wp\/v2\/tags?post=66252"}],"curies":[{"name":"wp","href":"https:\/\/api.w.org\/{rel}","templated":true}]}}