{"id":66320,"date":"2023-03-09T15:45:38","date_gmt":"2023-03-09T18:45:38","guid":{"rendered":"https:\/\/tvmasmagazine.com\/?p=66320"},"modified":"2023-03-15T15:53:05","modified_gmt":"2023-03-15T18:53:05","slug":"andina-link-2023-en-cartagena-con-cambio-de-sede","status":"publish","type":"post","link":"https:\/\/tvmasmagazine.com\/es\/2023\/03\/09\/andina-link-2023-en-cartagena-con-cambio-de-sede\/","title":{"rendered":"Andina Link 2023 en Cartagena con cambio de sede"},"content":{"rendered":"<p><strong><span style=\"color: #ff0000;\">EVENTOS | NEGOCIOS<\/span><\/strong><\/p>\n<p><strong><span style=\"color: #000080;\">Estrenando nueva sede en el Centro de Convenciones del hotel Las Am\u00e9ricas de Cartagena de Indias el evento arranco con el foco puesto en el futuro de las telecomunicaciones. \u00abCambiamos de sede porque hay una necesidad de espacios para nuestra oferta de educaci\u00f3n\u00bb, dijo Luz Marina Arango fundadora del evento.<\/span><\/strong><\/p>\n<div id=\"attachment_66321\" style=\"width: 610px\" class=\"wp-caption aligncenter\"><img loading=\"lazy\" decoding=\"async\" aria-describedby=\"caption-attachment-66321\" class=\"wp-image-66321 size-full\" src=\"https:\/\/tvmasmagazine.com\/wp-content\/uploads\/2023\/03\/LUZ-MARINA-ARANGO.png\" alt=\"\" width=\"600\" height=\"900\" srcset=\"https:\/\/tvmasmagazine.com\/wp-content\/uploads\/2023\/03\/LUZ-MARINA-ARANGO.png 600w, https:\/\/tvmasmagazine.com\/wp-content\/uploads\/2023\/03\/LUZ-MARINA-ARANGO-233x350.png 233w, https:\/\/tvmasmagazine.com\/wp-content\/uploads\/2023\/03\/LUZ-MARINA-ARANGO-100x150.png 100w\" sizes=\"auto, (max-width: 600px) 100vw, 600px\" \/><p id=\"caption-attachment-66321\" class=\"wp-caption-text\">Luz Marina Arango<\/p><\/div>\n<p><strong><span style=\"color: #000080;\">El evento, se est\u00e1 llevando a cabo desde el 7 hasta hoy jueves 9 de marzo e inaugur\u00f3 la jornada con el foco en la conectividad, la accesibilidad y la inclusi\u00f3n digital.<\/span><\/strong><\/p>\n<p>El evento se exploran las \u00faltimas tendencias junto a los l\u00edderes y expertos de la industria compartiendo experiencias y evaluando oportunidades que ofrecen las tecnolog\u00edas para construir un futuro sostenible y equitativo.<\/p>\n<p><a href=\"https:\/\/www.miptv.com\/en-gb\/visit.html?utm_source=miptv2023_tvmas&amp;utm_medium=barter_website&amp;utm_campaign=miptv2023-eb-tvmas\" target=\"_blank\" rel=\"noopener\"><img loading=\"lazy\" decoding=\"async\" class=\"aligncenter wp-image-65806 size-full\" src=\"https:\/\/tvmasmagazine.com\/wp-content\/uploads\/2023\/01\/TVMAS_MIPTV_EarlyBird_GIF_345x100_V2.gif\" alt=\"\" width=\"345\" height=\"100\" \/><\/a><\/p>\n<p><span style=\"color: #ff0000;\"><strong>VOCES CLAVE EN EL EVENTO<\/strong><\/span><\/p>\n<p><strong>Miguel Felipe Anzola,<\/strong> director general de la Agencia Nacional del Espectro (ANE) destac\u00f3 el trabajo del organismo en materia de conectividad: \u00abBuscamos la eficiencia y trabajar con todos los sectores que hacen uso de las comunicaciones. Hoy en d\u00eda todos los sistemas de comunicaci\u00f3n utilizan al menos un componente inal\u00e1mbrico, las PC, los tel\u00e9fonos, las TV. Por eso el espectro radioel\u00e9ctrico se convierte en un componente vital, si no lo tenemos, no podemos usar esos servicios\u00bb.<\/p>\n<p><strong>Sandra Milena Urrutia P\u00e9rez<\/strong>, Ministra TIC, dijo que \u00aben este gobierno de la esperanza, vamos a pasar del 60% de conectividad al 85%. Muchos ministros y administraciones tambi\u00e9n se han puesto estas metas. Tenemos que mejorar la continuidad y calidad del servicio, porque percibimos un deterioro de la conectividad al salir de los centros urbanos. Estamos trabajando con la industria m\u00f3vil para mejorar la transmisi\u00f3n y la conectividad\u00bb.<\/p>\n<p>Por \u00faltimo<strong>, Luz Marina Arango, presidenta de ANDINALINK<\/strong> destac\u00f3 que el programa acad\u00e9mico\u00a0 brinda importantes paneles, charlas y workshops, en donde los operadores de telecomunicaciones pueden conocer de primera mano, el c\u00f3mo desarrollar sus sistemas y avanzar en sus negocio, as\u00ed como tambi\u00e9n es una oportunidad para aquellos t\u00e9cnicos e ingenieros, que puedan certificarse y poder tener un mejor respaldo en lo laboral.<\/p>\n<p>La gran asistencia confirma la importancia de ANDINALINK, una cita clave para establecer negocios, conocer las \u00faltimas tendencias y valorar los espacios de networking, para la industria de la TV paga y las telecomunicaciones de la regi\u00f3n.<\/p>\n<p>Tambi\u00e9n participa <strong>Nicol\u00e1s Silva<\/strong>, presidente de la Comisi\u00f3n de Regulaci\u00f3n de Comunicaciones de Colombia (CRC).<\/p>\n<p><span style=\"color: #ff0000;\"><strong>DATOS IMPORTANTES DEL EVENTO<\/strong><\/span><\/p>\n<p>M\u00e1s de 140 estands, 28 m\u00e1s que en 2022 y una muestra comercial con alrededor de 50 expositores m\u00e1s que el evento anterior, seg\u00fan Arango. El evento incluye los paneles FICA (Foro Iberoamericano de la Convergencia y el Audiovisual), que es una de las actividades principales junto con los cursos y comparte temas para el sector audiovisual como: \u2018Presente y futuro del sector audiovisual en Latinoam\u00e9rica\u2019; \u2018El desaf\u00edo de las plataformas OTT para la industria de las comunicaciones en LATAM\u2019; o \u2018Algoritmos en la industria audiovisual\u2019.<\/p>\n<p>Las Smart Cities. Discusiones de las diversas facetas de los Territorios Inteligentes: temas regulatorios hasta aspectos tecnol\u00f3gicos, sociales, medioambientales, econ\u00f3micos y comerciales. De esta manera se analizan los desaf\u00edos para promover la transformaci\u00f3n digital en Latino am\u00e9rica.<\/p>\n<p><img loading=\"lazy\" decoding=\"async\" class=\"size-thumbnail wp-image-66269 alignleft\" src=\"https:\/\/tvmasmagazine.com\/wp-content\/uploads\/2023\/02\/Redaccion-TVMAS-150x30.png\" alt=\"\" width=\"150\" height=\"30\" srcset=\"https:\/\/tvmasmagazine.com\/wp-content\/uploads\/2023\/02\/Redaccion-TVMAS-150x30.png 150w, https:\/\/tvmasmagazine.com\/wp-content\/uploads\/2023\/02\/Redaccion-TVMAS-350x70.png 350w, https:\/\/tvmasmagazine.com\/wp-content\/uploads\/2023\/02\/Redaccion-TVMAS.png 745w\" sizes=\"auto, (max-width: 150px) 100vw, 150px\" \/><\/p>","protected":false},"excerpt":{"rendered":"<p>EVENTOS | NEGOCIOS Estrenando nueva sede en el Centro de Convenciones del hotel Las Am\u00e9ricas de Cartagena de Indias el <a class=\"more-link\" href=\"https:\/\/tvmasmagazine.com\/es\/2023\/03\/09\/andina-link-2023-en-cartagena-con-cambio-de-sede\/\">&#8230;<\/a><\/p>\n","protected":false},"author":1,"featured_media":66321,"comment_status":"open","ping_status":"closed","sticky":false,"template":"","format":"standard","meta":{"footnotes":""},"categories":[80,47],"tags":[],"class_list":["post-66320","post","type-post","status-publish","format-standard","has-post-thumbnail","hentry","category-ott","category-tv-de-pagp"],"_links":{"self":[{"href":"https:\/\/tvmasmagazine.com\/es\/wp-json\/wp\/v2\/posts\/66320","targetHints":{"allow":["GET"]}}],"collection":[{"href":"https:\/\/tvmasmagazine.com\/es\/wp-json\/wp\/v2\/posts"}],"about":[{"href":"https:\/\/tvmasmagazine.com\/es\/wp-json\/wp\/v2\/types\/post"}],"author":[{"embeddable":true,"href":"https:\/\/tvmasmagazine.com\/es\/wp-json\/wp\/v2\/users\/1"}],"replies":[{"embeddable":true,"href":"https:\/\/tvmasmagazine.com\/es\/wp-json\/wp\/v2\/comments?post=66320"}],"version-history":[{"count":5,"href":"https:\/\/tvmasmagazine.com\/es\/wp-json\/wp\/v2\/posts\/66320\/revisions"}],"predecessor-version":[{"id":66371,"href":"https:\/\/tvmasmagazine.com\/es\/wp-json\/wp\/v2\/posts\/66320\/revisions\/66371"}],"wp:featuredmedia":[{"embeddable":true,"href":"https:\/\/tvmasmagazine.com\/es\/wp-json\/wp\/v2\/media\/66321"}],"wp:attachment":[{"href":"https:\/\/tvmasmagazine.com\/es\/wp-json\/wp\/v2\/media?parent=66320"}],"wp:term":[{"taxonomy":"category","embeddable":true,"href":"https:\/\/tvmasmagazine.com\/es\/wp-json\/wp\/v2\/categories?post=66320"},{"taxonomy":"post_tag","embeddable":true,"href":"https:\/\/tvmasmagazine.com\/es\/wp-json\/wp\/v2\/tags?post=66320"}],"curies":[{"name":"wp","href":"https:\/\/api.w.org\/{rel}","templated":true}]}}