{"id":66588,"date":"2023-05-04T13:33:05","date_gmt":"2023-05-04T16:33:05","guid":{"rendered":"https:\/\/tvmasmagazine.com\/?p=66588"},"modified":"2023-05-05T01:28:25","modified_gmt":"2023-05-05T04:28:25","slug":"cnn-cobertura-especial-en-vivo-de-la-coronacion-del-rey-carlos-iii","status":"publish","type":"post","link":"https:\/\/tvmasmagazine.com\/es\/2023\/05\/04\/cnn-cobertura-especial-en-vivo-de-la-coronacion-del-rey-carlos-iii\/","title":{"rendered":"CNN cobertura especial en vivo de la coronaci\u00f3n del REY CARLOS III"},"content":{"rendered":"<p><strong><span style=\"color: #ff0000;\">ESPECIALES<\/span><\/strong><\/p>\n<p><strong><span style=\"color: #000080;\">El presentador, Anderson Cooper, encabezar\u00e1 la cobertura especial en vivo de CNN el s\u00e1bado 6 de mayo a partir de las 5 am ET a las afueras del Palacio de Buckingham con an\u00e1lisis y reportes de Christiane Amanpour y Max Foster.<\/span><\/strong><\/p>\n<p><a href=\"https:\/\/edition.cnn.com\/\"><img loading=\"lazy\" decoding=\"async\" class=\"aligncenter wp-image-66609 size-full\" src=\"https:\/\/tvmasmagazine.com\/wp-content\/uploads\/2023\/05\/CARLOS-REY-1.jpg\" alt=\"\" width=\"1280\" height=\"720\" srcset=\"https:\/\/tvmasmagazine.com\/wp-content\/uploads\/2023\/05\/CARLOS-REY-1.jpg 1280w, https:\/\/tvmasmagazine.com\/wp-content\/uploads\/2023\/05\/CARLOS-REY-1-350x197.jpg 350w, https:\/\/tvmasmagazine.com\/wp-content\/uploads\/2023\/05\/CARLOS-REY-1-1024x576.jpg 1024w, https:\/\/tvmasmagazine.com\/wp-content\/uploads\/2023\/05\/CARLOS-REY-1-150x84.jpg 150w, https:\/\/tvmasmagazine.com\/wp-content\/uploads\/2023\/05\/CARLOS-REY-1-768x432.jpg 768w\" sizes=\"auto, (max-width: 1280px) 100vw, 1280px\" \/><\/a><\/p>\n<p><strong><span style=\"color: #000080;\">CNN, es una divisi\u00f3n de Warner Bros. Discovery. Tambi\u00e9n brindar\u00e1 la perspectiva de los pa\u00edses de la Commonwealth, incluidos India, Australia y Kenia. CNN Digital brindar\u00e1 a los usuarios una cobertura integral en los d\u00edas previos a la coronaci\u00f3n, que incluye un interactivo inmersivo sobre el Rey Carlos III.<\/span><\/strong><\/p>\n<p>Los presentadores de CNN Richard Quest y Julia Chatterley contribuir\u00e1n a la cobertura desde el estudio de la cadena en Londres junto con la historiadora real del canal Kate Williams, los comentaristas reales de la se\u00f1al, Emily Nash, Sally Bedell Smith y la colaboradora Trisha Goddard. Proporcionar\u00e1n un an\u00e1lisis\u00a0 y compartir\u00e1n sus perspectivas \u00fanicas sobre la hist\u00f3rica coronaci\u00f3n.<\/p>\n<p>Los reporteros se colocar\u00e1n a lo largo de la ruta de la procesi\u00f3n de coronaci\u00f3n, incluyendo a Bianca Nobilo frente a la Abad\u00eda de Westminster, Salma Abdelaziz y Matthew Chance, quienes informar\u00e1n en vivo desde las multitudes reunidas a lo largo del Mall, y Anna Stewart. Los reporteros de CNN tambi\u00e9n brindar\u00e1n la perspectiva de los pa\u00edses de la Commonwealth, incluidos India, Australia y Kenia.<\/p>\n<p>Adem\u00e1s transmitir\u00e1 la cobertura anticipada de la coronaci\u00f3n a partir de la 1 am ET con la presentadora Isa Soares afuera del Palacio de Buckingham y actualizaciones en vivo de Nada Bashir, Christina Macfarlane y Anna Stewart en Londres.<\/p>\n<p>El programa incluyo una vista previa de la coronaci\u00f3n del Rey Carlos III y la Reina Camila en un nuevo episodio de The Whole Story con Anderson Cooper el pasado domingo 30 de abril a las 8 pm ET. Reportado por Erica Hill, \u201cThe Reign Begins: Charles and Camilla\u201d con entrevistas con los principales expertos en la familia real brit\u00e1nica y muchos cercanos a los Windsor mientras reflexionan sobre el pasado, presente y futuro de estos nuevos soberanos.<\/p>\n<p>CNN Digital brindar\u00e1 a los usuarios una cobertura integral en los d\u00edas previos a la coronaci\u00f3n, que incluye un interactivo inmersivo sobre el Rey Carlos III y la nueva l\u00ednea real de sucesi\u00f3n, galer\u00edas de fotos, explicaciones, una edici\u00f3n especial de coronaci\u00f3n del bolet\u00edn Royal News y actualizaciones en vivo el d\u00eda de la coronaci\u00f3n.<\/p>\n<p>La Coronaci\u00f3n del Rey Carlos III se transmitir\u00e1 el s\u00e1bado 6 de mayo de 5 am a 12 pm ET por CNN, CNN International y CNN en espa\u00f1ol.<\/p>\n<p>La cobertura de La Coronaci\u00f3n del Rey Carlos III se transmitir\u00e1 en vivo, sin necesidad de cable, de 5 am a 10 am ET\/10 am a 3 pm BST para que los usuarios de todo el mundo puedan verla en l\u00ednea. La transmisi\u00f3n estar\u00e1 disponible en CNN.com y a trav\u00e9s de las aplicaciones de CNN para iOS y Android. Tambi\u00e9n se puede ver en las aplicaciones de CNN para Apple TV, Roku, Amazon Fire, Chromecast y Android TV.<\/p>\n<p><img loading=\"lazy\" decoding=\"async\" class=\"size-thumbnail wp-image-66269 alignleft\" src=\"https:\/\/tvmasmagazine.com\/wp-content\/uploads\/2023\/02\/Redaccion-TVMAS-150x30.png\" alt=\"\" width=\"150\" height=\"30\" srcset=\"https:\/\/tvmasmagazine.com\/wp-content\/uploads\/2023\/02\/Redaccion-TVMAS-150x30.png 150w, https:\/\/tvmasmagazine.com\/wp-content\/uploads\/2023\/02\/Redaccion-TVMAS-350x70.png 350w, https:\/\/tvmasmagazine.com\/wp-content\/uploads\/2023\/02\/Redaccion-TVMAS.png 745w\" sizes=\"auto, (max-width: 150px) 100vw, 150px\" \/><\/p>","protected":false},"excerpt":{"rendered":"<p>ESPECIALES El presentador, Anderson Cooper, encabezar\u00e1 la cobertura especial en vivo de CNN el s\u00e1bado 6 de mayo a partir <a class=\"more-link\" href=\"https:\/\/tvmasmagazine.com\/es\/2023\/05\/04\/cnn-cobertura-especial-en-vivo-de-la-coronacion-del-rey-carlos-iii\/\">&#8230;<\/a><\/p>\n","protected":false},"author":1,"featured_media":66589,"comment_status":"open","ping_status":"closed","sticky":false,"template":"","format":"standard","meta":{"footnotes":""},"categories":[80,79,47],"tags":[],"class_list":["post-66588","post","type-post","status-publish","format-standard","has-post-thumbnail","hentry","category-ott","category-tv-abierta","category-tv-de-pagp"],"_links":{"self":[{"href":"https:\/\/tvmasmagazine.com\/es\/wp-json\/wp\/v2\/posts\/66588","targetHints":{"allow":["GET"]}}],"collection":[{"href":"https:\/\/tvmasmagazine.com\/es\/wp-json\/wp\/v2\/posts"}],"about":[{"href":"https:\/\/tvmasmagazine.com\/es\/wp-json\/wp\/v2\/types\/post"}],"author":[{"embeddable":true,"href":"https:\/\/tvmasmagazine.com\/es\/wp-json\/wp\/v2\/users\/1"}],"replies":[{"embeddable":true,"href":"https:\/\/tvmasmagazine.com\/es\/wp-json\/wp\/v2\/comments?post=66588"}],"version-history":[{"count":2,"href":"https:\/\/tvmasmagazine.com\/es\/wp-json\/wp\/v2\/posts\/66588\/revisions"}],"predecessor-version":[{"id":66610,"href":"https:\/\/tvmasmagazine.com\/es\/wp-json\/wp\/v2\/posts\/66588\/revisions\/66610"}],"wp:featuredmedia":[{"embeddable":true,"href":"https:\/\/tvmasmagazine.com\/es\/wp-json\/wp\/v2\/media\/66589"}],"wp:attachment":[{"href":"https:\/\/tvmasmagazine.com\/es\/wp-json\/wp\/v2\/media?parent=66588"}],"wp:term":[{"taxonomy":"category","embeddable":true,"href":"https:\/\/tvmasmagazine.com\/es\/wp-json\/wp\/v2\/categories?post=66588"},{"taxonomy":"post_tag","embeddable":true,"href":"https:\/\/tvmasmagazine.com\/es\/wp-json\/wp\/v2\/tags?post=66588"}],"curies":[{"name":"wp","href":"https:\/\/api.w.org\/{rel}","templated":true}]}}