{"id":6665,"date":"2013-10-28T00:32:19","date_gmt":"2013-10-28T03:32:19","guid":{"rendered":"http:\/\/www.tvmasmagazine.com\/?p=6665"},"modified":"2015-03-17T19:04:54","modified_gmt":"2015-03-17T18:04:54","slug":"a-corazon-abierto-la-mejor-adaptacion-en-latinoamerica","status":"publish","type":"post","link":"https:\/\/tvmasmagazine.com\/es\/2013\/10\/28\/a-corazon-abierto-la-mejor-adaptacion-en-latinoamerica\/","title":{"rendered":"&#8217;A coraz\u00f3n abierto\u2019, la mejor adaptaci\u00f3n en Latinoam\u00e9rica"},"content":{"rendered":"<p><div id=\"attachment_6666\" style=\"width: 210px\" class=\"wp-caption alignleft\"><a href=\"http:\/\/www.tvmasmagazine.com\/wp-content\/uploads\/2013\/10\/Fernando-Gait\u00e1n-2_text.jpg\"><img loading=\"lazy\" decoding=\"async\" aria-describedby=\"caption-attachment-6666\" class=\"size-medium wp-image-6666\" alt=\"Colombian journalist and writer Fernando Gait\u00e1n creator of Yo Soy Betty la fea\" src=\"http:\/\/www.tvmasmagazine.com\/wp-content\/uploads\/2013\/10\/Fernando-Gait\u00e1n-2_text-200x300.jpg\" width=\"200\" height=\"300\" srcset=\"https:\/\/tvmasmagazine.com\/wp-content\/uploads\/2013\/10\/Fernando-Gait\u00e1n-2_text-200x300.jpg 200w, https:\/\/tvmasmagazine.com\/wp-content\/uploads\/2013\/10\/Fernando-Gait\u00e1n-2_text.jpg 236w\" sizes=\"auto, (max-width: 200px) 100vw, 200px\" \/><\/a><p id=\"caption-attachment-6666\" class=\"wp-caption-text\">El periodista y escritor colombiano Fernando Gait\u00e1n creador de Yo Soy Betty la fea.<\/p><\/div><\/p>\n<p id=\"yui_3_13_0_1_1382926862877_10665\">La adaptaci\u00f3n de Grey\u2019s Anatomy realizada por el escritor colombiano Fernando Gait\u00e1n, quien lidero un taller literario de un grupo de escritores y libretistas, es catalogada la mejor adaptaci\u00f3n en los \u00faltimos a\u00f1os en toda la regi\u00f3n.<\/p>\n<p id=\"yui_3_13_0_1_1382926862877_10667\">Y es que luego de adaptaciones que defraudaron al p\u00fablico realizadas en M\u00e9xico, Colombia y Brasil, A coraz\u00f3n abierto se lleva todos los aplausos y todas las medallas.<\/p>\n<p id=\"yui_3_13_0_1_1382926862877_10669\">La idea surgi\u00f3 en la cabeza de Jaime Sanchez Cristo, presidente de Vista Productions quien le propone a Fernando Barbosa,\u00a0 vicepresidente senior de distribuci\u00f3n de Disney Media Networks Latin America que hagan una s\u00faper serie comandada por Fernando Gait\u00e1n. All\u00ed entra el s\u00ed del reconocido productor venezolano Leonardo Aranguibel y con Fernando Gait\u00e1n se dieron a la tarea de tan valiente y novedosa iniciativa.<\/p>\n<p id=\"yui_3_13_0_1_1382926862877_10671\">La superserie deb\u00eda tener resortes y el esquema de la telenovela, no solo en su narrativa, sino tambi\u00e9n en la forma de entregarla diariamente al p\u00fablico. \u00bfEl resultado? Un \u00e9xito inminente que tambi\u00e9n fue llevado en su versi\u00f3n local a M\u00e9xico en una adaptaci\u00f3n del propio Gait\u00e1n. (TV Azteca).<\/p>\n<p id=\"yui_3_13_0_1_1382926862877_10701\">El canal emisor en Colombia fue\u00a0 RCN liderada por Gabriel Reyes, un experto en el negocio de la televisi\u00f3n y quien mantiene v\u00ednculos comerciales con VISTA y con Disney.<\/p>\n<p id=\"yui_3_13_0_1_1382926862877_10674\">Para entonces Fernando Gaitan era libretista exclusivo del Canal RCN, analiz\u00f3 la serie con un equipo de libretistas\u00a0 (Fernan Rivera, Elkin Ospina y Monica Agudelo) y ver la viabilidad de adaptar cultural y estructuralmente la serie al \u00e1mbito latinoamericano y m\u00e1s particularmente al colombiano.<\/p>\n<p id=\"yui_3_13_0_1_1382926862877_10676\">Se trataba de trasplantar un sistema sofisticado de medicina norteamericana a nivel social y econ\u00f3mico en el conflictivo sistema de salud colombiana y latinoamericana, y por otro lado, pasar la obra de su g\u00e9nero de serie semanal a serie novelada de exhibici\u00f3n diaria de lunes a viernes.<\/p>\n<p id=\"yui_3_13_0_1_1382926862877_10678\">De estos an\u00e1lisis, Fernando Gait\u00e1n dise\u00f1\u00f3 la adaptaci\u00f3n estructural, que inclu\u00eda la variaci\u00f3n de muchas l\u00edneas dram\u00e1ticas de la versi\u00f3n original, as\u00ed como la creaci\u00f3n de nuevos personajes y nuevas situaciones respetando el esp\u00edritu general de la obra.<\/p>\n<p id=\"yui_3_13_0_1_1382926862877_10679\">Por esa \u00e9poca, las directivas de RCN Televisi\u00f3n llamaron a Fernando Gaitan a que asumiera la Vice Presidencia de Producto del Canal, y entonces se contrat\u00f3 al gran escritor y guionista venezolano Ibsen Mart\u00ednez (Por Estas Calles), para que liderara un grupo de libretistas que deb\u00edan realizar la adaptaci\u00f3n bajo los lineamientos trazados por Gait\u00e1n.<\/p>\n<p id=\"yui_3_13_0_1_1382926862877_10703\">El primer equipo se conform\u00f3 entonces con Mauricio Guerra, Cecilia Percy y Sandra Gait\u00e1n en la investigaci\u00f3n, bajo la batuta de Ibsen Mart\u00ednez. Sin embargo, por temas de tiempo y sincronizaciones con el equipo, Ibsen se retir\u00f3 del proyecto, y la cabeza fue asumida entonces por el escritor Mauricio Miranda, que asumi\u00f3 el rol de Ibsen.<\/p>\n<p id=\"yui_3_13_0_1_1382926862877_10707\">A partir de este momento, Gait\u00e1n retoma, esta vez desde la Vicepresidencia, las riendas de los cap\u00edtulos con Miranda y el equipo de libretistas y co escribe los 10 primeros cap\u00edtulos.<\/p>\n<p id=\"yui_3_13_0_1_1382926862877_10709\">Miranda continu\u00f3 liderando el grupo por varios meses, bajo la supervisi\u00f3n de Gait\u00e1n, hasta cuando se present\u00f3 una crisis al interior del equipo que gener\u00f3 la salida de Mauricio Miranda y Mauricio Guerra.<\/p>\n<p id=\"yui_3_13_0_1_1382926862877_10712\">Entonces Gait\u00e1n llam\u00f3 de manera urgente a dos calificados escritores del Canal, Fernan Rivera y Elkin Ospina (quienes hab\u00edan participado en el an\u00e1lisis de la adaptaci\u00f3n) y tomaron las riendas del equipo, realizando gran parte de la primera temporada y toda la segunda temporada de la exitosa serie.<\/p>\n<p id=\"yui_3_13_0_1_1382926862877_10713\">La producci\u00f3n ejecutiva de este proyecto estuvo a cargo de Fernando Barbosa y Leonardo Aranguibel de Disney Media Networks Latin America y\u00a0 Jaime S\u00e1nchez Cristo de Vista Productions; Sergio Osorio fue el director general y Silvia Duran la Productora general.<\/p>\n<p><\/p>","protected":false},"excerpt":{"rendered":"<p>La adaptaci\u00f3n de Grey\u2019s Anatomy realizada por el escritor colombiano Fernando Gait\u00e1n, quien lidero un taller literario de un grupo <a class=\"more-link\" href=\"https:\/\/tvmasmagazine.com\/es\/2013\/10\/28\/a-corazon-abierto-la-mejor-adaptacion-en-latinoamerica\/\">&#8230;<\/a><\/p>\n","protected":false},"author":1,"featured_media":6667,"comment_status":"closed","ping_status":"closed","sticky":false,"template":"","format":"standard","meta":{"footnotes":""},"categories":[49,73],"tags":[],"class_list":["post-6665","post","type-post","status-publish","format-standard","has-post-thumbnail","hentry","category-entrevistas","category-telenovelas-series"],"_links":{"self":[{"href":"https:\/\/tvmasmagazine.com\/es\/wp-json\/wp\/v2\/posts\/6665","targetHints":{"allow":["GET"]}}],"collection":[{"href":"https:\/\/tvmasmagazine.com\/es\/wp-json\/wp\/v2\/posts"}],"about":[{"href":"https:\/\/tvmasmagazine.com\/es\/wp-json\/wp\/v2\/types\/post"}],"author":[{"embeddable":true,"href":"https:\/\/tvmasmagazine.com\/es\/wp-json\/wp\/v2\/users\/1"}],"replies":[{"embeddable":true,"href":"https:\/\/tvmasmagazine.com\/es\/wp-json\/wp\/v2\/comments?post=6665"}],"version-history":[{"count":5,"href":"https:\/\/tvmasmagazine.com\/es\/wp-json\/wp\/v2\/posts\/6665\/revisions"}],"predecessor-version":[{"id":9003,"href":"https:\/\/tvmasmagazine.com\/es\/wp-json\/wp\/v2\/posts\/6665\/revisions\/9003"}],"wp:featuredmedia":[{"embeddable":true,"href":"https:\/\/tvmasmagazine.com\/es\/wp-json\/wp\/v2\/media\/6667"}],"wp:attachment":[{"href":"https:\/\/tvmasmagazine.com\/es\/wp-json\/wp\/v2\/media?parent=6665"}],"wp:term":[{"taxonomy":"category","embeddable":true,"href":"https:\/\/tvmasmagazine.com\/es\/wp-json\/wp\/v2\/categories?post=6665"},{"taxonomy":"post_tag","embeddable":true,"href":"https:\/\/tvmasmagazine.com\/es\/wp-json\/wp\/v2\/tags?post=6665"}],"curies":[{"name":"wp","href":"https:\/\/api.w.org\/{rel}","templated":true}]}}