{"id":66760,"date":"2023-05-23T14:36:03","date_gmt":"2023-05-23T17:36:03","guid":{"rendered":"https:\/\/tvmasmagazine.com\/?p=66760"},"modified":"2023-05-24T00:20:57","modified_gmt":"2023-05-24T03:20:57","slug":"rtve-de-espana-y-rtp-de-portugal-llevan-a-latinoamerica-la-primera-coproduccion-sequia","status":"publish","type":"post","link":"https:\/\/tvmasmagazine.com\/es\/2023\/05\/23\/rtve-de-espana-y-rtp-de-portugal-llevan-a-latinoamerica-la-primera-coproduccion-sequia\/","title":{"rendered":"RTVE de Espa\u00f1a y RTP de Portugal llevan a Latinoam\u00e9rica la primera coproducci\u00f3n \u201cSequ\u00eda\u201d"},"content":{"rendered":"<p><img loading=\"lazy\" decoding=\"async\" class=\"aligncenter wp-image-66761 size-full\" src=\"https:\/\/tvmasmagazine.com\/wp-content\/uploads\/2023\/05\/SEQUIA-RTVE.png\" alt=\"\" width=\"313\" height=\"446\" srcset=\"https:\/\/tvmasmagazine.com\/wp-content\/uploads\/2023\/05\/SEQUIA-RTVE.png 313w, https:\/\/tvmasmagazine.com\/wp-content\/uploads\/2023\/05\/SEQUIA-RTVE-246x350.png 246w, https:\/\/tvmasmagazine.com\/wp-content\/uploads\/2023\/05\/SEQUIA-RTVE-105x150.png 105w\" sizes=\"auto, (max-width: 313px) 100vw, 313px\" \/><\/p>\n<p><strong><span style=\"color: #000080;\">AMC Networks International Latin America cierra acuerdo para la primera serie coproducida entre los canales de televisi\u00f3n p\u00fablica de Espa\u00f1a y de Portugal a trav\u00e9s del canal \u2018Europa Europa\u2019.<\/span><\/strong><\/p>\n<p>Las dos cadenas p\u00fablicas, junto a las productoras, <strong>Atlantia Media<\/strong> y <strong>Coral Europa<\/strong>, unieron esfuerzos para esta producci\u00f3n rodada en escenarios naturales de Madrid, Extremadura y Lisboa. Con ingredientes de amor, ambici\u00f3n, traici\u00f3n, avaricia y un crimen sin resolver. Est\u00e1 protagonizada por <strong>Elena Rivera, Rodolfo Sancho, Marco D\u2019Almeida, Miryam Gallego y Miguel\u00a0 \u00c1ngel Mu\u00f1oz. <\/strong><\/p>\n<p><strong><span style=\"color: #ff0000;\">LA HISTORIA.<\/span> <\/strong>La sequ\u00eda prolongada hace que el embalse de Campomediano, en la frontera entre Espa\u00f1a y Portugal, se seque y emerja el pueblo que qued\u00f3 inundado tras su construcci\u00f3n. Pero hay un hallazgo macabro: dos cad\u00e1veres momificados con heridas de bala. La inspectora Daniela Yanes y el periodista de investigaci\u00f3n \u00d3scar Santos sospechan que los cuerpos pudieran estar relacionados con las protestas ecologistas que buscaban evitar la creaci\u00f3n del embalse. Uno de los muertos podr\u00eda ser el heredero de la fortuna Souza\u00a0 Cardoso, desaparecido a\u00f1os atr\u00e1s.<\/p>\n<p>La serie presenta a dos familias influyentes de Espa\u00f1a y Portugal. En el medio de los dos mundos, la polic\u00eda espa\u00f1ola y portuguesa, intentan desentra\u00f1ar la verdad.<\/p>\n<p>Es un thriller mezclado con \u2018family noir\u2019 y busca llegar directo al espectador no por la trama sino por \u201cel viaje emocional\u201d de sus protagonistas\u201d.<\/p>\n<p>&nbsp;<\/p>\n<p>Redacci\u00f3n TVMAS<\/p>","protected":false},"excerpt":{"rendered":"<p>AMC Networks International Latin America cierra acuerdo para la primera serie coproducida entre los canales de televisi\u00f3n p\u00fablica de Espa\u00f1a <a class=\"more-link\" href=\"https:\/\/tvmasmagazine.com\/es\/2023\/05\/23\/rtve-de-espana-y-rtp-de-portugal-llevan-a-latinoamerica-la-primera-coproduccion-sequia\/\">&#8230;<\/a><\/p>\n","protected":false},"author":1,"featured_media":66761,"comment_status":"open","ping_status":"closed","sticky":false,"template":"","format":"standard","meta":{"footnotes":""},"categories":[40],"tags":[],"class_list":["post-66760","post","type-post","status-publish","format-standard","has-post-thumbnail","hentry","category-estrenos-old"],"_links":{"self":[{"href":"https:\/\/tvmasmagazine.com\/es\/wp-json\/wp\/v2\/posts\/66760","targetHints":{"allow":["GET"]}}],"collection":[{"href":"https:\/\/tvmasmagazine.com\/es\/wp-json\/wp\/v2\/posts"}],"about":[{"href":"https:\/\/tvmasmagazine.com\/es\/wp-json\/wp\/v2\/types\/post"}],"author":[{"embeddable":true,"href":"https:\/\/tvmasmagazine.com\/es\/wp-json\/wp\/v2\/users\/1"}],"replies":[{"embeddable":true,"href":"https:\/\/tvmasmagazine.com\/es\/wp-json\/wp\/v2\/comments?post=66760"}],"version-history":[{"count":5,"href":"https:\/\/tvmasmagazine.com\/es\/wp-json\/wp\/v2\/posts\/66760\/revisions"}],"predecessor-version":[{"id":66792,"href":"https:\/\/tvmasmagazine.com\/es\/wp-json\/wp\/v2\/posts\/66760\/revisions\/66792"}],"wp:featuredmedia":[{"embeddable":true,"href":"https:\/\/tvmasmagazine.com\/es\/wp-json\/wp\/v2\/media\/66761"}],"wp:attachment":[{"href":"https:\/\/tvmasmagazine.com\/es\/wp-json\/wp\/v2\/media?parent=66760"}],"wp:term":[{"taxonomy":"category","embeddable":true,"href":"https:\/\/tvmasmagazine.com\/es\/wp-json\/wp\/v2\/categories?post=66760"},{"taxonomy":"post_tag","embeddable":true,"href":"https:\/\/tvmasmagazine.com\/es\/wp-json\/wp\/v2\/tags?post=66760"}],"curies":[{"name":"wp","href":"https:\/\/api.w.org\/{rel}","templated":true}]}}