{"id":66819,"date":"2023-05-31T19:00:25","date_gmt":"2023-05-31T22:00:25","guid":{"rendered":"https:\/\/tvmasmagazine.com\/?p=66819"},"modified":"2023-06-13T08:06:24","modified_gmt":"2023-06-13T11:06:24","slug":"content-budapest-organiza-showcase-con-los-latinos","status":"publish","type":"post","link":"https:\/\/tvmasmagazine.com\/es\/2023\/05\/31\/content-budapest-organiza-showcase-con-los-latinos\/","title":{"rendered":"Content Budapest organiza showcase con los latinos"},"content":{"rendered":"<p><strong><span style=\"color: #ff0000;\">EVENTOS | EUROPA DEL ESTE | MERCADOS | NEGOCIOS | CONTENIDOS<\/span><\/strong><\/p>\n\n\t\t<!-- MasterSlider -->\n\t\t<div id=\"P_MS69f1c4a77228b\" class=\"master-slider-parent msl ms-parent-id-78\" style=\"max-width:800px;\">\n\n\t\t\t\n\t\t\t<!-- MasterSlider Main -->\n\t\t\t<div id=\"MS69f1c4a77228b\" class=\"master-slider ms-skin-default\" >\n\t\t\t\t \t\t\t\t \n\t\t\t\t<div  class=\"ms-slide\" data-delay=\"3\" data-fill-mode=\"fit\"  >\n\t\t\t\t\t<img decoding=\"async\" src=\"https:\/\/tvmasmagazine.com\/wp-content\/plugins\/master-slider\/public\/assets\/css\/blank.gif\" alt=\"\" title=\"\" data-src=\"https:\/\/tvmasmagazine.com\/wp-content\/uploads\/2023\/05\/CLAUDIA-SAHAB-e1685570627438.jpg\" \/>\n\n\t\t\t\t\t<div class=\"ms-info\"><p style=\"text-align: center;\"><strong>Claudia Sahab<\/strong><\/p><\/div>\n\n\n\t<div class=\"ms-thumb\" ><div class=\"ms-tab-context\"><div class=\"&quot;ms-tab-context&quot;\"><\/div><\/div>\n<\/div>\n\t\t\t\t<\/div>\n\t\t\t\t<div  class=\"ms-slide\" data-delay=\"3\" data-fill-mode=\"fit\"  >\n\t\t\t\t\t<img decoding=\"async\" src=\"https:\/\/tvmasmagazine.com\/wp-content\/plugins\/master-slider\/public\/assets\/css\/blank.gif\" alt=\"\" title=\"\" data-src=\"https:\/\/tvmasmagazine.com\/wp-content\/uploads\/2023\/05\/Gabriel-Doria-1-scaled-e1685570593797.jpg\" \/>\n\n\t\t\t\t\t<div class=\"ms-info\"><p style=\"text-align: center;\"><strong>Gabriel Doria<\/strong><\/p><\/div>\n\n\n\t<div class=\"ms-thumb\" ><div class=\"ms-tab-context\"><div class=\"&quot;ms-tab-context&quot;\"><\/div><\/div>\n<\/div>\n\t\t\t\t<\/div>\n\t\t\t\t<div  class=\"ms-slide\" data-delay=\"3\" data-fill-mode=\"fit\"  >\n\t\t\t\t\t<img decoding=\"async\" src=\"https:\/\/tvmasmagazine.com\/wp-content\/plugins\/master-slider\/public\/assets\/css\/blank.gif\" alt=\"\" title=\"\" data-src=\"https:\/\/tvmasmagazine.com\/wp-content\/uploads\/2023\/05\/Paloma-Garcia-Cuesta-e1685570553522.jpg\" \/>\n\n\t\t\t\t\t<div class=\"ms-info\"><p style=\"text-align: center;\"><strong>Paloma Garcia<\/strong><\/p><\/div>\n\n\n\t<div class=\"ms-thumb\" ><div class=\"ms-tab-context\"><div class=\"&quot;ms-tab-context&quot;\"><\/div><\/div>\n<\/div>\n\t\t\t\t<\/div>\n\n\t\t\t<\/div>\n\t\t\t<!-- END MasterSlider Main -->\n\n\t\t\t \n\t\t<\/div>\n\t\t<!-- END MasterSlider -->\n\n\t\t<script>\n\t\t(function ( $ ) {\n\t\t\t\"use strict\";\n\n\t\t\t$(function () {\n\t\t\t\tvar masterslider_228b = new MasterSlider();\n\n\t\t\t\t\/\/ slider controls\n\t\t\t\tmasterslider_228b.control('arrows'     ,{ autohide:false, overVideo:true  });\n\t\t\t\tmasterslider_228b.control('slideinfo'  ,{ autohide:false, overVideo:true, dir:'h', align:'bottom',inset:false , margin:10   });\n\t\t\t\t\/\/ slider setup\n\t\t\t\tmasterslider_228b.setup(\"MS69f1c4a77228b\", {\n\t\t\t\t\t\twidth           : 800,\n\t\t\t\t\t\theight          : 480,\n\t\t\t\t\t\tminHeight       : 0,\n\t\t\t\t\t\tspace           : 0,\n\t\t\t\t\t\tstart           : 1,\n\t\t\t\t\t\tgrabCursor      : true,\n\t\t\t\t\t\tswipe           : true,\n\t\t\t\t\t\tmouse           : true,\n\t\t\t\t\t\tlayout          : \"boxed\",\n\t\t\t\t\t\twheel           : false,\n\t\t\t\t\t\tautoplay        : false,\n\t\t\t\t\t\tinstantStartLayers:false,\n\t\t\t\t\t\tloop            : false,\n\t\t\t\t\t\tshuffle         : false,\n\t\t\t\t\t\tpreload         : 0,\n\t\t\t\t\t\theightLimit     : true,\n\t\t\t\t\t\tautoHeight      : false,\n\t\t\t\t\t\tsmoothHeight    : true,\n\t\t\t\t\t\tendPause        : false,\n\t\t\t\t\t\toverPause       : true,\n\t\t\t\t\t\tfillMode        : \"fill\",\n\t\t\t\t\t\tcenterControls  : true,\n\t\t\t\t\t\tstartOnAppear   : false,\n\t\t\t\t\t\tlayersMode      : \"center\",\n\t\t\t\t\t\thideLayers      : false,\n\t\t\t\t\t\tfullscreenMargin: 0,\n\t\t\t\t\t\tspeed           : 20,\n\t\t\t\t\t\tdir             : \"h\",\n\t\t\t\t\t\tparallaxMode    : 'swipe',\n\t\t\t\t\t\tview            : \"basic\"\n\t\t\t\t});\n\n\t\t\t\t\n\t\t\t\twindow.masterslider_instances = window.masterslider_instances || [];\n\t\t\t\twindow.masterslider_instances.push( masterslider_228b );\n\t\t\t });\n\n\t\t})(jQuery);\n\t\t<\/script>\n\n\n<p><span style=\"color: #000080;\"><strong>El mercado que se realizar\u00e1 entre el 27 y el 29 de junio en el Kempinski Hotel de la capital de Hungr\u00eda, confirm\u00f3 que realizar\u00e1 el primer \u201cLatin American Showcase\u201d para la regi\u00f3n CEE.<\/strong><\/span><\/p>\n<p><span style=\"color: #000080;\"><strong>La sesi\u00f3n se realizar\u00e1 el martes 27 de junio a las 16:15 horas y ser\u00e1 moderada por Fabricio Ferrara, director de desarrollo de negocios de Cveintiuno.<\/strong><\/span><\/p>\n<p>De acuerdo con los organizadores del evento <strong>(C21)<\/strong> y que compite por este mercado de Europa del este con <strong>NATPE Budapest<\/strong>, organizado por el grupo <strong>BRUNICO <\/strong>anuncian que ofrecer\u00e1n presentaciones a cargo de <strong>Claudia Sahab, directora de Ventas para Europa de TelevisaUnivision (M\u00e9xico\/Estados Unidos); Gabriel Doria, Ejecutivo senior de Distribuci\u00f3n y alianzas de contenidos de Globo (Brasil); y Paloma Garc\u00eda, directora de Ventas internacionales de Caracol TV (Colombia)<\/strong><\/p>\n<p><span style=\"background-color: yellow;\">La sesi\u00f3n se realizar\u00e1 el martes 27 de junio a las 16:15 horas<\/span> y ser\u00e1 moderada por Fabricio Ferrara, director de desarrollo de negocios de Cveintiuno.<\/p>\n<p>\u201cEl <em>Latin American Showcase<\/em> se suma a una potente agenda de actividades durante el evento, incluyendo el C21 Content Budapest Series Pitch, la Club C21 Boat Party y la sesi\u00f3n inaugural de los CEE100\u201d dicen los organizadores y agregan que el evento tiene confirmados m\u00e1s de 200 buyers registrados, incluyendo a commissioners senior y CEOs de canales de la regi\u00f3n y m\u00e1s de 150 compa\u00f1\u00edas. Clic para ver la lista completa de delegados: <a href=\"http:\/\/www.contentbudapest.tv\">www.contentbudapest.tv<\/a><\/p>\n<p>Redacci\u00f3n TVMAS<\/p>","protected":false},"excerpt":{"rendered":"<p>EVENTOS | EUROPA DEL ESTE | MERCADOS | NEGOCIOS | CONTENIDOS El mercado que se realizar\u00e1 entre el 27 y <a class=\"more-link\" href=\"https:\/\/tvmasmagazine.com\/es\/2023\/05\/31\/content-budapest-organiza-showcase-con-los-latinos\/\">&#8230;<\/a><\/p>\n","protected":false},"author":1,"featured_media":66471,"comment_status":"open","ping_status":"closed","sticky":false,"template":"","format":"standard","meta":{"footnotes":""},"categories":[15,244,80,256,79,47],"tags":[],"class_list":["post-66819","post","type-post","status-publish","format-standard","has-post-thumbnail","hentry","category-cine","category-eventos","category-ott","category-series","category-tv-abierta","category-tv-de-pagp"],"_links":{"self":[{"href":"https:\/\/tvmasmagazine.com\/es\/wp-json\/wp\/v2\/posts\/66819","targetHints":{"allow":["GET"]}}],"collection":[{"href":"https:\/\/tvmasmagazine.com\/es\/wp-json\/wp\/v2\/posts"}],"about":[{"href":"https:\/\/tvmasmagazine.com\/es\/wp-json\/wp\/v2\/types\/post"}],"author":[{"embeddable":true,"href":"https:\/\/tvmasmagazine.com\/es\/wp-json\/wp\/v2\/users\/1"}],"replies":[{"embeddable":true,"href":"https:\/\/tvmasmagazine.com\/es\/wp-json\/wp\/v2\/comments?post=66819"}],"version-history":[{"count":3,"href":"https:\/\/tvmasmagazine.com\/es\/wp-json\/wp\/v2\/posts\/66819\/revisions"}],"predecessor-version":[{"id":66825,"href":"https:\/\/tvmasmagazine.com\/es\/wp-json\/wp\/v2\/posts\/66819\/revisions\/66825"}],"wp:featuredmedia":[{"embeddable":true,"href":"https:\/\/tvmasmagazine.com\/es\/wp-json\/wp\/v2\/media\/66471"}],"wp:attachment":[{"href":"https:\/\/tvmasmagazine.com\/es\/wp-json\/wp\/v2\/media?parent=66819"}],"wp:term":[{"taxonomy":"category","embeddable":true,"href":"https:\/\/tvmasmagazine.com\/es\/wp-json\/wp\/v2\/categories?post=66819"},{"taxonomy":"post_tag","embeddable":true,"href":"https:\/\/tvmasmagazine.com\/es\/wp-json\/wp\/v2\/tags?post=66819"}],"curies":[{"name":"wp","href":"https:\/\/api.w.org\/{rel}","templated":true}]}}