{"id":66850,"date":"2023-06-15T17:15:17","date_gmt":"2023-06-15T20:15:17","guid":{"rendered":"https:\/\/tvmasmagazine.com\/?p=66850"},"modified":"2023-06-15T17:15:17","modified_gmt":"2023-06-15T20:15:17","slug":"sergio-cervantes-reyes-nuevo-director-de-tv-paga-de-tv-azteca-intl","status":"publish","type":"post","link":"https:\/\/tvmasmagazine.com\/es\/2023\/06\/15\/sergio-cervantes-reyes-nuevo-director-de-tv-paga-de-tv-azteca-intl\/","title":{"rendered":"Sergio Cervantes Reyes, nuevo director de TV paga de TV Azteca Int&#8217;l"},"content":{"rendered":"<p><strong><span style=\"color: #ff0000;\">NOMBRAMIENTOS | TV DE PAGO | PROGRAMACI\u00d3N<\/span><\/strong><\/p>\n<div id=\"attachment_66851\" style=\"width: 865px\" class=\"wp-caption aligncenter\"><img loading=\"lazy\" decoding=\"async\" aria-describedby=\"caption-attachment-66851\" class=\"wp-image-66851 size-full\" src=\"https:\/\/tvmasmagazine.com\/wp-content\/uploads\/2023\/06\/SERGIO-CERVANTES-REYES-TV-AZTECA.jpg\" alt=\"\" width=\"855\" height=\"550\" srcset=\"https:\/\/tvmasmagazine.com\/wp-content\/uploads\/2023\/06\/SERGIO-CERVANTES-REYES-TV-AZTECA.jpg 855w, https:\/\/tvmasmagazine.com\/wp-content\/uploads\/2023\/06\/SERGIO-CERVANTES-REYES-TV-AZTECA-350x225.jpg 350w, https:\/\/tvmasmagazine.com\/wp-content\/uploads\/2023\/06\/SERGIO-CERVANTES-REYES-TV-AZTECA-150x96.jpg 150w, https:\/\/tvmasmagazine.com\/wp-content\/uploads\/2023\/06\/SERGIO-CERVANTES-REYES-TV-AZTECA-768x494.jpg 768w\" sizes=\"auto, (max-width: 855px) 100vw, 855px\" \/><p id=\"caption-attachment-66851\" class=\"wp-caption-text\">Sergio Cervantes Reyes<\/p><\/div>\n<p><strong><span style=\"color: #000080;\">Cuenta con m\u00e1s de 25 a\u00f1os de experiencia en el \u00e1mbito de la TV paga, ocupando roles destacados en empresas l\u00edderes como Disney, Fox, y HBO entre otras.<\/span><\/strong><\/p>\n<p>Sergio Cervantes Reyes fue confirmado oficialmente este lunes 12 de junio como el nuevo director de TV de Paga de TV Azteca Internacional, para liderar y supervisar todas las operaciones de televisi\u00f3n de pago de la compa\u00f1\u00eda, la implementaci\u00f3n de estrategias de crecimiento y la b\u00fasqueda de oportunidades comerciales en el mercado nacional e internacional. Asume la posici\u00f3n que hasta abril pasado ocup\u00f3 Jorge Guti\u00e9rrez, quien es actualmente vicepresidente de Distribuci\u00f3n de Olympusat.<\/p>\n<p>Cervantes Reyes cuenta con m\u00e1s de 25 a\u00f1os de experiencia en el \u00e1mbito de la TV paga, ocupando roles destacados en empresas l\u00edderes como Disney, Fox, y HBO entre otras.<\/p>\n<p>\u201cAdicional a la reingenieria de nuestros productos y la nueva oferta de contenidos, uno de los puntos claves a fortalecer es nuestro equipo de ventas de TV de paga. Le doy la bienvenida a Sergio Cervantes al equipo ya que con su llegada, estamos listos para la siguiente etapa de TV Azteca Internacional, la cual est\u00e1 planteada en nuestros objetivos, que es: revolucionar el mercado de la TV de paga con una oferta de calidad\u201d, coment\u00f3 <strong>Fernando Mu\u00f1iz<\/strong>, desde marzo pasado director de Distribuci\u00f3n y Alianzas Estrategicas de <strong>TV Azteca Internacional<\/strong>.<\/p>\n<p>\u201cPara mi es un privilegio integrarme a este gran equipo de trabajo, adem\u00e1s de estar motivado y entusiasmado de aportar mi experiencia en este nuevo proyecto, que representa un gran reto para consolidar la nueva oferta de productos, y que sin duda posicionar\u00e1 a TV Azteca Internacional como uno de los principales programadores a nivel internacional con la visi\u00f3n y liderazgo de Fernando, a qui\u00e9n agradezco la oportunidad de poderme sumar a este gran equipo de profesionales\u201d, declar\u00f3 Cervantes.<\/p>\n<p>\u00abCon esta incorporaci\u00f3n estrat\u00e9gica, TV Azteca Internacional se encuentra en una posici\u00f3n privilegiada para seguir brindando a las audiencias una amplia variedad de contenidos atractivos y de alta calidad. Adem\u00e1s, consolidar\u00e1 su posici\u00f3n como uno de los principales proveedores de servicios de entretenimiento en Am\u00e9rica Latina\u00bb, destaca el comunicado de la compa\u00f1\u00eda.<\/p>\n<p>Redacci\u00f3n TVMAS<\/p>","protected":false},"excerpt":{"rendered":"<p>NOMBRAMIENTOS | TV DE PAGO | PROGRAMACI\u00d3N Cuenta con m\u00e1s de 25 a\u00f1os de experiencia en el \u00e1mbito de la <a class=\"more-link\" href=\"https:\/\/tvmasmagazine.com\/es\/2023\/06\/15\/sergio-cervantes-reyes-nuevo-director-de-tv-paga-de-tv-azteca-intl\/\">&#8230;<\/a><\/p>\n","protected":false},"author":1,"featured_media":66851,"comment_status":"open","ping_status":"closed","sticky":false,"template":"","format":"standard","meta":{"footnotes":""},"categories":[80,47],"tags":[],"class_list":["post-66850","post","type-post","status-publish","format-standard","has-post-thumbnail","hentry","category-ott","category-tv-de-pagp"],"_links":{"self":[{"href":"https:\/\/tvmasmagazine.com\/es\/wp-json\/wp\/v2\/posts\/66850","targetHints":{"allow":["GET"]}}],"collection":[{"href":"https:\/\/tvmasmagazine.com\/es\/wp-json\/wp\/v2\/posts"}],"about":[{"href":"https:\/\/tvmasmagazine.com\/es\/wp-json\/wp\/v2\/types\/post"}],"author":[{"embeddable":true,"href":"https:\/\/tvmasmagazine.com\/es\/wp-json\/wp\/v2\/users\/1"}],"replies":[{"embeddable":true,"href":"https:\/\/tvmasmagazine.com\/es\/wp-json\/wp\/v2\/comments?post=66850"}],"version-history":[{"count":1,"href":"https:\/\/tvmasmagazine.com\/es\/wp-json\/wp\/v2\/posts\/66850\/revisions"}],"predecessor-version":[{"id":66852,"href":"https:\/\/tvmasmagazine.com\/es\/wp-json\/wp\/v2\/posts\/66850\/revisions\/66852"}],"wp:featuredmedia":[{"embeddable":true,"href":"https:\/\/tvmasmagazine.com\/es\/wp-json\/wp\/v2\/media\/66851"}],"wp:attachment":[{"href":"https:\/\/tvmasmagazine.com\/es\/wp-json\/wp\/v2\/media?parent=66850"}],"wp:term":[{"taxonomy":"category","embeddable":true,"href":"https:\/\/tvmasmagazine.com\/es\/wp-json\/wp\/v2\/categories?post=66850"},{"taxonomy":"post_tag","embeddable":true,"href":"https:\/\/tvmasmagazine.com\/es\/wp-json\/wp\/v2\/tags?post=66850"}],"curies":[{"name":"wp","href":"https:\/\/api.w.org\/{rel}","templated":true}]}}