{"id":67428,"date":"2023-11-06T15:39:45","date_gmt":"2023-11-06T18:39:45","guid":{"rendered":"https:\/\/tvmasmagazine.com\/?p=67428"},"modified":"2023-12-09T19:36:50","modified_gmt":"2023-12-09T22:36:50","slug":"entrevista-rtve-este-2023-hizo-grandes-apuestas-en-contenido","status":"publish","type":"post","link":"https:\/\/tvmasmagazine.com\/es\/2023\/11\/06\/entrevista-rtve-este-2023-hizo-grandes-apuestas-en-contenido\/","title":{"rendered":"ENTREVISTA RTVE este 2023 hizo grandes apuestas en contenido"},"content":{"rendered":"<p><strong><span style=\"color: #ff0000;\">SERIES | EVENTOS | CONTENIDOS | NEGOCIOS<\/span><\/strong><\/p>\n<p><img loading=\"lazy\" decoding=\"async\" class=\"aligncenter size-full wp-image-67429\" src=\"https:\/\/tvmasmagazine.com\/wp-content\/uploads\/2023\/11\/LA-PROMESA-RTVE-OK-OK-.jpg\" alt=\"\" width=\"1600\" height=\"1045\" srcset=\"https:\/\/tvmasmagazine.com\/wp-content\/uploads\/2023\/11\/LA-PROMESA-RTVE-OK-OK-.jpg 1600w, https:\/\/tvmasmagazine.com\/wp-content\/uploads\/2023\/11\/LA-PROMESA-RTVE-OK-OK--350x229.jpg 350w, https:\/\/tvmasmagazine.com\/wp-content\/uploads\/2023\/11\/LA-PROMESA-RTVE-OK-OK--1024x669.jpg 1024w, https:\/\/tvmasmagazine.com\/wp-content\/uploads\/2023\/11\/LA-PROMESA-RTVE-OK-OK--150x98.jpg 150w, https:\/\/tvmasmagazine.com\/wp-content\/uploads\/2023\/11\/LA-PROMESA-RTVE-OK-OK--768x502.jpg 768w, https:\/\/tvmasmagazine.com\/wp-content\/uploads\/2023\/11\/LA-PROMESA-RTVE-OK-OK--1536x1003.jpg 1536w\" sizes=\"auto, (max-width: 1600px) 100vw, 1600px\" \/><\/p>\n<p><strong><span style=\"color: #000080;\">Mar\u00eda Jes\u00fas P\u00e9rez, directora comercial internacional de RTVE en esta conversaci\u00f3n con TV<span style=\"color: #ff0000;\">MAS<\/span> dijo que el anuncio de la coproducci\u00f3n de \u2018Cicatriz\u201d un thriller de acci\u00f3n en MIPCOM ha sido muy sonado.<\/span><\/strong><\/p>\n<div id=\"attachment_67430\" style=\"width: 1218px\" class=\"wp-caption aligncenter\"><img loading=\"lazy\" decoding=\"async\" aria-describedby=\"caption-attachment-67430\" class=\"size-full wp-image-67430\" src=\"https:\/\/tvmasmagazine.com\/wp-content\/uploads\/2023\/11\/Captura-de-Pantalla-2023-11-06-a-las-10.47.19.png\" alt=\"\" width=\"1208\" height=\"760\" srcset=\"https:\/\/tvmasmagazine.com\/wp-content\/uploads\/2023\/11\/Captura-de-Pantalla-2023-11-06-a-las-10.47.19.png 1208w, https:\/\/tvmasmagazine.com\/wp-content\/uploads\/2023\/11\/Captura-de-Pantalla-2023-11-06-a-las-10.47.19-350x220.png 350w, https:\/\/tvmasmagazine.com\/wp-content\/uploads\/2023\/11\/Captura-de-Pantalla-2023-11-06-a-las-10.47.19-1024x644.png 1024w, https:\/\/tvmasmagazine.com\/wp-content\/uploads\/2023\/11\/Captura-de-Pantalla-2023-11-06-a-las-10.47.19-150x94.png 150w, https:\/\/tvmasmagazine.com\/wp-content\/uploads\/2023\/11\/Captura-de-Pantalla-2023-11-06-a-las-10.47.19-768x483.png 768w\" sizes=\"auto, (max-width: 1208px) 100vw, 1208px\" \/><p id=\"caption-attachment-67430\" class=\"wp-caption-text\">Mar\u00eda Jes\u00fas P\u00e9rez<\/p><\/div>\n<p>La reconocida ejecutiva dice que esta coproducci\u00f3n \u201ces una noticia diferente sobre la adaptaci\u00f3n de una obra que tiene a pa\u00edses como M\u00e9xico, Espa\u00f1a y Serbia. \u00a0Es una historia que ocurre en Serbia y en Espa\u00f1a. Este thriller de acci\u00f3n, sin duda, es un proyecto ambicioso que abre un nuevo camino en las colaboraciones internacionales y ser\u00e1 una gran ficci\u00f3n con repercusi\u00f3n en el mercado global\u201d, dijo la directora <strong>Mar\u00eda Jes\u00fas P\u00e9rez.<\/strong><\/p>\n<p>La serie de ocho cap\u00edtulos ser\u00e1 grabada entre Serbia y Espa\u00f1a y empieza el rodaje a principios de noviembre. Cuenta con la colaboraci\u00f3n del estudio de producci\u00f3n paneuropeo <strong>Asacha Media Group<\/strong>. La productora serbia <strong>Adrenalin<\/strong> se ocupar\u00e1 del servicio en Serbia y <strong>RTVE<\/strong> se ha sumado, as\u00ed como <strong>Amazon<\/strong> <strong>Prime <\/strong>y <strong>Telekom Srbija<\/strong>. Esta adaptaci\u00f3n internacional ser\u00e1 producida por <strong>Plano a Plano<\/strong>, <strong>Asacha <\/strong>y <strong>Dopamine<\/strong>.<\/p>\n<p><span style=\"color: #ff0000;\"><strong>La experta ejecutiva tambi\u00e9n destac\u00f3 varias series de alto calibre<\/strong><\/span> como <em>\u2018<span style=\"color: #ff0000;\">La promesa<\/span>\u2019<\/em> y \u2018<em><span style=\"color: #ff0000;\">Dos vidas<\/span>\u2019<\/em> firmadas y cerradas para LATAM. Entre las novedades menciona a \u2018<em><span style=\"color: #ff0000;\">4 estrellas<\/span>\u2019<\/em> una serie diaria familiar que ha despertado mucho inter\u00e9s, as\u00ed como \u2018<em><span style=\"color: #ff0000;\">Operaci\u00f3n Vaduples<\/span>\u2019<\/em> una historia ambientada en la segunda guerra mundial en Huelva. Y varias series en fase de postproducci\u00f3n entre ellas \u2018<span style=\"color: #ff0000;\"><em>Sal\u00f3n de t\u00e9 la moderna<\/em><\/span>\u2019 y confiamos que este abanico de programaci\u00f3n siga emocionando a los consumidores que buscan el mejor entretenimiento\u201d<\/p>\n<p><iframe loading=\"lazy\" style=\"display: block; margin: auto;\" title=\"YouTube video player\" src=\"https:\/\/www.youtube.com\/embed\/eRCEFH-GX0w?si=eyhPl3gsQ28zJicN\" width=\"560\" height=\"315\" frameborder=\"0\" allowfullscreen=\"allowfullscreen\"><\/iframe><\/p>\n<p>Redacci\u00f3n TVMAS<\/p>","protected":false},"excerpt":{"rendered":"<p>SERIES | EVENTOS | CONTENIDOS | NEGOCIOS Mar\u00eda Jes\u00fas P\u00e9rez, directora comercial internacional de RTVE en esta conversaci\u00f3n con TVMAS <a class=\"more-link\" href=\"https:\/\/tvmasmagazine.com\/es\/2023\/11\/06\/entrevista-rtve-este-2023-hizo-grandes-apuestas-en-contenido\/\">&#8230;<\/a><\/p>\n","protected":false},"author":1,"featured_media":67429,"comment_status":"open","ping_status":"closed","sticky":false,"template":"","format":"standard","meta":{"footnotes":""},"categories":[15,49,80,256,79,47],"tags":[],"class_list":["post-67428","post","type-post","status-publish","format-standard","has-post-thumbnail","hentry","category-cine","category-entrevistas","category-ott","category-series","category-tv-abierta","category-tv-de-pagp"],"_links":{"self":[{"href":"https:\/\/tvmasmagazine.com\/es\/wp-json\/wp\/v2\/posts\/67428","targetHints":{"allow":["GET"]}}],"collection":[{"href":"https:\/\/tvmasmagazine.com\/es\/wp-json\/wp\/v2\/posts"}],"about":[{"href":"https:\/\/tvmasmagazine.com\/es\/wp-json\/wp\/v2\/types\/post"}],"author":[{"embeddable":true,"href":"https:\/\/tvmasmagazine.com\/es\/wp-json\/wp\/v2\/users\/1"}],"replies":[{"embeddable":true,"href":"https:\/\/tvmasmagazine.com\/es\/wp-json\/wp\/v2\/comments?post=67428"}],"version-history":[{"count":3,"href":"https:\/\/tvmasmagazine.com\/es\/wp-json\/wp\/v2\/posts\/67428\/revisions"}],"predecessor-version":[{"id":67435,"href":"https:\/\/tvmasmagazine.com\/es\/wp-json\/wp\/v2\/posts\/67428\/revisions\/67435"}],"wp:featuredmedia":[{"embeddable":true,"href":"https:\/\/tvmasmagazine.com\/es\/wp-json\/wp\/v2\/media\/67429"}],"wp:attachment":[{"href":"https:\/\/tvmasmagazine.com\/es\/wp-json\/wp\/v2\/media?parent=67428"}],"wp:term":[{"taxonomy":"category","embeddable":true,"href":"https:\/\/tvmasmagazine.com\/es\/wp-json\/wp\/v2\/categories?post=67428"},{"taxonomy":"post_tag","embeddable":true,"href":"https:\/\/tvmasmagazine.com\/es\/wp-json\/wp\/v2\/tags?post=67428"}],"curies":[{"name":"wp","href":"https:\/\/api.w.org\/{rel}","templated":true}]}}