{"id":67492,"date":"2023-11-24T18:25:40","date_gmt":"2023-11-24T21:25:40","guid":{"rendered":"https:\/\/tvmasmagazine.com\/?p=67492"},"modified":"2023-11-25T18:25:52","modified_gmt":"2023-11-25T21:25:52","slug":"rtve-empezara-a-emitir-en-ultra-alta-definicion-el-7-de-febrero-de-2024","status":"publish","type":"post","link":"https:\/\/tvmasmagazine.com\/es\/2023\/11\/24\/rtve-empezara-a-emitir-en-ultra-alta-definicion-el-7-de-febrero-de-2024\/","title":{"rendered":"RTVE EMPEZAR\u00c1 A EMITIR EN ULTRA ALTA DEFINICI\u00d3N EL 7 DE FEBRERO DE 2024"},"content":{"rendered":"<p><strong><span style=\"color: #ff0000;\">EVENTOS | TECNOLOG\u00cdA | CONTENIDOS AUDIOVISUALES | PREMIOS<\/span><\/strong><\/p>\n<div id=\"attachment_67495\" style=\"width: 810px\" class=\"wp-caption aligncenter\"><img loading=\"lazy\" decoding=\"async\" aria-describedby=\"caption-attachment-67495\" class=\"size-full wp-image-67495\" src=\"https:\/\/tvmasmagazine.com\/wp-content\/uploads\/2023\/11\/ANGEL-GARCIA-CASTILLEJO-RTVE-OK.jpg\" alt=\"\" width=\"800\" height=\"450\" srcset=\"https:\/\/tvmasmagazine.com\/wp-content\/uploads\/2023\/11\/ANGEL-GARCIA-CASTILLEJO-RTVE-OK.jpg 800w, https:\/\/tvmasmagazine.com\/wp-content\/uploads\/2023\/11\/ANGEL-GARCIA-CASTILLEJO-RTVE-OK-350x197.jpg 350w, https:\/\/tvmasmagazine.com\/wp-content\/uploads\/2023\/11\/ANGEL-GARCIA-CASTILLEJO-RTVE-OK-150x84.jpg 150w, https:\/\/tvmasmagazine.com\/wp-content\/uploads\/2023\/11\/ANGEL-GARCIA-CASTILLEJO-RTVE-OK-768x432.jpg 768w\" sizes=\"auto, (max-width: 800px) 100vw, 800px\" \/><p id=\"caption-attachment-67495\" class=\"wp-caption-text\">\u00c1ngel Garc\u00eda Castillejo<\/p><\/div>\n<p><strong><span style=\"color: #000080;\">\u00c1ngel Garc\u00eda Castillejo, director de pol\u00edticas audiovisuales de RTVE dijo en la novena edici\u00f3n de la 4K HDR realizada en M\u00e1laga extendida en formato hibrido hasta el pasado 16 de noviembre, \u201cempezaremos a emitir en Ultra Alta Definici\u00f3n a partir del pr\u00f3ximo 7 de febrero de 2024 \u00a0iniciando as\u00ed, una nueva era: mejor imagen, sonido y, por tanto, mejor servicio\u201d<\/span><\/strong><\/p>\n<p>En el evento organizado por <a href=\"https:\/\/www.medinamediaevents.com\/\"><strong>Medina Media Events<\/strong><\/a> con la presencia de las multinacionales y asociaciones m\u00e1s importantes en todo lo referente a la Ultra Alta Definici\u00f3n y la participaci\u00f3n de m\u00e1s de 40 ponentes de Am\u00e9rica, Europa y Asia cont\u00f3 con la presencia de personalidades del mundo 4K y 8K, as\u00ed como entidades, empresas y productoras de los \u00e1mbitos audiovisual y tecnol\u00f3gico.<\/p>\n<p><a href=\"https:\/\/www.france24.com\/es\/\"><img loading=\"lazy\" decoding=\"async\" class=\"aligncenter wp-image-66805 size-full\" src=\"https:\/\/tvmasmagazine.com\/wp-content\/uploads\/2023\/05\/unnamed-1-1.jpg\" alt=\"\" width=\"345\" height=\"100\" srcset=\"https:\/\/tvmasmagazine.com\/wp-content\/uploads\/2023\/05\/unnamed-1-1.jpg 345w, https:\/\/tvmasmagazine.com\/wp-content\/uploads\/2023\/05\/unnamed-1-1-150x43.jpg 150w\" sizes=\"auto, (max-width: 345px) 100vw, 345px\" \/><\/a><\/p>\n<p>Uno de los anuncios importantes lo hizo <strong>Radiotelevisi\u00f3n P\u00fablica Espa\u00f1ola (RTVE),<\/strong> que empezar\u00e1 a emitir en Ultra Alta Definici\u00f3n a partir del pr\u00f3ximo 7 de febrero de 2024. \u201cIniciamos una nueva era: el inicio de las retransmisiones en abierto en Ultra Alta Definici\u00f3n: mejor imagen, sonido y, por tanto, mejor servicio\u201d, dijo <strong>\u00c1ngel Garc\u00eda Castillejo<\/strong>, director de pol\u00edticas audiovisuales, servicio p\u00fablico e internacional de RTVE.<\/p>\n<div id=\"attachment_67496\" style=\"width: 1930px\" class=\"wp-caption aligncenter\"><img loading=\"lazy\" decoding=\"async\" aria-describedby=\"caption-attachment-67496\" class=\"wp-image-67496 size-full\" src=\"https:\/\/tvmasmagazine.com\/wp-content\/uploads\/2023\/11\/VICTOR-SANCHEZ-DE-RTVE.jpg\" alt=\"\" width=\"1920\" height=\"1080\" srcset=\"https:\/\/tvmasmagazine.com\/wp-content\/uploads\/2023\/11\/VICTOR-SANCHEZ-DE-RTVE.jpg 1920w, https:\/\/tvmasmagazine.com\/wp-content\/uploads\/2023\/11\/VICTOR-SANCHEZ-DE-RTVE-350x197.jpg 350w, https:\/\/tvmasmagazine.com\/wp-content\/uploads\/2023\/11\/VICTOR-SANCHEZ-DE-RTVE-1024x576.jpg 1024w, https:\/\/tvmasmagazine.com\/wp-content\/uploads\/2023\/11\/VICTOR-SANCHEZ-DE-RTVE-150x84.jpg 150w, https:\/\/tvmasmagazine.com\/wp-content\/uploads\/2023\/11\/VICTOR-SANCHEZ-DE-RTVE-768x432.jpg 768w, https:\/\/tvmasmagazine.com\/wp-content\/uploads\/2023\/11\/VICTOR-SANCHEZ-DE-RTVE-1536x864.jpg 1536w\" sizes=\"auto, (max-width: 1920px) 100vw, 1920px\" \/><p id=\"caption-attachment-67496\" class=\"wp-caption-text\">V\u00edctor S\u00e1nchez<\/p><\/div>\n<p>\u201cDesde el primer d\u00eda habr\u00e1 el m\u00e1ximo de cobertura y al 100% de la poblaci\u00f3n le podr\u00e1 llegar este canal\u201d que \u201cnacer\u00e1 de forma simult\u00e1nea al apagado del SD para que la migraci\u00f3n de canales se d\u00e9 por s\u00ed sola en una \u2018Re sintonizaci\u00f3n\u2019, adelant\u00f3 Garc\u00eda Castillejo sobre un hito en la televisi\u00f3n p\u00fablica cuyos aspectos t\u00e9cnicos han sido desgranados por <strong>V\u00edctor S\u00e1nchez<\/strong>, Director de Medios y Operaciones de TVE.<\/p>\n<p>\u201cDesde el punto de vista de la ingenier\u00eda ser\u00e1 uno de los grandes avances de los pr\u00f3ximos a\u00f1os, superior incluso al IP, pues el UHD lo va a poder apreciar el espectador\u201d, ha sostenido S\u00e1nchez, quien augura que \u201cuna vez que el espectador se acostumbre al UHD, si vuelve al HD lo ver\u00e1 borroso, tal y como ocurri\u00f3 con el paso de SD a HD\u201d.<\/p>\n<p><img loading=\"lazy\" decoding=\"async\" class=\"aligncenter size-full wp-image-67494\" src=\"https:\/\/tvmasmagazine.com\/wp-content\/uploads\/2023\/11\/MARIA-MEDINA-EN-TREGA-PREMIOS-A-RTVE-2023.jpg\" alt=\"Mar\u00eda Medina\" width=\"1920\" height=\"1080\" srcset=\"https:\/\/tvmasmagazine.com\/wp-content\/uploads\/2023\/11\/MARIA-MEDINA-EN-TREGA-PREMIOS-A-RTVE-2023.jpg 1920w, https:\/\/tvmasmagazine.com\/wp-content\/uploads\/2023\/11\/MARIA-MEDINA-EN-TREGA-PREMIOS-A-RTVE-2023-350x197.jpg 350w, https:\/\/tvmasmagazine.com\/wp-content\/uploads\/2023\/11\/MARIA-MEDINA-EN-TREGA-PREMIOS-A-RTVE-2023-1024x576.jpg 1024w, https:\/\/tvmasmagazine.com\/wp-content\/uploads\/2023\/11\/MARIA-MEDINA-EN-TREGA-PREMIOS-A-RTVE-2023-150x84.jpg 150w, https:\/\/tvmasmagazine.com\/wp-content\/uploads\/2023\/11\/MARIA-MEDINA-EN-TREGA-PREMIOS-A-RTVE-2023-768x432.jpg 768w, https:\/\/tvmasmagazine.com\/wp-content\/uploads\/2023\/11\/MARIA-MEDINA-EN-TREGA-PREMIOS-A-RTVE-2023-1536x864.jpg 1536w\" sizes=\"auto, (max-width: 1920px) 100vw, 1920px\" \/><\/p>\n<p>En este punto, <strong>Mar\u00eda Medina,<\/strong> gerente de <strong>Medina Media Events<\/strong>, junto a toda la junta de UHD Spain presente en el evento, hizo un reconocimiento a <a href=\"http:\/\/www.rtve.es\"><strong>RTVE<\/strong><\/a> por su labor y su apuesta por la Ultra Alta Definici\u00f3n. Un galard\u00f3n recibido por <strong>\u00c1ngel Garc\u00eda Castillejo<\/strong>, quien aprovech\u00f3 la ocasi\u00f3n para destacar la vocaci\u00f3n por el servicio p\u00fablico de <strong>RTVE<\/strong> y traslado este reconocimiento a los centenares y miles de personas por su trabajo en la televisi\u00f3n p\u00fablica\u201d.<\/p>\n<p><img loading=\"lazy\" decoding=\"async\" class=\"aligncenter size-full wp-image-67515\" src=\"https:\/\/tvmasmagazine.com\/wp-content\/uploads\/2023\/11\/image001-1.png\" alt=\"\" width=\"565\" height=\"377\" srcset=\"https:\/\/tvmasmagazine.com\/wp-content\/uploads\/2023\/11\/image001-1.png 565w, https:\/\/tvmasmagazine.com\/wp-content\/uploads\/2023\/11\/image001-1-350x234.png 350w, https:\/\/tvmasmagazine.com\/wp-content\/uploads\/2023\/11\/image001-1-150x100.png 150w\" sizes=\"auto, (max-width: 565px) 100vw, 565px\" \/><\/p>\n<p><a href=\"https:\/\/welove-entertainment.com\/\"><img loading=\"lazy\" decoding=\"async\" class=\"aligncenter wp-image-66801 size-full\" src=\"https:\/\/tvmasmagazine.com\/wp-content\/uploads\/2023\/05\/unnamed-4.gif\" alt=\"\" width=\"345\" height=\"100\" \/><\/a><\/p>\n<p>Redacci\u00f3n TVMAS<\/p>","protected":false},"excerpt":{"rendered":"<p>EVENTOS | TECNOLOG\u00cdA | CONTENIDOS AUDIOVISUALES | PREMIOS \u00c1ngel Garc\u00eda Castillejo, director de pol\u00edticas audiovisuales de RTVE dijo en la <a class=\"more-link\" href=\"https:\/\/tvmasmagazine.com\/es\/2023\/11\/24\/rtve-empezara-a-emitir-en-ultra-alta-definicion-el-7-de-febrero-de-2024\/\">&#8230;<\/a><\/p>\n","protected":false},"author":1,"featured_media":67495,"comment_status":"open","ping_status":"closed","sticky":false,"template":"","format":"standard","meta":{"footnotes":""},"categories":[80,79,47],"tags":[],"class_list":["post-67492","post","type-post","status-publish","format-standard","has-post-thumbnail","hentry","category-ott","category-tv-abierta","category-tv-de-pagp"],"_links":{"self":[{"href":"https:\/\/tvmasmagazine.com\/es\/wp-json\/wp\/v2\/posts\/67492","targetHints":{"allow":["GET"]}}],"collection":[{"href":"https:\/\/tvmasmagazine.com\/es\/wp-json\/wp\/v2\/posts"}],"about":[{"href":"https:\/\/tvmasmagazine.com\/es\/wp-json\/wp\/v2\/types\/post"}],"author":[{"embeddable":true,"href":"https:\/\/tvmasmagazine.com\/es\/wp-json\/wp\/v2\/users\/1"}],"replies":[{"embeddable":true,"href":"https:\/\/tvmasmagazine.com\/es\/wp-json\/wp\/v2\/comments?post=67492"}],"version-history":[{"count":7,"href":"https:\/\/tvmasmagazine.com\/es\/wp-json\/wp\/v2\/posts\/67492\/revisions"}],"predecessor-version":[{"id":67578,"href":"https:\/\/tvmasmagazine.com\/es\/wp-json\/wp\/v2\/posts\/67492\/revisions\/67578"}],"wp:featuredmedia":[{"embeddable":true,"href":"https:\/\/tvmasmagazine.com\/es\/wp-json\/wp\/v2\/media\/67495"}],"wp:attachment":[{"href":"https:\/\/tvmasmagazine.com\/es\/wp-json\/wp\/v2\/media?parent=67492"}],"wp:term":[{"taxonomy":"category","embeddable":true,"href":"https:\/\/tvmasmagazine.com\/es\/wp-json\/wp\/v2\/categories?post=67492"},{"taxonomy":"post_tag","embeddable":true,"href":"https:\/\/tvmasmagazine.com\/es\/wp-json\/wp\/v2\/tags?post=67492"}],"curies":[{"name":"wp","href":"https:\/\/api.w.org\/{rel}","templated":true}]}}