{"id":67598,"date":"2023-11-28T14:17:34","date_gmt":"2023-11-28T17:17:34","guid":{"rendered":"https:\/\/tvmasmagazine.com\/?p=67598"},"modified":"2023-11-28T14:17:34","modified_gmt":"2023-11-28T17:17:34","slug":"inicio-ventana-sur-2023-y-flixxo-estara-de-nuevo-presente","status":"publish","type":"post","link":"https:\/\/tvmasmagazine.com\/es\/2023\/11\/28\/inicio-ventana-sur-2023-y-flixxo-estara-de-nuevo-presente\/","title":{"rendered":"Inici\u00f3 Ventana Sur 2023 y FLIXXO estar\u00e1 de nuevo presente"},"content":{"rendered":"<p><span style=\"color: #ff0000;\"><strong>EVENTOS | SERIES | CONTENIDOS<\/strong><\/span><\/p>\n<div id=\"attachment_67599\" style=\"width: 2185px\" class=\"wp-caption aligncenter\"><img loading=\"lazy\" decoding=\"async\" aria-describedby=\"caption-attachment-67599\" class=\"size-full wp-image-67599\" src=\"https:\/\/tvmasmagazine.com\/wp-content\/uploads\/2023\/11\/Adrian-Garelik_-FLIXXO.jpg\" alt=\"\" width=\"2175\" height=\"2160\" srcset=\"https:\/\/tvmasmagazine.com\/wp-content\/uploads\/2023\/11\/Adrian-Garelik_-FLIXXO.jpg 2175w, https:\/\/tvmasmagazine.com\/wp-content\/uploads\/2023\/11\/Adrian-Garelik_-FLIXXO-350x348.jpg 350w, https:\/\/tvmasmagazine.com\/wp-content\/uploads\/2023\/11\/Adrian-Garelik_-FLIXXO-1024x1017.jpg 1024w, https:\/\/tvmasmagazine.com\/wp-content\/uploads\/2023\/11\/Adrian-Garelik_-FLIXXO-150x150.jpg 150w, https:\/\/tvmasmagazine.com\/wp-content\/uploads\/2023\/11\/Adrian-Garelik_-FLIXXO-768x763.jpg 768w, https:\/\/tvmasmagazine.com\/wp-content\/uploads\/2023\/11\/Adrian-Garelik_-FLIXXO-1536x1525.jpg 1536w, https:\/\/tvmasmagazine.com\/wp-content\/uploads\/2023\/11\/Adrian-Garelik_-FLIXXO-2048x2034.jpg 2048w\" sizes=\"auto, (max-width: 2175px) 100vw, 2175px\" \/><p id=\"caption-attachment-67599\" class=\"wp-caption-text\">Adrian Garelik<\/p><\/div>\n<p><span style=\"color: #000080;\"><strong>El Instituto Nacional de Cine y Artes Audiovisuales (INCAA) y el March\u00e9 du Film del Festival de Cannes, est\u00e1n celebrando 15 a\u00f1os de realizaci\u00f3n de esta nueva edici\u00f3n de <em>Ventana Sur<\/em> que empez\u00f3 ayer 27 de noviembre y finaliza el 1\u00ba de diciembre en\u00a0 Buenos Aires, Argentina.<\/strong><\/span><\/p>\n<p><span style=\"color: #000080;\"><strong>En la Universidad Cat\u00f3lica Argentina (UCA)\u00a0 hoy martes 28 y ma\u00f1ana 29 el evento ofrece un eje tem\u00e1tico \u2018Solo Series\u2019<\/strong><\/span><\/p>\n<p><span style=\"color: #000080;\"><strong>Por tercer a\u00f1o consecutivo, Flixxo participa ma\u00f1ana mi\u00e9rcoles 29, Adri\u00e1n Garelik, CEO de Flixxo y Bluebits, ser\u00e1 parte del panel <em>M\u00e9todos de financiaci\u00f3n no tradicionales.<\/em><\/strong><\/span><\/p>\n<p>\u2018Solo Series\u2019 es el mercado dentro de Ventana Sur que re\u00fane los proyectos destacados de series y microseries de Latinoam\u00e9rica, un espacio clave que re\u00fane showrunners, guionistas, productores de series de la regi\u00f3n. Por tercer a\u00f1o consecutivo, Flixxo participar\u00e1 del encuentro con una instancia de pitch para microseries en desarrollo, detectando y potenciando el talento de j\u00f3venes independientes.<\/p>\n<p><span style=\"color: #ff0000;\"><strong>Hoy martes, los 10 proyectos seleccionados y mentoreados -de un total de 112<\/strong><\/span>-, se presentar\u00e1n en las <strong><em>Flixxo Pitching Sessions<\/em><\/strong> frente a la industria y un prestigioso jurado liderado por <strong>Pedro Levatti<\/strong>, VP de contenidos de Flixxo, <strong>Iv\u00e1n Stoessel<\/strong>, content development manager de\u00a0 <strong>Paramount<\/strong>, <strong>Gabriela Cort\u00e9s<\/strong> y <strong>Andrea Meneses<\/strong>, fundadoras de \u201cLa Villana\u201d, y <strong>Samuel Castro<\/strong>, director de Iberseries. Habr\u00e1 tres ganadores, un primer premio de U$ 1.000 en bitcoin y dos mentor\u00edas para el desarrollo de proyectos.<\/p>\n<p>Adem\u00e1s, ma\u00f1ana mi\u00e9rcoles a las 13h., <strong>Adri\u00e1n Garelik<\/strong> -CEO de Flixxo y Bluebits- ser\u00e1\u00a0 parte del panel<span style=\"color: #ff0000;\"> <em>M\u00e9todos de financiaci\u00f3n no tradicionales:<\/em><\/span><em><span style=\"color: #ff0000;\"> la comunidad rompe el molde<\/span>,<\/em> junto a <strong>Ana Garcia Blaya<\/strong>, directora de\u00a0 \u00abLa Uruguaya\u00bb, \u201cComunidad Orsai\u201d, <strong>Gabriela Cort\u00e9s<\/strong> y <strong>Andrea Meneses<\/strong> de La Villana. conversar\u00e1n sobre el financiamiento colectivo, crowdfunding y herramientas web3, entre otros puntos de debate.<\/p>\n<p>Redacci\u00f3n TVMAS<\/p>","protected":false},"excerpt":{"rendered":"<p>EVENTOS | SERIES | CONTENIDOS El Instituto Nacional de Cine y Artes Audiovisuales (INCAA) y el March\u00e9 du Film del <a class=\"more-link\" href=\"https:\/\/tvmasmagazine.com\/es\/2023\/11\/28\/inicio-ventana-sur-2023-y-flixxo-estara-de-nuevo-presente\/\">&#8230;<\/a><\/p>\n","protected":false},"author":1,"featured_media":67599,"comment_status":"open","ping_status":"closed","sticky":false,"template":"","format":"standard","meta":{"footnotes":""},"categories":[15,80,256,79,47],"tags":[],"class_list":["post-67598","post","type-post","status-publish","format-standard","has-post-thumbnail","hentry","category-cine","category-ott","category-series","category-tv-abierta","category-tv-de-pagp"],"_links":{"self":[{"href":"https:\/\/tvmasmagazine.com\/es\/wp-json\/wp\/v2\/posts\/67598","targetHints":{"allow":["GET"]}}],"collection":[{"href":"https:\/\/tvmasmagazine.com\/es\/wp-json\/wp\/v2\/posts"}],"about":[{"href":"https:\/\/tvmasmagazine.com\/es\/wp-json\/wp\/v2\/types\/post"}],"author":[{"embeddable":true,"href":"https:\/\/tvmasmagazine.com\/es\/wp-json\/wp\/v2\/users\/1"}],"replies":[{"embeddable":true,"href":"https:\/\/tvmasmagazine.com\/es\/wp-json\/wp\/v2\/comments?post=67598"}],"version-history":[{"count":1,"href":"https:\/\/tvmasmagazine.com\/es\/wp-json\/wp\/v2\/posts\/67598\/revisions"}],"predecessor-version":[{"id":67600,"href":"https:\/\/tvmasmagazine.com\/es\/wp-json\/wp\/v2\/posts\/67598\/revisions\/67600"}],"wp:featuredmedia":[{"embeddable":true,"href":"https:\/\/tvmasmagazine.com\/es\/wp-json\/wp\/v2\/media\/67599"}],"wp:attachment":[{"href":"https:\/\/tvmasmagazine.com\/es\/wp-json\/wp\/v2\/media?parent=67598"}],"wp:term":[{"taxonomy":"category","embeddable":true,"href":"https:\/\/tvmasmagazine.com\/es\/wp-json\/wp\/v2\/categories?post=67598"},{"taxonomy":"post_tag","embeddable":true,"href":"https:\/\/tvmasmagazine.com\/es\/wp-json\/wp\/v2\/tags?post=67598"}],"curies":[{"name":"wp","href":"https:\/\/api.w.org\/{rel}","templated":true}]}}