{"id":67644,"date":"2023-12-08T17:11:36","date_gmt":"2023-12-08T20:11:36","guid":{"rendered":"https:\/\/tvmasmagazine.com\/?p=67644"},"modified":"2023-12-09T19:24:30","modified_gmt":"2023-12-09T22:24:30","slug":"el-i-mercado-internacional-frapa-para-guionistas-iberoamericanos-se-celebrara-del-11-al-13-de-abril-de-2024-en-sevilla-espana","status":"publish","type":"post","link":"https:\/\/tvmasmagazine.com\/es\/2023\/12\/08\/el-i-mercado-internacional-frapa-para-guionistas-iberoamericanos-se-celebrara-del-11-al-13-de-abril-de-2024-en-sevilla-espana\/","title":{"rendered":"El I Mercado Internacional FRAPA para guionistas iberoamericanos se celebrar\u00e1 del 11 al 13 de abril de 2024 en Sevilla, Espa\u00f1a"},"content":{"rendered":"<p><strong><span style=\"color: #ff0000;\">EVENTOS | ESCRITORES | GUIONISTAS | SERIES | CINE<\/span><\/strong><\/p>\n<div id=\"attachment_67692\" style=\"width: 910px\" class=\"wp-caption aligncenter\"><img loading=\"lazy\" decoding=\"async\" aria-describedby=\"caption-attachment-67692\" class=\"wp-image-67692 size-full\" src=\"https:\/\/tvmasmagazine.com\/wp-content\/uploads\/2023\/12\/Diseno-sin-titulo-3.png\" alt=\"\" width=\"900\" height=\"600\" srcset=\"https:\/\/tvmasmagazine.com\/wp-content\/uploads\/2023\/12\/Diseno-sin-titulo-3.png 900w, https:\/\/tvmasmagazine.com\/wp-content\/uploads\/2023\/12\/Diseno-sin-titulo-3-350x233.png 350w, https:\/\/tvmasmagazine.com\/wp-content\/uploads\/2023\/12\/Diseno-sin-titulo-3-150x100.png 150w, https:\/\/tvmasmagazine.com\/wp-content\/uploads\/2023\/12\/Diseno-sin-titulo-3-768x512.png 768w\" sizes=\"auto, (max-width: 900px) 100vw, 900px\" \/><p id=\"caption-attachment-67692\" class=\"wp-caption-text\">Leo Garcia con Mariana M\u00eamis M\u00fcller, director y productora ejecutiva del evento<\/p><\/div>\n<p><span style=\"color: #000080;\"><strong>La convocatoria de participaci\u00f3n est\u00e1 abierta hasta el 20 de diciembre. Ser\u00e1n seleccionados cinco proyectos de series o largometrajes de autores brasile\u00f1os residentes en Brasil o Espa\u00f1a y diez proyectos de autores espa\u00f1oles o iberoamericanos residentes en Espa\u00f1a, cinco de los cuales ser\u00e1n andaluces.<\/strong><\/span><\/p>\n<p><span style=\"color: #000080;\"><strong>Impulsado por el Festival de Guiones Audiovisuales de Porto Alegre (Brasil), con la colaboraci\u00f3n de la Asociaci\u00f3n de Guionistas Iberoamericanos, FAGA (Federaci\u00f3n de Asociaciones de Guionistas Audiovisuales) y ALMA (Sindicato de Guionistas de Espa\u00f1a).<\/strong><\/span><\/p>\n\n\t\t<!-- MasterSlider -->\n\t\t<div id=\"P_MS69f20fc4dab5f\" class=\"master-slider-parent msl ms-parent-id-95\" style=\"max-width:800px;\">\n\n\t\t\t\n\t\t\t<!-- MasterSlider Main -->\n\t\t\t<div id=\"MS69f20fc4dab5f\" class=\"master-slider ms-skin-default\" >\n\t\t\t\t \t\t\t\t \n\t\t\t\t<div  class=\"ms-slide\" data-delay=\"3\" data-fill-mode=\"fill\"  >\n\t\t\t\t\t<img decoding=\"async\" src=\"https:\/\/tvmasmagazine.com\/wp-content\/plugins\/master-slider\/public\/assets\/css\/blank.gif\" alt=\"\" title=\"\" data-src=\"https:\/\/tvmasmagazine.com\/wp-content\/uploads\/2023\/12\/FRAPA-2023.jpg\" \/>\n\n\t\t\t\t\t<div class=\"ms-info\"><p style=\"text-align: center;\"><strong>FRAPA 2023<\/strong><\/p><\/div>\n\n\n\t<div class=\"ms-thumb\" ><div class=\"ms-tab-context\"><div class=\"&quot;ms-tab-context&quot;\"><\/div><\/div>\n<\/div>\n\t\t\t\t<\/div>\n\t\t\t\t<div  class=\"ms-slide\" data-delay=\"3\" data-fill-mode=\"fill\"  >\n\t\t\t\t\t<img decoding=\"async\" src=\"https:\/\/tvmasmagazine.com\/wp-content\/plugins\/master-slider\/public\/assets\/css\/blank.gif\" alt=\"\" title=\"\" data-src=\"https:\/\/tvmasmagazine.com\/wp-content\/uploads\/2023\/12\/FRAPA-2023-FOTO-DOS.jpg\" \/>\n\n\t\t\t\t\t<div class=\"ms-info\"><p style=\"text-align: center;\"><strong>FRAPA 2023<\/strong><\/p><\/div>\n\n\n\t<div class=\"ms-thumb\" ><div class=\"ms-tab-context\"><div class=\"&quot;ms-tab-context&quot;\"><\/div><\/div>\n<\/div>\n\t\t\t\t<\/div>\n\t\t\t\t<div  class=\"ms-slide\" data-delay=\"3\" data-fill-mode=\"fill\"  >\n\t\t\t\t\t<img decoding=\"async\" src=\"https:\/\/tvmasmagazine.com\/wp-content\/plugins\/master-slider\/public\/assets\/css\/blank.gif\" alt=\"\" title=\"\" data-src=\"https:\/\/tvmasmagazine.com\/wp-content\/uploads\/2023\/12\/FRAPA-2023-FOTO-5.jpg\" \/>\n\n\t\t\t\t\t<div class=\"ms-info\"><p style=\"text-align: center;\"><strong>FRAPA 2023<\/strong><\/p><\/div>\n\n\n\t<div class=\"ms-thumb\" ><div class=\"ms-tab-context\"><div class=\"&quot;ms-tab-context&quot;\"><\/div><\/div>\n<\/div>\n\t\t\t\t<\/div>\n\t\t\t\t<div  class=\"ms-slide\" data-delay=\"3\" data-fill-mode=\"fill\"  >\n\t\t\t\t\t<img decoding=\"async\" src=\"https:\/\/tvmasmagazine.com\/wp-content\/plugins\/master-slider\/public\/assets\/css\/blank.gif\" alt=\"\" title=\"\" data-src=\"https:\/\/tvmasmagazine.com\/wp-content\/uploads\/2023\/12\/FRAPA-2023-4.jpg\" \/>\n\n\t\t\t\t\t<div class=\"ms-info\"><p style=\"text-align: center;\"><strong>FRAPA 2023<\/strong><\/p><\/div>\n\n\n\t<div class=\"ms-thumb\" ><div class=\"ms-tab-context\"><div class=\"&quot;ms-tab-context&quot;\"><\/div><\/div>\n<\/div>\n\t\t\t\t<\/div>\n\t\t\t\t<div  class=\"ms-slide\" data-delay=\"3\" data-fill-mode=\"fill\"  >\n\t\t\t\t\t<img decoding=\"async\" src=\"https:\/\/tvmasmagazine.com\/wp-content\/plugins\/master-slider\/public\/assets\/css\/blank.gif\" alt=\"\" title=\"\" data-src=\"https:\/\/tvmasmagazine.com\/wp-content\/uploads\/2023\/12\/FRAPA-2023-6.jpg\" \/>\n\n\t\t\t\t\t<div class=\"ms-info\"><p style=\"text-align: center;\"><strong>FRAPA 2023<\/strong><\/p><\/div>\n\n\n\t<div class=\"ms-thumb\" ><div class=\"ms-tab-context\"><div class=\"&quot;ms-tab-context&quot;\"><\/div><\/div>\n<\/div>\n\t\t\t\t<\/div>\n\n\t\t\t<\/div>\n\t\t\t<!-- END MasterSlider Main -->\n\n\t\t\t \n\t\t<\/div>\n\t\t<!-- END MasterSlider -->\n\n\t\t<script>\n\t\t(function ( $ ) {\n\t\t\t\"use strict\";\n\n\t\t\t$(function () {\n\t\t\t\tvar masterslider_ab5f = new MasterSlider();\n\n\t\t\t\t\/\/ slider controls\n\t\t\t\tmasterslider_ab5f.control('arrows'     ,{ autohide:false, overVideo:true  });\n\t\t\t\tmasterslider_ab5f.control('slideinfo'  ,{ autohide:false, overVideo:true, dir:'h', align:'bottom',inset:false , margin:10   });\n\t\t\t\t\/\/ slider setup\n\t\t\t\tmasterslider_ab5f.setup(\"MS69f20fc4dab5f\", {\n\t\t\t\t\t\twidth           : 800,\n\t\t\t\t\t\theight          : 480,\n\t\t\t\t\t\tminHeight       : 0,\n\t\t\t\t\t\tspace           : 0,\n\t\t\t\t\t\tstart           : 1,\n\t\t\t\t\t\tgrabCursor      : true,\n\t\t\t\t\t\tswipe           : true,\n\t\t\t\t\t\tmouse           : true,\n\t\t\t\t\t\tlayout          : \"boxed\",\n\t\t\t\t\t\twheel           : false,\n\t\t\t\t\t\tautoplay        : true,\n\t\t\t\t\t\tinstantStartLayers:false,\n\t\t\t\t\t\tloop            : false,\n\t\t\t\t\t\tshuffle         : false,\n\t\t\t\t\t\tpreload         : 0,\n\t\t\t\t\t\theightLimit     : true,\n\t\t\t\t\t\tautoHeight      : false,\n\t\t\t\t\t\tsmoothHeight    : true,\n\t\t\t\t\t\tendPause        : false,\n\t\t\t\t\t\toverPause       : true,\n\t\t\t\t\t\tfillMode        : \"fill\",\n\t\t\t\t\t\tcenterControls  : true,\n\t\t\t\t\t\tstartOnAppear   : false,\n\t\t\t\t\t\tlayersMode      : \"center\",\n\t\t\t\t\t\thideLayers      : false,\n\t\t\t\t\t\tfullscreenMargin: 0,\n\t\t\t\t\t\tspeed           : 20,\n\t\t\t\t\t\tdir             : \"h\",\n\t\t\t\t\t\tparallaxMode    : 'swipe',\n\t\t\t\t\t\tview            : \"basic\"\n\t\t\t\t});\n\n\t\t\t\t\n\t\t\t\twindow.masterslider_instances = window.masterslider_instances || [];\n\t\t\t\twindow.masterslider_instances.push( masterslider_ab5f );\n\t\t\t });\n\n\t\t})(jQuery);\n\t\t<\/script>\n\n\n<p>El Festival de Guiones Audiovisuales de Porto Alegre FRAPA (Brasil), cuya 11\u00aa edici\u00f3n se llev\u00f3 a cabo el pasado mes de noviembre, se internacionaliza con la celebraci\u00f3n del I Mercado Internacional FRAPA, en Espa\u00f1a.<\/p>\n<p>La primera incursi\u00f3n del certamen fuera del pa\u00eds, promovido por FRAPA y la Asociaci\u00f3n Iberoamericana de Guionistas, tendr\u00e1 lugar <span style=\"color: #ff0000;\"><strong>del 11 al 13 de abril de 2024, en el marco del<\/strong> <strong>VIII Encuentro Nacional de Guionistas<\/strong><\/span>, organizado por <span style=\"color: #ff0000;\"><strong>FAGA<\/strong><\/span> (Federaci\u00f3n de Asociaciones de Guionistas Audiovisuales) y <span style=\"color: #ff0000;\"><strong>ALMA <\/strong><\/span>(Sindicato de Guionistas de Espa\u00f1a), en el <strong>Teatro Central de Sevilla<\/strong>.<\/p>\n<p><a href=\"https:\/\/welove-entertainment.com\/\"><img loading=\"lazy\" decoding=\"async\" class=\"aligncenter wp-image-66801 size-full\" src=\"https:\/\/tvmasmagazine.com\/wp-content\/uploads\/2023\/05\/unnamed-4.gif\" alt=\"\" width=\"345\" height=\"100\" \/><\/a><\/p>\n<p>Despu\u00e9s de once a\u00f1os dedicados a calificar y crear sinergias para los guionistas brasile\u00f1os, FRAPA sale al exterior. El mayor evento dedicado \u00edntegramente a guiones de cine y televisi\u00f3n de Iberoam\u00e9rica, precursor y de referencia en el sector audiovisual en Brasil, se asocia con la cita m\u00e1s importante para guionistas en Espa\u00f1a, <strong>naciendo el primer Mercado Internacional FRAPA. <\/strong><\/p>\n<p><span style=\"color: #ff0000;\"><strong>OBJETIVOS<\/strong><\/span><\/p>\n<p>Impulsar el intercambio de experiencias entre creadores brasile\u00f1os y espa\u00f1oles, garantizar la visibilidad de sus proyectos y crear oportunidades para su posible realizaci\u00f3n, facilitar el contacto entre los guionistas participantes y productores, plataformas y otros profesionales interesados en que sus proyectos lleguen a la pantalla, y dar la oportunidad de internacionalizaci\u00f3n de proyectos y talentos de ambos pa\u00edses.<\/p>\n<p><span style=\"color: #ff0000;\"><strong>Requisitos de Participaci\u00f3n y actividades<\/strong><\/span><\/p>\n<p>La convocatoria de participaci\u00f3n se encuentra abierta hasta el 20 de diciembre de 2023. Ser\u00e1n seleccionados cinco proyectos de series o largometrajes de autores brasile\u00f1os residentes en Brasil o Espa\u00f1a y diez proyectos de autores espa\u00f1oles o iberoamericanos residentes en Espa\u00f1a, cinco de los cuales ser\u00e1n andaluces.<\/p>\n<p>La cuota de inscripci\u00f3n para proyectos de autores espa\u00f1oles o iberoamericanos residentes en Espa\u00f1a ser\u00e1 de 30 \u20ac. Los participantes del <span style=\"color: #ff0000;\"><strong>VIII Encuentro de Guionistas y miembros de ALMA y FAGA, obtendr\u00e1n un 20% de descuento.<\/strong><\/span><\/p>\n<p><a href=\"https:\/\/global.natpe.com\/2024\/register\/?utm_source=contra&amp;utm_campaign=TVMAS\"><img loading=\"lazy\" decoding=\"async\" class=\"aligncenter wp-image-67318 size-full\" src=\"https:\/\/tvmasmagazine.com\/wp-content\/uploads\/2023\/09\/TVMAS.345x100-SPANISH.gif\" alt=\"\" width=\"345\" height=\"100\" \/><\/a><\/p>\n<p><span style=\"color: #ff0000;\"><strong>Los proyectos se evaluar\u00e1n en funci\u00f3n de los siguientes criterios:<\/strong> <\/span>originalidad, desarrollo de los personajes, calidad de la estructura narrativa y del desarrollo de la trama, relevancia social de la historia o del tema, potencial de coproducci\u00f3n internacional y viabilidad de realizaci\u00f3n del proyecto.<\/p>\n<p>Las inscripciones podr\u00e1n realizarse a trav\u00e9s de la p\u00e1gina web: frapa.art.br\/frapa-mercado<\/p>\n<p><span style=\"color: #ff0000;\"><strong>Las actividades de FRAPA en Sevilla incluir\u00e1n <\/strong><\/span>consultor\u00edas y asesoramiento, reuniones exclusivas de negocio con expertos y presentaci\u00f3n de los proyectos participantes en una sesi\u00f3n abierta de Pitch durante el VIII Encuentro de Guionistas. Los autores seleccionados en el Mercado obtendr\u00e1n tambi\u00e9n una acreditaci\u00f3n para asistir a todas las actividades del evento. Asimismo, tendr\u00e1n cubierto su desplazamiento, alojamiento y manutenci\u00f3n durante los d\u00edas del Encuentro.<\/p>\n<p><a href=\"https:\/\/contentamericas.net\/es\/register-for-content-americas-2024\/\"><img loading=\"lazy\" decoding=\"async\" class=\"aligncenter wp-image-67246 size-full\" src=\"https:\/\/tvmasmagazine.com\/wp-content\/uploads\/2023\/09\/Screenshot_3.png\" alt=\"\" width=\"1456\" height=\"180\" srcset=\"https:\/\/tvmasmagazine.com\/wp-content\/uploads\/2023\/09\/Screenshot_3.png 1456w, https:\/\/tvmasmagazine.com\/wp-content\/uploads\/2023\/09\/Screenshot_3-350x43.png 350w, https:\/\/tvmasmagazine.com\/wp-content\/uploads\/2023\/09\/Screenshot_3-1024x127.png 1024w, https:\/\/tvmasmagazine.com\/wp-content\/uploads\/2023\/09\/Screenshot_3-150x19.png 150w, https:\/\/tvmasmagazine.com\/wp-content\/uploads\/2023\/09\/Screenshot_3-768x95.png 768w\" sizes=\"auto, (max-width: 1456px) 100vw, 1456px\" \/><\/a><\/p>\n<p><span style=\"color: #ff0000;\"><strong>\u00bfQUE ES FRAPA?<\/strong><\/span><\/p>\n<p>El Festival de Guiones Audiovisuales de Porto Alegre es el principal punto de encuentro y puerto seguro para cientos de guionistas de todas las regiones de Brasil. Inspirado en festivales consagrados del g\u00e9nero en el exterior, FRAPA se realiza ininterrumpidamente todos los a\u00f1os desde 2013. Lleva m\u00e1s de una d\u00e9cada celebr\u00e1ndose y tiene como objetivo fomentar la cadena de producci\u00f3n, as\u00ed como promover la formaci\u00f3n, la capacitaci\u00f3n, la ampliaci\u00f3n del repertorio y la valorizaci\u00f3n de los profesionales del guion.<\/p>\n<p>A lo largo de sus exitosos a\u00f1os de historia, m\u00e1s de 2.000 personas han participado en las ediciones presenciales, casi 3.000 guiones de largometrajes y pilotos de series se han presentado al Concurso de Guiones y m\u00e1s de 2.800 reuniones han tenido lugar en el \u00e1rea de mercado.<\/p>\n<p>El Festival de Guiones Audiovisuales de Porto Alegre est\u00e1 organizado por <strong>Coelho Voador<\/strong> y <strong>Epifania Filmes<\/strong> y cuenta con la direcci\u00f3n de <strong>Leo Garcia<\/strong>, la producci\u00f3n ejecutiva de <strong>Mariana M\u00eamis M\u00fcller<\/strong> y el apoyo de <strong>Conspira\u00e7\u00e3o, Smiles, Estrella Galicia<\/strong> y <strong>Projeto Paradiso, entre otros<\/strong>.<\/p>\n<p><span style=\"color: #ff0000;\"><strong>SOBRE LA Asociaci\u00f3n Iberoamericana de Guionistas<\/strong><\/span><\/p>\n<p>Es una asociaci\u00f3n que tiene como objetivo desarrollar la colaboraci\u00f3n y el intercambio de ideas y experiencias entre guionistas iberoamericanos, facilitar espacios de networking y encuentros entre guionistas, profesionales y productores del sector, colaborando as\u00ed a hacer viables los proyectos de guion iberoamericanos.<\/p>\n<p><span style=\"color: #ff0000;\"><strong>SOBRE El Encuentro de Guionistas<\/strong><\/span><\/p>\n<p>El Encuentro de Guionistas es itinerante y se celebra cada dos a\u00f1os en Espa\u00f1a, organizado por <strong>FAGA<\/strong> (Federaci\u00f3n de Asociaciones de Guionistas Audiovisuales) y <strong>ALMA<\/strong> (Sindicato de Guionistas de Espa\u00f1a). Nace con el objetivo de reunir a los guionistas para intercambiar experiencias y m\u00e9todos de trabajo y ofrecer un espacio para debatir sobre la actualidad y retos creativos, tecnol\u00f3gicos, laborales y econ\u00f3micos a los que se enfrentan los guionistas en su d\u00eda a d\u00eda.<\/p>\n<p>M\u00e1s informaci\u00f3n: <a href=\"https:\/\/frapa.art.br\/\">https:\/\/frapa.art.br\/<\/a><\/p>\n<p><a href=\"https:\/\/www.centauro.com\/\"><img loading=\"lazy\" decoding=\"async\" class=\"aligncenter wp-image-66800 size-full\" src=\"https:\/\/tvmasmagazine.com\/wp-content\/uploads\/2023\/05\/unnamed-3.gif\" alt=\"\" width=\"468\" height=\"120\" \/><\/a><\/p>\n<p>Redacci\u00f3n TVMAS<\/p>","protected":false},"excerpt":{"rendered":"<p>EVENTOS | ESCRITORES | GUIONISTAS | SERIES | CINE La convocatoria de participaci\u00f3n est\u00e1 abierta hasta el 20 de diciembre. <a class=\"more-link\" href=\"https:\/\/tvmasmagazine.com\/es\/2023\/12\/08\/el-i-mercado-internacional-frapa-para-guionistas-iberoamericanos-se-celebrara-del-11-al-13-de-abril-de-2024-en-sevilla-espana\/\">&#8230;<\/a><\/p>\n","protected":false},"author":1,"featured_media":67645,"comment_status":"open","ping_status":"closed","sticky":false,"template":"","format":"standard","meta":{"footnotes":""},"categories":[15,256],"tags":[],"class_list":["post-67644","post","type-post","status-publish","format-standard","has-post-thumbnail","hentry","category-cine","category-series"],"_links":{"self":[{"href":"https:\/\/tvmasmagazine.com\/es\/wp-json\/wp\/v2\/posts\/67644","targetHints":{"allow":["GET"]}}],"collection":[{"href":"https:\/\/tvmasmagazine.com\/es\/wp-json\/wp\/v2\/posts"}],"about":[{"href":"https:\/\/tvmasmagazine.com\/es\/wp-json\/wp\/v2\/types\/post"}],"author":[{"embeddable":true,"href":"https:\/\/tvmasmagazine.com\/es\/wp-json\/wp\/v2\/users\/1"}],"replies":[{"embeddable":true,"href":"https:\/\/tvmasmagazine.com\/es\/wp-json\/wp\/v2\/comments?post=67644"}],"version-history":[{"count":8,"href":"https:\/\/tvmasmagazine.com\/es\/wp-json\/wp\/v2\/posts\/67644\/revisions"}],"predecessor-version":[{"id":67694,"href":"https:\/\/tvmasmagazine.com\/es\/wp-json\/wp\/v2\/posts\/67644\/revisions\/67694"}],"wp:featuredmedia":[{"embeddable":true,"href":"https:\/\/tvmasmagazine.com\/es\/wp-json\/wp\/v2\/media\/67645"}],"wp:attachment":[{"href":"https:\/\/tvmasmagazine.com\/es\/wp-json\/wp\/v2\/media?parent=67644"}],"wp:term":[{"taxonomy":"category","embeddable":true,"href":"https:\/\/tvmasmagazine.com\/es\/wp-json\/wp\/v2\/categories?post=67644"},{"taxonomy":"post_tag","embeddable":true,"href":"https:\/\/tvmasmagazine.com\/es\/wp-json\/wp\/v2\/tags?post=67644"}],"curies":[{"name":"wp","href":"https:\/\/api.w.org\/{rel}","templated":true}]}}