{"id":67652,"date":"2023-12-08T20:27:13","date_gmt":"2023-12-08T23:27:13","guid":{"rendered":"https:\/\/tvmasmagazine.com\/?p=67652"},"modified":"2023-12-09T20:36:42","modified_gmt":"2023-12-09T23:36:42","slug":"nbcuniversal-international-networks-latin-america-presento-los-estrenos-para-2024","status":"publish","type":"post","link":"https:\/\/tvmasmagazine.com\/es\/2023\/12\/08\/nbcuniversal-international-networks-latin-america-presento-los-estrenos-para-2024\/","title":{"rendered":"NBCUNIVERSAL INTERNATIONAL NETWORKS LATIN AMERICA PRESENT\u00d3 LOS ESTRENOS PARA 2024"},"content":{"rendered":"<p><strong><span style=\"color: #ff0000;\">LATINOAM\u00c9RICA | ESTRENOS | SERIES<\/span><\/strong><\/p>\n\n\t\t<!-- MasterSlider -->\n\t\t<div id=\"P_MS69f707c4960f2\" class=\"master-slider-parent msl ms-parent-id-96\" style=\"max-width:800px;\">\n\n\t\t\t\n\t\t\t<!-- MasterSlider Main -->\n\t\t\t<div id=\"MS69f707c4960f2\" class=\"master-slider ms-skin-default\" >\n\t\t\t\t \t\t\t\t \n\t\t\t\t<div  class=\"ms-slide\" data-delay=\"3\" data-fill-mode=\"fit\"  >\n\t\t\t\t\t<img decoding=\"async\" src=\"https:\/\/tvmasmagazine.com\/wp-content\/plugins\/master-slider\/public\/assets\/css\/blank.gif\" alt=\"\" title=\"\" data-src=\"https:\/\/tvmasmagazine.com\/wp-content\/uploads\/2023\/12\/NBC-UNIVERSAL-EVENTO-EZEQUIEL-CAMPA-COMEDIANTE-INVITADO-ESPECIAL--scaled.jpg\" \/>\n\n\t\t\t\t\t<div class=\"ms-info\"><p style=\"text-align: center;\"><strong>El comediante Ezequiel Campa<\/strong><\/p><\/div>\n\n\n\t<div class=\"ms-thumb\" ><div class=\"ms-tab-context\"><div class=\"&quot;ms-tab-context&quot;\"><\/div><\/div>\n<\/div>\n\t\t\t\t<\/div>\n\t\t\t\t<div  class=\"ms-slide\" data-delay=\"3\" data-fill-mode=\"fill\"  >\n\t\t\t\t\t<img decoding=\"async\" src=\"https:\/\/tvmasmagazine.com\/wp-content\/plugins\/master-slider\/public\/assets\/css\/blank.gif\" alt=\"\" title=\"\" data-src=\"https:\/\/tvmasmagazine.com\/wp-content\/uploads\/2023\/12\/NBC-EVENT-ODICIEMBRE-2023-ELIANA-MIGLIARINI.png\" \/>\n\n\t\t\t\t\t<div class=\"ms-info\"><p style=\"text-align: center;\"><strong>Eliana Migliarini<\/strong><\/p><\/div>\n\n\n\t<div class=\"ms-thumb\" ><div class=\"ms-tab-context\"><div class=\"&quot;ms-tab-context&quot;\"><\/div><\/div>\n<\/div>\n\t\t\t\t<\/div>\n\t\t\t\t<div  class=\"ms-slide\" data-delay=\"3\" data-fill-mode=\"fit\"  >\n\t\t\t\t\t<img decoding=\"async\" src=\"https:\/\/tvmasmagazine.com\/wp-content\/plugins\/master-slider\/public\/assets\/css\/blank.gif\" alt=\"\" title=\"\" data-src=\"https:\/\/tvmasmagazine.com\/wp-content\/uploads\/2023\/12\/NBC-UNIVERSAL-EVENTO-JORGE-REY-Y-BELU-KHOURY.png\" \/>\n\n\t\t\t\t\t<div class=\"ms-info\"><p style=\"text-align: center;\"><strong>Jorge Rey &amp; Belu Khoury<\/strong><\/p><\/div>\n\n\n\t<div class=\"ms-thumb\" ><div class=\"ms-tab-context\"><div class=\"&quot;ms-tab-context&quot;\"><\/div><\/div>\n<\/div>\n\t\t\t\t<\/div>\n\t\t\t\t<div  class=\"ms-slide\" data-delay=\"3\" data-fill-mode=\"fit\"  >\n\t\t\t\t\t<img decoding=\"async\" src=\"https:\/\/tvmasmagazine.com\/wp-content\/plugins\/master-slider\/public\/assets\/css\/blank.gif\" alt=\"\" title=\"\" data-src=\"https:\/\/tvmasmagazine.com\/wp-content\/uploads\/2023\/12\/NBC-UNIVERSAL-EVENTO-MATILDA-BLANCO-OK.png\" \/>\n\n\t\t\t\t\t<div class=\"ms-info\"><p style=\"text-align: center;\"><strong>Matilda Blanco<\/strong><\/p><\/div>\n\n\n\t<div class=\"ms-thumb\" ><div class=\"ms-tab-context\"><div class=\"&quot;ms-tab-context&quot;\"><\/div><\/div>\n<\/div>\n\t\t\t\t<\/div>\n\t\t\t\t<div  class=\"ms-slide\" data-delay=\"3\" data-fill-mode=\"fit\"  >\n\t\t\t\t\t<img decoding=\"async\" src=\"https:\/\/tvmasmagazine.com\/wp-content\/plugins\/master-slider\/public\/assets\/css\/blank.gif\" alt=\"\" title=\"\" data-src=\"https:\/\/tvmasmagazine.com\/wp-content\/uploads\/2023\/12\/EVENTO-NBCU-ARG-SANTIAGO-ARTEMIS-RAUL-PARDEILHAN-1.png\" \/>\n\n\t\t\t\t\t<div class=\"ms-info\"><p style=\"text-align: center;\"><strong>Santiago Artemis &amp; Raul Pardeilhan<\/strong><\/p><\/div>\n\n\n\t<div class=\"ms-thumb\" ><div class=\"ms-tab-context\"><div class=\"&quot;ms-tab-context&quot;\"><\/div><\/div>\n<\/div>\n\t\t\t\t<\/div>\n\n\t\t\t<\/div>\n\t\t\t<!-- END MasterSlider Main -->\n\n\t\t\t \n\t\t<\/div>\n\t\t<!-- END MasterSlider -->\n\n\t\t<script>\n\t\t(function ( $ ) {\n\t\t\t\"use strict\";\n\n\t\t\t$(function () {\n\t\t\t\tvar masterslider_60f2 = new MasterSlider();\n\n\t\t\t\t\/\/ slider controls\n\t\t\t\tmasterslider_60f2.control('arrows'     ,{ autohide:false, overVideo:true  });\n\t\t\t\tmasterslider_60f2.control('slideinfo'  ,{ autohide:false, overVideo:true, dir:'h', align:'bottom',inset:false , margin:10   });\n\t\t\t\t\/\/ slider setup\n\t\t\t\tmasterslider_60f2.setup(\"MS69f707c4960f2\", {\n\t\t\t\t\t\twidth           : 800,\n\t\t\t\t\t\theight          : 480,\n\t\t\t\t\t\tminHeight       : 0,\n\t\t\t\t\t\tspace           : 0,\n\t\t\t\t\t\tstart           : 1,\n\t\t\t\t\t\tgrabCursor      : true,\n\t\t\t\t\t\tswipe           : true,\n\t\t\t\t\t\tmouse           : true,\n\t\t\t\t\t\tlayout          : \"boxed\",\n\t\t\t\t\t\twheel           : false,\n\t\t\t\t\t\tautoplay        : true,\n\t\t\t\t\t\tinstantStartLayers:false,\n\t\t\t\t\t\tloop            : false,\n\t\t\t\t\t\tshuffle         : false,\n\t\t\t\t\t\tpreload         : 0,\n\t\t\t\t\t\theightLimit     : true,\n\t\t\t\t\t\tautoHeight      : false,\n\t\t\t\t\t\tsmoothHeight    : true,\n\t\t\t\t\t\tendPause        : false,\n\t\t\t\t\t\toverPause       : true,\n\t\t\t\t\t\tfillMode        : \"fill\",\n\t\t\t\t\t\tcenterControls  : true,\n\t\t\t\t\t\tstartOnAppear   : false,\n\t\t\t\t\t\tlayersMode      : \"center\",\n\t\t\t\t\t\thideLayers      : false,\n\t\t\t\t\t\tfullscreenMargin: 0,\n\t\t\t\t\t\tspeed           : 20,\n\t\t\t\t\t\tdir             : \"h\",\n\t\t\t\t\t\tparallaxMode    : 'swipe',\n\t\t\t\t\t\tview            : \"basic\"\n\t\t\t\t});\n\n\t\t\t\t\n\t\t\t\twindow.masterslider_instances = window.masterslider_instances || [];\n\t\t\t\twindow.masterslider_instances.push( masterslider_60f2 );\n\t\t\t });\n\n\t\t})(jQuery);\n\t\t<\/script>\n\n\n<p><span style=\"color: #000080;\"><strong>En Buenos Aires, Argentina en un evento con invitados especiales como el comediante Ezequiel Campa, otros artistas Eliana Migliarini, Jorge Rey y Belu Khoury; Matilda Blanco, Santiago Artemis y Raul Pardeilhan la compa\u00f1\u00eda presento los estrenos exclusivos para el 2024 de Universal +, USA Network, \u00a1E! Entertainment, Telemundo Internacional, Universal TV y DreamWorks.<\/strong><\/span><\/p>\n<p>As\u00ed, de esta manera en una gran velada los ejecutivos de la empresa presentaron a lo que llamaron \u2018una nueva era del entretenimiento que se avecina con las sorpresas que tienen preparadas las 13 marcas l\u00edderes que conforman la compa\u00f1\u00eda\u2019: <strong>E! Entertainment, Telemundo Internacional, Universal TV, USA Network, Studio Universal, DreamWorks, as\u00ed como Universal +,<\/strong> el paquete de canales premium con miles de horas de contenido <em>On Demand.<\/em><\/p>\n<p><span style=\"color: #ff0000;\"><strong>ALGUNOS DE LOS ESTRENOS DESTACADOS PARA ESTE 2024<\/strong><\/span><\/p>\n<p><span style=\"color: #ff0000;\"><strong>UNIVERSAL +<\/strong><\/span><\/p>\n<div id=\"attachment_67661\" style=\"width: 1010px\" class=\"wp-caption aligncenter\"><img loading=\"lazy\" decoding=\"async\" aria-describedby=\"caption-attachment-67661\" class=\"size-full wp-image-67661\" src=\"https:\/\/tvmasmagazine.com\/wp-content\/uploads\/2023\/12\/NBC-UNIVERSAL-EVENTO-TED.jpg\" alt=\"\" width=\"1000\" height=\"527\" srcset=\"https:\/\/tvmasmagazine.com\/wp-content\/uploads\/2023\/12\/NBC-UNIVERSAL-EVENTO-TED.jpg 1000w, https:\/\/tvmasmagazine.com\/wp-content\/uploads\/2023\/12\/NBC-UNIVERSAL-EVENTO-TED-350x184.jpg 350w, https:\/\/tvmasmagazine.com\/wp-content\/uploads\/2023\/12\/NBC-UNIVERSAL-EVENTO-TED-150x79.jpg 150w, https:\/\/tvmasmagazine.com\/wp-content\/uploads\/2023\/12\/NBC-UNIVERSAL-EVENTO-TED-768x405.jpg 768w\" sizes=\"auto, (max-width: 1000px) 100vw, 1000px\" \/><p id=\"caption-attachment-67661\" class=\"wp-caption-text\">TED<\/p><\/div>\n<p>Luego de una d\u00e9cada, <strong><em>\u201cTed\u201d<\/em> <\/strong>est\u00e1 de regreso y en versi\u00f3n serie, donde el humor negro, picard\u00eda y desverg\u00fcenza que caracterizan al carism\u00e1tico osito de peluche ser\u00e1n su leitmotiv. Una de las producciones m\u00e1s esperadas del 2024, estrenar\u00e1 muy pronto y en exclusiva para Latinoam\u00e9rica por Universal +. Cuando en 2012 \u201cTed\u201d estren\u00f3 la primera pel\u00edcula protagonizada por <strong>Mark Wahlberg<\/strong>, dif\u00edcilmente la audiencia hubiera imaginado que se estrenar\u00eda la precuela televisiva de este popular <em>teddy bear<\/em>. Para sorpresa de todos, \u201cTed\u201d ha decidido volver para viajar al a\u00f1o 1993 y relatar los or\u00edgenes de su relaci\u00f3n con <strong>John Bennet<\/strong>, su incondicional amigo humano, durante el transcurso de su adolescencia.<\/p>\n<p><a href=\"https:\/\/global.natpe.com\/2024\/register\/?utm_source=contra&amp;utm_campaign=TVMAS\"><img loading=\"lazy\" decoding=\"async\" class=\"aligncenter wp-image-67318 size-full\" src=\"https:\/\/tvmasmagazine.com\/wp-content\/uploads\/2023\/09\/TVMAS.345x100-SPANISH.gif\" alt=\"\" width=\"345\" height=\"100\" \/><\/a><\/p>\n<p><span style=\"color: #ff0000;\"><strong>USA NETWORK<\/strong><\/span><\/p>\n<div id=\"attachment_67663\" style=\"width: 1666px\" class=\"wp-caption aligncenter\"><img loading=\"lazy\" decoding=\"async\" aria-describedby=\"caption-attachment-67663\" class=\"size-full wp-image-67663\" src=\"https:\/\/tvmasmagazine.com\/wp-content\/uploads\/2023\/12\/NBC-UNIVERSAL-DR.-DEATH-OK.png\" alt=\"\" width=\"1656\" height=\"1100\" srcset=\"https:\/\/tvmasmagazine.com\/wp-content\/uploads\/2023\/12\/NBC-UNIVERSAL-DR.-DEATH-OK.png 1656w, https:\/\/tvmasmagazine.com\/wp-content\/uploads\/2023\/12\/NBC-UNIVERSAL-DR.-DEATH-OK-350x232.png 350w, https:\/\/tvmasmagazine.com\/wp-content\/uploads\/2023\/12\/NBC-UNIVERSAL-DR.-DEATH-OK-1024x680.png 1024w, https:\/\/tvmasmagazine.com\/wp-content\/uploads\/2023\/12\/NBC-UNIVERSAL-DR.-DEATH-OK-150x100.png 150w, https:\/\/tvmasmagazine.com\/wp-content\/uploads\/2023\/12\/NBC-UNIVERSAL-DR.-DEATH-OK-768x510.png 768w, https:\/\/tvmasmagazine.com\/wp-content\/uploads\/2023\/12\/NBC-UNIVERSAL-DR.-DEATH-OK-1536x1020.png 1536w\" sizes=\"auto, (max-width: 1656px) 100vw, 1656px\" \/><p id=\"caption-attachment-67663\" class=\"wp-caption-text\">DR. DEATH<\/p><\/div>\n<p><strong>\u201c<em>Dr. Death\u201d<\/em>,<\/strong> la escalofriante miniserie de USA Network, cuya primera parte cont\u00f3 con la estelaridad de <strong>Joshua Jackson, Alec Baldwin<\/strong> y <strong>Christian Slater<\/strong>, regresa con una segunda entrega que desembarcar\u00e1 muy pronto en Latinoam\u00e9rica. Luego de ver a <strong>Joshua Jackson<\/strong> atentar contra la vida de pacientes encarnando al s\u00e1dico Dr. Duntsch, USA Network anuncia el inminente estreno de una segunda temporada de la antolog\u00eda m\u00e9dica \u201cDr. Death\u201d. La espeluznante ficci\u00f3n, basada en hechos reales, regresa de la mano de <strong>Edgar Ram\u00edrez<\/strong> (The Undoing, Gianni Versace: American Crime Story) y <strong>Mandy Moore<\/strong> (This Is Us), quienes le dar\u00e1n vida a un nuevo y aberrante relato.<\/p>\n<p><span style=\"color: #ff0000;\"><strong>E! ENTERTAINMENT<\/strong><\/span><\/p>\n<div id=\"attachment_67653\" style=\"width: 1056px\" class=\"wp-caption aligncenter\"><img loading=\"lazy\" decoding=\"async\" aria-describedby=\"caption-attachment-67653\" class=\"size-full wp-image-67653\" src=\"https:\/\/tvmasmagazine.com\/wp-content\/uploads\/2023\/12\/NBC-UNIVERSAL-EVENTO-ESCUELA-IMPARABLES-.png\" alt=\"\" width=\"1046\" height=\"1232\" srcset=\"https:\/\/tvmasmagazine.com\/wp-content\/uploads\/2023\/12\/NBC-UNIVERSAL-EVENTO-ESCUELA-IMPARABLES-.png 1046w, https:\/\/tvmasmagazine.com\/wp-content\/uploads\/2023\/12\/NBC-UNIVERSAL-EVENTO-ESCUELA-IMPARABLES--297x350.png 297w, https:\/\/tvmasmagazine.com\/wp-content\/uploads\/2023\/12\/NBC-UNIVERSAL-EVENTO-ESCUELA-IMPARABLES--869x1024.png 869w, https:\/\/tvmasmagazine.com\/wp-content\/uploads\/2023\/12\/NBC-UNIVERSAL-EVENTO-ESCUELA-IMPARABLES--127x150.png 127w, https:\/\/tvmasmagazine.com\/wp-content\/uploads\/2023\/12\/NBC-UNIVERSAL-EVENTO-ESCUELA-IMPARABLES--768x905.png 768w\" sizes=\"auto, (max-width: 1046px) 100vw, 1046px\" \/><p id=\"caption-attachment-67653\" class=\"wp-caption-text\">Daniela Alvarez host \u2018Escuela Imparables\u2019<\/p><\/div>\n<p>El estreno de <strong><em>\u201cEscuela Imparables\u201d,<\/em><\/strong> el primer reality de competencia de empoderamiento femenino en Latinoam\u00e9rica que brinda a mujeres emprendedoras las herramientas necesarias para llevar su negocio al siguiente nivel que <span style=\"color: #ff0000;\">estrenar\u00e1 el 25 enero 2024 en m\u00e1s de 22 pa\u00edses de Latinoam\u00e9rica<\/span>. La aclamada presentadora, activista y ex Miss Colombia (2011\/2012), <strong>Daniela \u00c1lvarez<\/strong>, ser\u00e1 la host de esta nueva tercera temporada, quien se ha convertido en un sin\u00f3nimo de resiliencia y superaci\u00f3n luego de perder su pierna izquierda debido a una isquemia vascular en 2020.<\/p>\n<p>\u00a1Adem\u00e1s, se desplegar\u00e1 la primera alfombra roja del a\u00f1o <span style=\"color: #ff0000;\">el 15 de enero desde Los \u00c1ngeles<\/span> la nueva edici\u00f3n de los <strong>Emmy Awards 2024<\/strong> y como siempre E! Entertainment realizar\u00e1 una transmisi\u00f3n en VIVO de dos horas para que toda Latinoam\u00e9rica pueda disfrutar en primera fila de la gran llegada de sus estrellas favoritas.<\/p>\n<p>Y por \u00faltimo <strong>E! Entertainment<\/strong> anuncia que la 49\u00ba edici\u00f3n de los <strong>People\u2019s Choice Awards<\/strong> ya tiene fecha confirmada: <span style=\"color: #ff0000;\">18 de febrero de 2024 con transmisi\u00f3n exclusiva en VIVO para toda Latinoam\u00e9rica<\/span> desde el Barker Hangar en Santa M\u00f3nica, California celebrando un a\u00f1o sin precedentes en la cultura pop, al tiempo que reunir\u00e1 a la industria del entretenimiento y a sus fan\u00e1ticos para honrar a los \u00eddolos de cada categor\u00eda que han inspirado durante todo el a\u00f1o.<\/p>\n<p><a href=\"https:\/\/contentamericas.net\/register-for-content-americas-2024\/\"><img loading=\"lazy\" decoding=\"async\" class=\"aligncenter wp-image-67246 size-full\" src=\"https:\/\/tvmasmagazine.com\/wp-content\/uploads\/2023\/09\/Screenshot_3.png\" alt=\"\" width=\"1456\" height=\"180\" srcset=\"https:\/\/tvmasmagazine.com\/wp-content\/uploads\/2023\/09\/Screenshot_3.png 1456w, https:\/\/tvmasmagazine.com\/wp-content\/uploads\/2023\/09\/Screenshot_3-350x43.png 350w, https:\/\/tvmasmagazine.com\/wp-content\/uploads\/2023\/09\/Screenshot_3-1024x127.png 1024w, https:\/\/tvmasmagazine.com\/wp-content\/uploads\/2023\/09\/Screenshot_3-150x19.png 150w, https:\/\/tvmasmagazine.com\/wp-content\/uploads\/2023\/09\/Screenshot_3-768x95.png 768w\" sizes=\"auto, (max-width: 1456px) 100vw, 1456px\" \/><\/a><\/p>\n<p><span style=\"color: #ff0000;\"><strong>UNIVERSAL TV<\/strong><\/span><\/p>\n<div id=\"attachment_67664\" style=\"width: 2570px\" class=\"wp-caption aligncenter\"><img loading=\"lazy\" decoding=\"async\" aria-describedby=\"caption-attachment-67664\" class=\"size-full wp-image-67664\" src=\"https:\/\/tvmasmagazine.com\/wp-content\/uploads\/2023\/12\/NBC-UNIVERSAL-EVENTO-THE-IRRATIONAL-PARA-ESTRENO-2024-scaled.jpg\" alt=\"\" width=\"2560\" height=\"1703\" srcset=\"https:\/\/tvmasmagazine.com\/wp-content\/uploads\/2023\/12\/NBC-UNIVERSAL-EVENTO-THE-IRRATIONAL-PARA-ESTRENO-2024-scaled.jpg 2560w, https:\/\/tvmasmagazine.com\/wp-content\/uploads\/2023\/12\/NBC-UNIVERSAL-EVENTO-THE-IRRATIONAL-PARA-ESTRENO-2024-350x233.jpg 350w, https:\/\/tvmasmagazine.com\/wp-content\/uploads\/2023\/12\/NBC-UNIVERSAL-EVENTO-THE-IRRATIONAL-PARA-ESTRENO-2024-1024x681.jpg 1024w, https:\/\/tvmasmagazine.com\/wp-content\/uploads\/2023\/12\/NBC-UNIVERSAL-EVENTO-THE-IRRATIONAL-PARA-ESTRENO-2024-150x100.jpg 150w, https:\/\/tvmasmagazine.com\/wp-content\/uploads\/2023\/12\/NBC-UNIVERSAL-EVENTO-THE-IRRATIONAL-PARA-ESTRENO-2024-768x511.jpg 768w, https:\/\/tvmasmagazine.com\/wp-content\/uploads\/2023\/12\/NBC-UNIVERSAL-EVENTO-THE-IRRATIONAL-PARA-ESTRENO-2024-1536x1022.jpg 1536w, https:\/\/tvmasmagazine.com\/wp-content\/uploads\/2023\/12\/NBC-UNIVERSAL-EVENTO-THE-IRRATIONAL-PARA-ESTRENO-2024-2048x1363.jpg 2048w\" sizes=\"auto, (max-width: 2560px) 100vw, 2560px\" \/><p id=\"caption-attachment-67664\" class=\"wp-caption-text\">THE IRRATIONAL<\/p><\/div>\n<p><strong><em>\u201cThe Irrational\u201d<\/em><\/strong> nueva serie que <span style=\"color: #ff0000;\">estrenar\u00e1 el 11 de enero 2024<\/span>. La nueva serie gira en torno a <strong>Alec Mercer<\/strong> (interpretado por <span style=\"color: #ff0000;\">Jesse L. Martin<\/span>), un profesor de psicolog\u00eda experto en investigar el comportamiento humano. Due\u00f1o de un renombre y reconocimiento a nivel mundial, Mercer cuenta con una visi\u00f3n \u00fanica de la naturaleza humana y de sus condiciones. Habilidad que permitir\u00e1 aportar su enorme experiencia a una variedad de casos de alto riesgo que involucran a gobiernos, corporaciones y autoridades policiales. Sin embargo, Mercer encontrar\u00e1 una gran e inesperada rival, sospechosa de terrorismo dom\u00e9stico, que lo pondr\u00e1 frente a una situaci\u00f3n que nunca hab\u00eda vivido a lo largo de su extensa carrera profesional.<\/p>\n<div id=\"attachment_67666\" style=\"width: 2570px\" class=\"wp-caption aligncenter\"><img loading=\"lazy\" decoding=\"async\" aria-describedby=\"caption-attachment-67666\" class=\"size-full wp-image-67666\" src=\"https:\/\/tvmasmagazine.com\/wp-content\/uploads\/2023\/12\/NBC-UNIVERSAL-FAIMILY-LAW-TEMPORADA-2024-scaled.jpg\" alt=\"\" width=\"2560\" height=\"1707\" srcset=\"https:\/\/tvmasmagazine.com\/wp-content\/uploads\/2023\/12\/NBC-UNIVERSAL-FAIMILY-LAW-TEMPORADA-2024-scaled.jpg 2560w, https:\/\/tvmasmagazine.com\/wp-content\/uploads\/2023\/12\/NBC-UNIVERSAL-FAIMILY-LAW-TEMPORADA-2024-350x233.jpg 350w, https:\/\/tvmasmagazine.com\/wp-content\/uploads\/2023\/12\/NBC-UNIVERSAL-FAIMILY-LAW-TEMPORADA-2024-1024x683.jpg 1024w, https:\/\/tvmasmagazine.com\/wp-content\/uploads\/2023\/12\/NBC-UNIVERSAL-FAIMILY-LAW-TEMPORADA-2024-150x100.jpg 150w, https:\/\/tvmasmagazine.com\/wp-content\/uploads\/2023\/12\/NBC-UNIVERSAL-FAIMILY-LAW-TEMPORADA-2024-768x512.jpg 768w, https:\/\/tvmasmagazine.com\/wp-content\/uploads\/2023\/12\/NBC-UNIVERSAL-FAIMILY-LAW-TEMPORADA-2024-1536x1024.jpg 1536w, https:\/\/tvmasmagazine.com\/wp-content\/uploads\/2023\/12\/NBC-UNIVERSAL-FAIMILY-LAW-TEMPORADA-2024-2048x1365.jpg 2048w\" sizes=\"auto, (max-width: 2560px) 100vw, 2560px\" \/><p id=\"caption-attachment-67666\" class=\"wp-caption-text\">FAMILY LAW<\/p><\/div>\n<p><strong>Mientras que la serie \u201cFamily Law\u201d<\/strong> protagonizada por Jewel Staite <em>(Firefly),<\/em> en el rol de Abigail Bianchi, est\u00e1 de regreso con su tercera temporada el <span style=\"color: #ff0000;\">9 de enero 2024<\/span>. La abogada que afront\u00f3 una fuerte sacudida en su carrera profesional luego de un incidente en un tribunal p\u00fablico seguir\u00e1 sumergida en la compleja din\u00e1mica familiar que supone trabajar en el bufete de abogados de su padre, mientras contiene todos los problemas de car\u00e1cter personal que la aquejan. Con la participaci\u00f3n estelar de <strong>Victor Garber<\/strong> (Titanic, And Just Like That), en compa\u00f1\u00eda de <strong>Brett Kelly<\/strong> (Sobrenatural), <strong>Zach Smadu<\/strong> (The Expanse) y <strong>Gennelle Williams<\/strong> (Delia\u00b4s Gone).<\/p>\n<div id=\"attachment_67665\" style=\"width: 2570px\" class=\"wp-caption aligncenter\"><img loading=\"lazy\" decoding=\"async\" aria-describedby=\"caption-attachment-67665\" class=\"size-full wp-image-67665\" src=\"https:\/\/tvmasmagazine.com\/wp-content\/uploads\/2023\/12\/NBC-UNIVERSAL-Family-Law_Landscape_-para-2024--scaled.jpg\" alt=\"\" width=\"2560\" height=\"1927\" srcset=\"https:\/\/tvmasmagazine.com\/wp-content\/uploads\/2023\/12\/NBC-UNIVERSAL-Family-Law_Landscape_-para-2024--scaled.jpg 2560w, https:\/\/tvmasmagazine.com\/wp-content\/uploads\/2023\/12\/NBC-UNIVERSAL-Family-Law_Landscape_-para-2024--350x263.jpg 350w, https:\/\/tvmasmagazine.com\/wp-content\/uploads\/2023\/12\/NBC-UNIVERSAL-Family-Law_Landscape_-para-2024--1024x771.jpg 1024w, https:\/\/tvmasmagazine.com\/wp-content\/uploads\/2023\/12\/NBC-UNIVERSAL-Family-Law_Landscape_-para-2024--150x113.jpg 150w, https:\/\/tvmasmagazine.com\/wp-content\/uploads\/2023\/12\/NBC-UNIVERSAL-Family-Law_Landscape_-para-2024--768x578.jpg 768w, https:\/\/tvmasmagazine.com\/wp-content\/uploads\/2023\/12\/NBC-UNIVERSAL-Family-Law_Landscape_-para-2024--1536x1156.jpg 1536w, https:\/\/tvmasmagazine.com\/wp-content\/uploads\/2023\/12\/NBC-UNIVERSAL-Family-Law_Landscape_-para-2024--2048x1542.jpg 2048w\" sizes=\"auto, (max-width: 2560px) 100vw, 2560px\" \/><p id=\"caption-attachment-67665\" class=\"wp-caption-text\">FAMILY LAW<\/p><\/div>\n<p>NBCUniversal International Networks Latin America, es una empresa conjunta entre <strong>NBCUniversal<\/strong> y <strong>Ole Communications<\/strong>, que opera <strong>Universal TV, Studio Universal, SYFY, E! Entertainment, Telemundo Internacional, MSNBC<\/strong> y <strong>DreamWorks<\/strong> en los territorios de habla hispana de Am\u00e9rica Latina y el Caribe, as\u00ed como <strong>E! Entertainment<\/strong> en Brasil, incluyendo sus plataformas digitales.<\/p>\n<p><a href=\"https:\/\/centauro.com\/\"><img loading=\"lazy\" decoding=\"async\" class=\"aligncenter wp-image-66800 size-full\" src=\"https:\/\/tvmasmagazine.com\/wp-content\/uploads\/2023\/05\/unnamed-3.gif\" alt=\"\" width=\"468\" height=\"120\" \/><\/a><\/p>\n<p>Redacci\u00f3n TVMAS<\/p>\n<p>&nbsp;<\/p>","protected":false},"excerpt":{"rendered":"<p>LATINOAM\u00c9RICA | ESTRENOS | SERIES En Buenos Aires, Argentina en un evento con invitados especiales como el comediante Ezequiel Campa, <a class=\"more-link\" href=\"https:\/\/tvmasmagazine.com\/es\/2023\/12\/08\/nbcuniversal-international-networks-latin-america-presento-los-estrenos-para-2024\/\">&#8230;<\/a><\/p>\n","protected":false},"author":1,"featured_media":67653,"comment_status":"open","ping_status":"closed","sticky":false,"template":"","format":"standard","meta":{"footnotes":""},"categories":[80,256,47],"tags":[],"class_list":["post-67652","post","type-post","status-publish","format-standard","has-post-thumbnail","hentry","category-ott","category-series","category-tv-de-pagp"],"_links":{"self":[{"href":"https:\/\/tvmasmagazine.com\/es\/wp-json\/wp\/v2\/posts\/67652","targetHints":{"allow":["GET"]}}],"collection":[{"href":"https:\/\/tvmasmagazine.com\/es\/wp-json\/wp\/v2\/posts"}],"about":[{"href":"https:\/\/tvmasmagazine.com\/es\/wp-json\/wp\/v2\/types\/post"}],"author":[{"embeddable":true,"href":"https:\/\/tvmasmagazine.com\/es\/wp-json\/wp\/v2\/users\/1"}],"replies":[{"embeddable":true,"href":"https:\/\/tvmasmagazine.com\/es\/wp-json\/wp\/v2\/comments?post=67652"}],"version-history":[{"count":6,"href":"https:\/\/tvmasmagazine.com\/es\/wp-json\/wp\/v2\/posts\/67652\/revisions"}],"predecessor-version":[{"id":67697,"href":"https:\/\/tvmasmagazine.com\/es\/wp-json\/wp\/v2\/posts\/67652\/revisions\/67697"}],"wp:featuredmedia":[{"embeddable":true,"href":"https:\/\/tvmasmagazine.com\/es\/wp-json\/wp\/v2\/media\/67653"}],"wp:attachment":[{"href":"https:\/\/tvmasmagazine.com\/es\/wp-json\/wp\/v2\/media?parent=67652"}],"wp:term":[{"taxonomy":"category","embeddable":true,"href":"https:\/\/tvmasmagazine.com\/es\/wp-json\/wp\/v2\/categories?post=67652"},{"taxonomy":"post_tag","embeddable":true,"href":"https:\/\/tvmasmagazine.com\/es\/wp-json\/wp\/v2\/tags?post=67652"}],"curies":[{"name":"wp","href":"https:\/\/api.w.org\/{rel}","templated":true}]}}