{"id":67683,"date":"2023-12-09T19:03:13","date_gmt":"2023-12-09T22:03:13","guid":{"rendered":"https:\/\/tvmasmagazine.com\/?p=67683"},"modified":"2023-12-10T10:11:07","modified_gmt":"2023-12-10T13:11:07","slug":"colombia-en-el-festival-de-cine-de-la-habana","status":"publish","type":"post","link":"https:\/\/tvmasmagazine.com\/es\/2023\/12\/09\/colombia-en-el-festival-de-cine-de-la-habana\/","title":{"rendered":"COLOMBIA EN EL FESTIVAL DE CINE DE LA HABANA"},"content":{"rendered":"<p><strong><span style=\"color: #ff0000;\">FESTIVALES | FILMS | GUIONES<\/span><\/strong><\/p>\n<p><span style=\"color: #000080;\"><strong>En la edici\u00f3n 44 del Festival Internacional del Nuevo Cine Latinoamericano de La Habana participan catorce producciones colombianas. El evento que empez\u00f3 ayer 8 y finaliza el 17 de diciembre tambi\u00e9n cuenta con la participaci\u00f3n de diez guiones y tres carteles que enriquecen la participaci\u00f3n nacional.<\/strong><\/span><\/p>\n<div id=\"attachment_67684\" style=\"width: 662px\" class=\"wp-caption aligncenter\"><img loading=\"lazy\" decoding=\"async\" aria-describedby=\"caption-attachment-67684\" class=\"size-full wp-image-67684\" src=\"https:\/\/tvmasmagazine.com\/wp-content\/uploads\/2023\/12\/CATALINA-REY-Foto-Vicente-Gonzalez.jpeg\" alt=\"\" width=\"652\" height=\"366\" srcset=\"https:\/\/tvmasmagazine.com\/wp-content\/uploads\/2023\/12\/CATALINA-REY-Foto-Vicente-Gonzalez.jpeg 652w, https:\/\/tvmasmagazine.com\/wp-content\/uploads\/2023\/12\/CATALINA-REY-Foto-Vicente-Gonzalez-350x196.jpeg 350w, https:\/\/tvmasmagazine.com\/wp-content\/uploads\/2023\/12\/CATALINA-REY-Foto-Vicente-Gonzalez-150x84.jpeg 150w\" sizes=\"auto, (max-width: 652px) 100vw, 652px\" \/><p id=\"caption-attachment-67684\" class=\"wp-caption-text\">Catalina Rey protagonista del drama corto \u2018Bogot\u00e1 Story\u2019<\/p><\/div>\n<p>Concebido como una continuaci\u00f3n de los festivales de Vi\u00f1a del Mar (1967 y 1969), M\u00e9rida (1968 y 1977) y Caracas (1974), en los que se dieron cita filmes y cineastas representativos de las tendencias cinematogr\u00e1ficas m\u00e1s renovadoras de Am\u00e9rica Latina, el Festival Internacional del Nuevo Cine Latinoamericano, cuya primera edici\u00f3n se realiz\u00f3 el 3 de diciembre de 1979, es una respuesta urgente al reclamo de un espacio que garantizara el encuentro sistem\u00e1tico entre las cinematograf\u00edas del continente y sus creadores, informa el portal <em>Pantalla Colombia<\/em> de <strong>Proimagenes de Colombia<\/strong>.<\/p>\n<p>En 2023 llega a su edici\u00f3n 44 con el objetivo de reconocer y difundir las obras cinematogr\u00e1ficas que contribuyan, a partir de su significaci\u00f3n y de sus valores art\u00edsticos, al enriquecimiento y reafirmaci\u00f3n de la identidad cultural latinoamericana y caribe\u00f1a, presentando cada a\u00f1o cerca de un centenar de t\u00edtulos.<\/p>\n<p><a href=\"https:\/\/global.natpe.com\/2024\/register\/?utm_source=contra&amp;utm_campaign=TVMAS\"><img loading=\"lazy\" decoding=\"async\" class=\"aligncenter wp-image-67318 size-full\" src=\"https:\/\/tvmasmagazine.com\/wp-content\/uploads\/2023\/09\/TVMAS.345x100-SPANISH.gif\" alt=\"\" width=\"345\" height=\"100\" \/><\/a><\/p>\n<p><span style=\"color: #ff0000;\"><strong>En la categor\u00eda Premio Coral de Posproducci\u00f3n <\/strong><\/span>participa la coproducci\u00f3n entre Rep\u00fablica Dominicana y Colombia, \u2018<em>Aunque sea ver el mar\u2019<\/em> de <strong>Pablo Lozano<\/strong>, pel\u00edcula producida por <strong>Juan Antonio Bison\u00f3<\/strong> en asocio con el <strong>Instituto Tecnol\u00f3gico de Santo Domingo<\/strong>; y \u2018<em>El silencio de los palafitos\u2019<\/em> de\u00a0 <strong>Yull Nu\u00f1\u00e9z Yepes<\/strong>, producido por <strong>Cinequipos Producciones<\/strong>.<\/p>\n<p><span style=\"color: #ff0000;\"><strong>En el concurso latinoamericano participan<\/strong> <\/span>las pel\u00edculas \u2018<em>Bogot\u00e1 story\u2019<\/em> dirigida por <strong>Esteban Pedraza<\/strong> y producida por <strong>La Productora Cine<\/strong>; \u2018<em>El otro hijo\u2019<\/em> dirigida por <strong>Juan Sebasti\u00e1n Quebrada<\/strong> y \u2018<em>La perra\u2019 <\/em>de <strong>Carla Melo<\/strong>, ambas producidas por <strong>Evidencia Films<\/strong>, <em>\u2018La m\u00e1quina\u2019<\/em> dirigida por <strong>Juan Diego Aguirre<\/strong> y producida por <strong>la Corporaci\u00f3n Frontera Films<\/strong>; \u2018<em>Los \u00f3rganos internos de la madre tierra\u2019 <\/em>de <strong>Ana Bravo P\u00e9rez<\/strong>, producida por <strong>Urkunina Films<\/strong>; <em>\u2018Transfariana\u2019<\/em> de <strong>Joris Lachaise<\/strong>, producida por la empresa <strong>Romeo <\/strong>y <em>\u2018Una porci\u00f3n<\/em> <em>por envase\u2019<\/em> de <strong>Miguel Ot\u00e1lora<\/strong>, producida por <strong>Ad Infinitum<\/strong>.<\/p>\n<p><a href=\"https:\/\/contentamericas.net\/es\/register-for-content-americas-2024\/\"><img loading=\"lazy\" decoding=\"async\" class=\"aligncenter wp-image-67246 size-full\" src=\"https:\/\/tvmasmagazine.com\/wp-content\/uploads\/2023\/09\/Screenshot_3.png\" alt=\"\" width=\"1456\" height=\"180\" srcset=\"https:\/\/tvmasmagazine.com\/wp-content\/uploads\/2023\/09\/Screenshot_3.png 1456w, https:\/\/tvmasmagazine.com\/wp-content\/uploads\/2023\/09\/Screenshot_3-350x43.png 350w, https:\/\/tvmasmagazine.com\/wp-content\/uploads\/2023\/09\/Screenshot_3-1024x127.png 1024w, https:\/\/tvmasmagazine.com\/wp-content\/uploads\/2023\/09\/Screenshot_3-150x19.png 150w, https:\/\/tvmasmagazine.com\/wp-content\/uploads\/2023\/09\/Screenshot_3-768x95.png 768w\" sizes=\"auto, (max-width: 1456px) 100vw, 1456px\" \/><\/a><\/p>\n<p>En la secci\u00f3n Latinoam\u00e9rica en <strong>Perspectiva <\/strong>participan <em>\u2018La suprema\u2019<\/em> de <strong>Felipe H. Caro<\/strong>, producida por <strong>Cumbia Films<\/strong>; \u2018<em>Madre nuestra\u2019<\/em> de <strong>David Paredes<\/strong>; \u2018<em>Mudos testigo\u2019s<\/em> de <strong>Jer\u00f3nimo Atehort\u00faa y Luis Ospina<\/strong>, producida por <strong>Invasi\u00f3n Cine<\/strong>; \u2018<em>T\u00fa me hiciste ver el cielo\u2019<\/em> de <strong>Luis Esguerra Cifuentes<\/strong>, producida por <strong>Bruma Cine<\/strong> y \u2018<em>Tumbadore\u2019s<\/em> de <strong>Mar\u00eda Isabel Burnes<\/strong>, una producci\u00f3n de <strong>Too Much Productions<\/strong> con <strong>Inercia Pel\u00edculas<\/strong>.<\/p>\n<p><span style=\"color: #ff0000;\"><strong>En la competencia de guiones participan<\/strong><\/span> \u2018<em>Ca\u00f1o 39\u2019<\/em> de <strong>Carlos Hern\u00e1n Franco Valencia<\/strong>, \u2018<em>El poeta gal\u00e1ctic\u2019o<\/em> de <strong>Nicol\u00e1s Ord\u00f3\u00f1ez Carrillo<\/strong>, \u2018<em>El viaje de la memoria\u2019<\/em> de <strong>Juan Pablo Ortiz Rodr\u00edguez<\/strong>, \u2018<em>Fe\u2019<\/em> de <strong>Samuel Chalela Puccini<\/strong><em>,\u2019 Invisible\u2019<\/em> de <strong>Andr\u00e9s Casta\u00f1eda Romero y \u00d3scar Eduardo Ad\u00e1n D\u00edaz<\/strong>, \u2018<em>La guarrior\u2019<\/em> de <strong>Juliana Ram\u00edrez Plazas<\/strong>, \u2018<em>Matuna\u2019<\/em> de <strong>Daniela Narv\u00e1ez Huertas<\/strong>, \u2018<em>Un velorio del carajo\u2019<\/em> de <strong>Di\u00f3genes Guerra Miranda<\/strong>, \u2018<em>Un viejo sin documentos\u2019<\/em> de <strong>Edgar De Luque<\/strong> y \u2018<em>Ra\u00edces del sol<\/em> \u2018de <strong>Cynthia Alvarado, Jennifer Zapateiro<\/strong> y <strong>Claudio D\u2019Elia<\/strong>.<\/p>\n<p><span style=\"color: #ff0000;\"><strong>En la competencia de Carteles<\/strong><\/span> participan \u2018<em>D\u00eda de visita\u2019<\/em> y \u2018<em>El canto del auricantur\u2019i<\/em> de <strong>Jonathan R\u00edos Valencia<\/strong> (Nattan) y \u2018<em>Todas las flores\u2019<\/em> de <strong>Jonathan C\u00e1rdenas<\/strong> (Jacs).<\/p>\n<p><a href=\"http:\/\/centauro.com\"><img loading=\"lazy\" decoding=\"async\" class=\"aligncenter wp-image-66800 size-full\" src=\"https:\/\/tvmasmagazine.com\/wp-content\/uploads\/2023\/05\/unnamed-3.gif\" alt=\"\" width=\"468\" height=\"120\" \/><\/a><\/p>\n<p>Redacci\u00f3n TVMAS<\/p>","protected":false},"excerpt":{"rendered":"<p>FESTIVALES | FILMS | GUIONES En la edici\u00f3n 44 del Festival Internacional del Nuevo Cine Latinoamericano de La Habana participan <a class=\"more-link\" href=\"https:\/\/tvmasmagazine.com\/es\/2023\/12\/09\/colombia-en-el-festival-de-cine-de-la-habana\/\">&#8230;<\/a><\/p>\n","protected":false},"author":1,"featured_media":67684,"comment_status":"open","ping_status":"closed","sticky":false,"template":"","format":"standard","meta":{"footnotes":""},"categories":[15,244],"tags":[],"class_list":["post-67683","post","type-post","status-publish","format-standard","has-post-thumbnail","hentry","category-cine","category-eventos"],"_links":{"self":[{"href":"https:\/\/tvmasmagazine.com\/es\/wp-json\/wp\/v2\/posts\/67683","targetHints":{"allow":["GET"]}}],"collection":[{"href":"https:\/\/tvmasmagazine.com\/es\/wp-json\/wp\/v2\/posts"}],"about":[{"href":"https:\/\/tvmasmagazine.com\/es\/wp-json\/wp\/v2\/types\/post"}],"author":[{"embeddable":true,"href":"https:\/\/tvmasmagazine.com\/es\/wp-json\/wp\/v2\/users\/1"}],"replies":[{"embeddable":true,"href":"https:\/\/tvmasmagazine.com\/es\/wp-json\/wp\/v2\/comments?post=67683"}],"version-history":[{"count":5,"href":"https:\/\/tvmasmagazine.com\/es\/wp-json\/wp\/v2\/posts\/67683\/revisions"}],"predecessor-version":[{"id":67712,"href":"https:\/\/tvmasmagazine.com\/es\/wp-json\/wp\/v2\/posts\/67683\/revisions\/67712"}],"wp:featuredmedia":[{"embeddable":true,"href":"https:\/\/tvmasmagazine.com\/es\/wp-json\/wp\/v2\/media\/67684"}],"wp:attachment":[{"href":"https:\/\/tvmasmagazine.com\/es\/wp-json\/wp\/v2\/media?parent=67683"}],"wp:term":[{"taxonomy":"category","embeddable":true,"href":"https:\/\/tvmasmagazine.com\/es\/wp-json\/wp\/v2\/categories?post=67683"},{"taxonomy":"post_tag","embeddable":true,"href":"https:\/\/tvmasmagazine.com\/es\/wp-json\/wp\/v2\/tags?post=67683"}],"curies":[{"name":"wp","href":"https:\/\/api.w.org\/{rel}","templated":true}]}}