{"id":68206,"date":"2024-05-07T11:32:01","date_gmt":"2024-05-07T14:32:01","guid":{"rendered":"https:\/\/tvmasmagazine.com\/?p=68206"},"modified":"2024-05-07T11:46:11","modified_gmt":"2024-05-07T14:46:11","slug":"el-bafici-evento-de-cine-independiente-en-argentina","status":"publish","type":"post","link":"https:\/\/tvmasmagazine.com\/es\/2024\/05\/07\/el-bafici-evento-de-cine-independiente-en-argentina\/","title":{"rendered":"BAFICI EVENTO DE CINE INDEPENDIENTE EN ARGENTINA"},"content":{"rendered":"<p><strong><span style=\"color: #ff0000;\">TELEVISI\u00d3N CULTURAL<\/span><\/strong><\/p>\n<p><span style=\"color: #000080;\"><strong>Buenos Aires, Argentina se prepara para \u2018Mundial de baile: tango vals, milonga y otros bailes de la cultura popular latinoamericana.<\/strong><\/span><\/p>\n<div id=\"attachment_68209\" style=\"width: 2570px\" class=\"wp-caption aligncenter\"><img loading=\"lazy\" decoding=\"async\" aria-describedby=\"caption-attachment-68209\" class=\"size-full wp-image-68209\" src=\"https:\/\/tvmasmagazine.com\/wp-content\/uploads\/2024\/05\/3AED5728-60F9-4112-B505-5AB541DA4E28_1_201_a-scaled.jpeg\" alt=\"\" width=\"2560\" height=\"1706\" srcset=\"https:\/\/tvmasmagazine.com\/wp-content\/uploads\/2024\/05\/3AED5728-60F9-4112-B505-5AB541DA4E28_1_201_a-scaled.jpeg 2560w, https:\/\/tvmasmagazine.com\/wp-content\/uploads\/2024\/05\/3AED5728-60F9-4112-B505-5AB541DA4E28_1_201_a-350x233.jpeg 350w, https:\/\/tvmasmagazine.com\/wp-content\/uploads\/2024\/05\/3AED5728-60F9-4112-B505-5AB541DA4E28_1_201_a-1024x683.jpeg 1024w, https:\/\/tvmasmagazine.com\/wp-content\/uploads\/2024\/05\/3AED5728-60F9-4112-B505-5AB541DA4E28_1_201_a-150x100.jpeg 150w, https:\/\/tvmasmagazine.com\/wp-content\/uploads\/2024\/05\/3AED5728-60F9-4112-B505-5AB541DA4E28_1_201_a-768x512.jpeg 768w, https:\/\/tvmasmagazine.com\/wp-content\/uploads\/2024\/05\/3AED5728-60F9-4112-B505-5AB541DA4E28_1_201_a-1536x1024.jpeg 1536w, https:\/\/tvmasmagazine.com\/wp-content\/uploads\/2024\/05\/3AED5728-60F9-4112-B505-5AB541DA4E28_1_201_a-2048x1365.jpeg 2048w\" sizes=\"auto, (max-width: 2560px) 100vw, 2560px\" \/><p id=\"caption-attachment-68209\" class=\"wp-caption-text\">BAFICI<\/p><\/div>\n<p><span style=\"color: #000080;\"><strong>BAFICI FESTIVAL DE CINE INDEPENDIENTE. Es un evento que realiza la ciudad de Buenos Aires, consolidado como el gran festival de cine independiente de Am\u00e9rica Latina.<\/strong><\/span><\/p>\n<p><span style=\"color: #000080;\"><strong>Debora Rajtman. Directora de Festivales y Noches Culturales de la ciudad de Buenos Aires, adjunta al Ministerio de Cultura conversa con TV<span style=\"color: #ff0000;\">MAS<\/span>.<\/strong><\/span><\/p>\n<p>Experta en el desarrollo de eventos nacionales, Debora asumi\u00f3 la direcci\u00f3n de Festivales del Ministerio de la Ciudad de Buenos Aires el 10 diciembre de 2023, cuando fue nombrada ministra de Cultura, Gabriela Ricardes, con quien ha trabajado en la funci\u00f3n p\u00fablica hace varios a\u00f1os.<\/p>\n<p>\u201cComo directora de festivales, mi rol principal es liderar y supervisar las actividades relacionadas con la planificaci\u00f3n, organizaci\u00f3n y ejecuci\u00f3n de eventos culturales de gran envergadura. Esto incluye la coordinaci\u00f3n de equipos multidisciplinarios, la selecci\u00f3n de artistas y la programaci\u00f3n de actividades hasta la gesti\u00f3n de presupuestos y promoci\u00f3n del festival\u201d explica a TV<span style=\"color: #ff0000;\">MAS<\/span>.<\/p>\n<div id=\"attachment_68210\" style=\"width: 609px\" class=\"wp-caption aligncenter\"><img loading=\"lazy\" decoding=\"async\" aria-describedby=\"caption-attachment-68210\" class=\"size-full wp-image-68210\" src=\"https:\/\/tvmasmagazine.com\/wp-content\/uploads\/2024\/05\/Foto-Debora-Rajtman.jpeg\" alt=\"\" width=\"599\" height=\"1024\" srcset=\"https:\/\/tvmasmagazine.com\/wp-content\/uploads\/2024\/05\/Foto-Debora-Rajtman.jpeg 599w, https:\/\/tvmasmagazine.com\/wp-content\/uploads\/2024\/05\/Foto-Debora-Rajtman-205x350.jpeg 205w, https:\/\/tvmasmagazine.com\/wp-content\/uploads\/2024\/05\/Foto-Debora-Rajtman-88x150.jpeg 88w\" sizes=\"auto, (max-width: 599px) 100vw, 599px\" \/><p id=\"caption-attachment-68210\" class=\"wp-caption-text\">Debora Rajtman<\/p><\/div>\n<p><strong>BAFICI FESTIVAL DE CINE INDEPENDIENTE<\/strong><\/p>\n<p><strong>Es un evento que realiza la ciudad de Buenos Aires, consolidado como el gran festival de cine independiente de Am\u00e9rica Latina<\/strong>. El BAFICI cumpli\u00f3 25 a\u00f1os y lo celebr\u00f3 con una edici\u00f3n especial, con m\u00e1s de 500 funciones en 13 salas, donde se proyectar\u00e1n 260 pel\u00edculas para todos los p\u00fablicos.<\/p>\n<p>El Festival cont\u00f3 con la presencia de muchos cineastas locales e invitados internacionales para presentar sus pel\u00edculas, interactuar con el p\u00fablico y participar de diversas actividades. Y tuvo, adem\u00e1s, estrenos de pel\u00edculas que eligen al BAFICI para darse a conocer mundialmente.<\/p>\n<p>Desde su primera edici\u00f3n en 1999, el BAFICI puso el acento en destacar que el cine es mucho m\u00e1s que el que suele ofrecerse en la cartelera comercial, que el cine es un arte en movimiento en sentidos m\u00faltiples y que hay muchas pel\u00edculas que est\u00e1n esperando a sus potenciales espectadores. Por otra parte, el BAFICI es el festival que m\u00e1s cine argentino estrena y en esta edici\u00f3n el cine local estuvo presente a\u00fan con mayor fuerza, novedad y variedad.<\/p>\n<p>Este Festival es organizado por el Ministerio de Cultura de la Ciudad de Buenos Aires, pero gracias a la colaboraci\u00f3n entre el sector p\u00fablico y privado se ha podido extender el alcance del festival, programando funciones en complejos como Cin\u00e9polis de Plaza Houssay y Cine Arte Cacodelphia, con el fin de acercar el cine independiente a un p\u00fablico m\u00e1s amplio.<\/p>\n<p>El director art\u00edstico del Festival fue Javier Porta Fouz, desde la edici\u00f3n 2016, aunque forma parte del staff del Festival desde la tercera edici\u00f3n del evento, la del a\u00f1o 2001.<\/p>\n<div id=\"attachment_68212\" style=\"width: 2570px\" class=\"wp-caption aligncenter\"><img loading=\"lazy\" decoding=\"async\" aria-describedby=\"caption-attachment-68212\" class=\"wp-image-68212 size-full\" src=\"https:\/\/tvmasmagazine.com\/wp-content\/uploads\/2024\/05\/Javier-scaled.jpg\" alt=\"\" width=\"2560\" height=\"1707\" srcset=\"https:\/\/tvmasmagazine.com\/wp-content\/uploads\/2024\/05\/Javier-scaled.jpg 2560w, https:\/\/tvmasmagazine.com\/wp-content\/uploads\/2024\/05\/Javier-350x233.jpg 350w, https:\/\/tvmasmagazine.com\/wp-content\/uploads\/2024\/05\/Javier-1024x683.jpg 1024w, https:\/\/tvmasmagazine.com\/wp-content\/uploads\/2024\/05\/Javier-150x100.jpg 150w, https:\/\/tvmasmagazine.com\/wp-content\/uploads\/2024\/05\/Javier-768x512.jpg 768w, https:\/\/tvmasmagazine.com\/wp-content\/uploads\/2024\/05\/Javier-1536x1024.jpg 1536w, https:\/\/tvmasmagazine.com\/wp-content\/uploads\/2024\/05\/Javier-2048x1365.jpg 2048w\" sizes=\"auto, (max-width: 2560px) 100vw, 2560px\" \/><p id=\"caption-attachment-68212\" class=\"wp-caption-text\">Javier Porta Fouz<\/p><\/div>\n<p><strong><em>\u00bfCu\u00e1les fueron las novedades este a\u00f1o en materia de organizaci\u00f3n y de las producciones que participaron?<\/em><\/strong><\/p>\n<p>Con motivo del 25\u00b0 aniversario, el festival tuvo una web propia www.bafici.org, con posibilidad de navegaci\u00f3n entre la totalidad de la programaci\u00f3n, las actividades especiales y toda la informaci\u00f3n necesaria.<\/p>\n<p>Otra de las novedades de este a\u00f1o es que el Teatro San Mart\u00edn fue el coraz\u00f3n del festival, fungiendo como el principal punto de encuentro y sede de eventos significativos, incluyendo clases magistrales y un espacio de coworking para acreditados.<\/p>\n<p>BAFICI este a\u00f1o tuvo lugar en las salas del Teatro San Mart\u00edn, Cultural San Mart\u00edn, Cine Gaumont, Cin\u00e9polis, Cine Arte Cacodelphia, y el Museo del Cine.<\/p>\n<p>\u201cMi responsabilidad es garantizar que los festivales se desarrollen fluida y exitosamente. En resumen, mi funci\u00f3n es liderar equipos para crear experiencias memorables y enriquecedoras para los asistentes, contribuyendo as\u00ed al desarrollo cultural de la comunidad.\u00bb<\/p>\n<p>D\u00e9bora explica que las actividades de mayor impacto son las que tiene un efecto significativo en la experiencia del p\u00fablico como en la reputaci\u00f3n y el \u00e9xito general del festival. \u201cEs fundamental garantizar una experiencia positiva y memorable para los asistentes, en aspectos como la comodidad y seguridad del lugar, la calidad de las actuaciones y actividades, y los servicios y comodidades para los asistentes\u201d.<\/p>\n<p>Es un a\u00f1o dificil para la econom\u00eda no s\u00f3lo de Argentina, sino del mundo, le preguntamos sobre los presupuestos que tiene esta cartera para el desarrollo de las actividades. \u201cLos presupuestos este a\u00f1o en Cultura est\u00e1n muy ajustados debido a las circunstancias econ\u00f3micas del pa\u00eds y a nivel mundial. Sin embargo, este desaf\u00edo nos impulsa a encontrar formas innovadoras de maximizar nuestros recursos y ofrecer experiencias de alta calidad para el p\u00fablico. Estamos enfocados en hacer m\u00e1s con menos y buscando activamente alianzas estrat\u00e9gicas con el sector privado para colaborar en la financiaci\u00f3n de nuestras actividades culturales. Estas alianzas no solo pueden proporcionar recursos financieros adicionales, sino tambi\u00e9n abrir oportunidades para la co-creaci\u00f3n y la colaboraci\u00f3n en la planificaci\u00f3n y ejecuci\u00f3n de eventos.<\/p>\n<p>\u201cEsta semana comienza la 20\u00b0 edici\u00f3n del Campeonato de Baile de la Ciudad del mi\u00e9rcoles 8 al domingo 19 de mayo. Este a\u00f1o, el certamen se desarrollar\u00e1 en m\u00edticas milongas de la Ciudad de Buenos Aires, Espacios Culturales y en la Usina del Arte.\u201d Y explica que el campeonato se suma a las distintas <strong>Preliminares Oficiales de Tango Buenos Aires Festival<\/strong> y <strong>Mundial 2024<\/strong>, buscando a los representantes de la Ciudad de Buenos Aires que ser\u00e1n finalistas y semifinalistas del <strong>Mundial de baile. <\/strong><\/p>\n<p>CONCURSO MUNDIAL DE TANGO<\/p>\n<p>El certamen ser\u00e1 en las categor\u00edas \u00a0\u2018Tango de Pista\u2019, \u2018Milongueros del Mundo\u2019, \u2018Milonga\u2019, \u2018Vals\u2019 y se desarrollar\u00e1 en tres etapas de definici\u00f3n: Rondas Clasificatorias del 8 al 16 de mayo, Semifinales el s\u00e1bado 18 y la Gran Final el domingo 19 de mayo en la Usina del Arte.<\/p>\n<p>Redacci\u00f3n TVMAS<\/p>","protected":false},"excerpt":{"rendered":"<p>TELEVISI\u00d3N CULTURAL Buenos Aires, Argentina se prepara para \u2018Mundial de baile: tango vals, milonga y otros bailes de la cultura <a class=\"more-link\" href=\"https:\/\/tvmasmagazine.com\/es\/2024\/05\/07\/el-bafici-evento-de-cine-independiente-en-argentina\/\">&#8230;<\/a><\/p>\n","protected":false},"author":1,"featured_media":68209,"comment_status":"open","ping_status":"closed","sticky":false,"template":"","format":"standard","meta":{"footnotes":""},"categories":[256,79,47],"tags":[],"class_list":["post-68206","post","type-post","status-publish","format-standard","has-post-thumbnail","hentry","category-series","category-tv-abierta","category-tv-de-pagp"],"_links":{"self":[{"href":"https:\/\/tvmasmagazine.com\/es\/wp-json\/wp\/v2\/posts\/68206","targetHints":{"allow":["GET"]}}],"collection":[{"href":"https:\/\/tvmasmagazine.com\/es\/wp-json\/wp\/v2\/posts"}],"about":[{"href":"https:\/\/tvmasmagazine.com\/es\/wp-json\/wp\/v2\/types\/post"}],"author":[{"embeddable":true,"href":"https:\/\/tvmasmagazine.com\/es\/wp-json\/wp\/v2\/users\/1"}],"replies":[{"embeddable":true,"href":"https:\/\/tvmasmagazine.com\/es\/wp-json\/wp\/v2\/comments?post=68206"}],"version-history":[{"count":5,"href":"https:\/\/tvmasmagazine.com\/es\/wp-json\/wp\/v2\/posts\/68206\/revisions"}],"predecessor-version":[{"id":68214,"href":"https:\/\/tvmasmagazine.com\/es\/wp-json\/wp\/v2\/posts\/68206\/revisions\/68214"}],"wp:featuredmedia":[{"embeddable":true,"href":"https:\/\/tvmasmagazine.com\/es\/wp-json\/wp\/v2\/media\/68209"}],"wp:attachment":[{"href":"https:\/\/tvmasmagazine.com\/es\/wp-json\/wp\/v2\/media?parent=68206"}],"wp:term":[{"taxonomy":"category","embeddable":true,"href":"https:\/\/tvmasmagazine.com\/es\/wp-json\/wp\/v2\/categories?post=68206"},{"taxonomy":"post_tag","embeddable":true,"href":"https:\/\/tvmasmagazine.com\/es\/wp-json\/wp\/v2\/tags?post=68206"}],"curies":[{"name":"wp","href":"https:\/\/api.w.org\/{rel}","templated":true}]}}