{"id":68238,"date":"2024-05-15T17:10:53","date_gmt":"2024-05-15T20:10:53","guid":{"rendered":"https:\/\/tvmasmagazine.com\/?p=68238"},"modified":"2024-05-15T17:15:42","modified_gmt":"2024-05-15T20:15:42","slug":"la-perla-de-kanal-d-es-el-catalogo-secreto-de-perlas-y-tres-hermanas-en-los-l-a-screenings-en-los-angeles","status":"publish","type":"post","link":"https:\/\/tvmasmagazine.com\/es\/2024\/05\/15\/la-perla-de-kanal-d-es-el-catalogo-secreto-de-perlas-y-tres-hermanas-en-los-l-a-screenings-en-los-angeles\/","title":{"rendered":"La perla de Kanal D es el cat\u00e1logo &#8216;Secreto de perlas&#8217; y &#8216;Tres hermanas&#8217; en los L.A. Screenings en Los \u00c1ngeles"},"content":{"rendered":"<p><div id=\"attachment_68122\" style=\"width: 2058px\" class=\"wp-caption aligncenter\"><img loading=\"lazy\" decoding=\"async\" aria-describedby=\"caption-attachment-68122\" class=\"size-full wp-image-68122\" src=\"https:\/\/tvmasmagazine.com\/wp-content\/uploads\/2024\/04\/Sibel-Levendoglu-Kanal-D_2.jpeg\" alt=\"\" width=\"2048\" height=\"1536\" srcset=\"https:\/\/tvmasmagazine.com\/wp-content\/uploads\/2024\/04\/Sibel-Levendoglu-Kanal-D_2.jpeg 2048w, https:\/\/tvmasmagazine.com\/wp-content\/uploads\/2024\/04\/Sibel-Levendoglu-Kanal-D_2-350x263.jpeg 350w, https:\/\/tvmasmagazine.com\/wp-content\/uploads\/2024\/04\/Sibel-Levendoglu-Kanal-D_2-1024x768.jpeg 1024w, https:\/\/tvmasmagazine.com\/wp-content\/uploads\/2024\/04\/Sibel-Levendoglu-Kanal-D_2-150x113.jpeg 150w, https:\/\/tvmasmagazine.com\/wp-content\/uploads\/2024\/04\/Sibel-Levendoglu-Kanal-D_2-768x576.jpeg 768w, https:\/\/tvmasmagazine.com\/wp-content\/uploads\/2024\/04\/Sibel-Levendoglu-Kanal-D_2-1536x1152.jpeg 1536w\" sizes=\"auto, (max-width: 2048px) 100vw, 2048px\" \/><p id=\"caption-attachment-68122\" class=\"wp-caption-text\">Sibel Levendo\u011flu, Head of Sales America &amp; Iberia KANAL D INTERNATIONAL<\/p><\/div><\/p>\n<p>&#8216;<strong>Secreto de Perlas<\/strong> se estren\u00f3 a finales de enero en <strong>Kanal D<\/strong> los jueves en la noche en prime time y cada semana es el n\u00famero uno desde que empez\u00f3 y est\u00e1 n\u00famero uno en Turqu\u00eda. Es un t\u00edtulo muy especial porque el autor, es adem\u00e1s actor, poeta y es el productor as\u00ed que tiene una historia muy bien cuidada y los sentimientos est\u00e1n a flor de piel. Vamos con 50 cap\u00edtulos de 45 minutos en la primera temporada&#8217;.<\/p>\n<p>El cat\u00e1logo incluye &#8216;Tres Hermanas&#8217; que finalizar\u00e1 la tercera temporada a finales de mayo con n\u00fameros muy alentadores y tambi\u00e9n incluye cl\u00e1sicos que est\u00e1n siendo comprados como por ejemplo, &#8216;Que culpa tiene Fatmagul?&#8217; y otros t\u00edtulos reconocidos que se est\u00e1n vendiendo para segunda y tercera pantalla.<\/p>\n<p><strong><span style=\"color: #000080;\">Hablemos de la redefinici\u00f3n de las ventanas, la feroz competencia de los canales. \u00bfC\u00f3mo defines el negocio de la transmisi\u00f3n y de la distribuci\u00f3n actualmente?<\/span><\/strong><\/p>\n<p>Si. Hay mucha competencia y tiene que ver con la tecnolog\u00eda y nuevos modelos de hacer producciones y de distribuir. Ahora mismo, la competencia que tenemos en Turqu\u00eda entre los canales tiene que ver con el n\u00famero de episodios y en la conquista de las audiencias. La distribuci\u00f3n cambia en cada pa\u00eds, porque en algunos paises en la televisi\u00f3n abierta tienen una disminuci\u00f3n de audiencias en sus slots, pero al mismo tiempo, se abren otras ventanas para exhibir los contenidos.<\/p>\n<p><span style=\"color: #ff0000;\"><strong>IMPORTANTE: BUENAS NOTICIAS. <span style=\"color: #000000;\">&#8216;La promesa de un padre&#8217;<\/span> acaba de llegar a Kosovo!<\/strong><\/span><\/p>\n<p><a href=\"https:\/\/kanald.international\/\">Kanal D International<\/a> anuncia el debut de &#8216;A Father&#8217;s Promise&#8217; en las pantallas de Kosovo, cautivando al publico con su apasionante narrativa en el contexto de una era pol\u00edticamente tumultosa.<\/p>\n<p>Producido por <strong>#PastelFIlm<\/strong>, este drama se destaca por su fuerte elenco, que incluye a <strong>Salih Bademci, Hazal Suba\u015fi, Ozan Dolunay, Perihan Sava\u015f, y \u00d6zge \u00d6zberk<\/strong>. La historia promete una experiencia visual inolvidable para el p\u00fablico de todo Kosovo.<\/p>\n<p>Ambientada en el a\u00f1o 1980, sigue la historia de Mustafa, un trabajador de una f\u00e1brica en apuros, que enfrenta circunstancias financieras extremas en su b\u00fasqueda por salvar la vida de su esposa, Canan mediante una operaci\u00f3n crucial. Rechazado por su desalmado jefe, Mustafa huye para evitar el arresto, dejando a su hija, Cemre en un orfanato, luego adoptada por la rica familia Rona. Con la ayuda de la cari\u00f1osa ama de llaves Figen, Mustafa se infiltra en la casa de los Rona para estar cerca de su hija, y surge un romance inesperado entre ellos.<\/p>\n<p>Redacci\u00f3n TVMAS<\/p>","protected":false},"excerpt":{"rendered":"<p>&#8216;Secreto de Perlas se estren\u00f3 a finales de enero en Kanal D los jueves en la noche en prime time <a class=\"more-link\" href=\"https:\/\/tvmasmagazine.com\/es\/2024\/05\/15\/la-perla-de-kanal-d-es-el-catalogo-secreto-de-perlas-y-tres-hermanas-en-los-l-a-screenings-en-los-angeles\/\">&#8230;<\/a><\/p>\n","protected":false},"author":1,"featured_media":68122,"comment_status":"open","ping_status":"closed","sticky":false,"template":"","format":"standard","meta":{"footnotes":""},"categories":[49,40,80,17,47],"tags":[],"class_list":["post-68238","post","type-post","status-publish","format-standard","has-post-thumbnail","hentry","category-entrevistas","category-estrenos-old","category-ott","category-television","category-tv-de-pagp"],"_links":{"self":[{"href":"https:\/\/tvmasmagazine.com\/es\/wp-json\/wp\/v2\/posts\/68238","targetHints":{"allow":["GET"]}}],"collection":[{"href":"https:\/\/tvmasmagazine.com\/es\/wp-json\/wp\/v2\/posts"}],"about":[{"href":"https:\/\/tvmasmagazine.com\/es\/wp-json\/wp\/v2\/types\/post"}],"author":[{"embeddable":true,"href":"https:\/\/tvmasmagazine.com\/es\/wp-json\/wp\/v2\/users\/1"}],"replies":[{"embeddable":true,"href":"https:\/\/tvmasmagazine.com\/es\/wp-json\/wp\/v2\/comments?post=68238"}],"version-history":[{"count":5,"href":"https:\/\/tvmasmagazine.com\/es\/wp-json\/wp\/v2\/posts\/68238\/revisions"}],"predecessor-version":[{"id":68243,"href":"https:\/\/tvmasmagazine.com\/es\/wp-json\/wp\/v2\/posts\/68238\/revisions\/68243"}],"wp:featuredmedia":[{"embeddable":true,"href":"https:\/\/tvmasmagazine.com\/es\/wp-json\/wp\/v2\/media\/68122"}],"wp:attachment":[{"href":"https:\/\/tvmasmagazine.com\/es\/wp-json\/wp\/v2\/media?parent=68238"}],"wp:term":[{"taxonomy":"category","embeddable":true,"href":"https:\/\/tvmasmagazine.com\/es\/wp-json\/wp\/v2\/categories?post=68238"},{"taxonomy":"post_tag","embeddable":true,"href":"https:\/\/tvmasmagazine.com\/es\/wp-json\/wp\/v2\/tags?post=68238"}],"curies":[{"name":"wp","href":"https:\/\/api.w.org\/{rel}","templated":true}]}}