{"id":68247,"date":"2024-05-21T16:37:16","date_gmt":"2024-05-21T19:37:16","guid":{"rendered":"https:\/\/tvmasmagazine.com\/?p=68247"},"modified":"2024-05-21T16:37:16","modified_gmt":"2024-05-21T19:37:16","slug":"iberseries-platino-industria-cuarta-edicion-en-marche-du-film-en-cannes","status":"publish","type":"post","link":"https:\/\/tvmasmagazine.com\/es\/2024\/05\/21\/iberseries-platino-industria-cuarta-edicion-en-marche-du-film-en-cannes\/","title":{"rendered":"Iberseries &#038; Platino Industria, cuarta edici\u00f3n en March\u00e9 du Film en Cannes"},"content":{"rendered":"<p><strong><span style=\"color: #ff0000;\">EVENTOS | NEGOCIOS | CONTENIDOS | ENTRETENIMIENTO<\/span><\/strong><\/p>\n\n\t\t<!-- MasterSlider -->\n\t\t<div id=\"P_MS69ee86a46680b\" class=\"master-slider-parent msl ms-parent-id-106\" style=\"max-width:800px;\">\n\n\t\t\t\n\t\t\t<!-- MasterSlider Main -->\n\t\t\t<div id=\"MS69ee86a46680b\" class=\"master-slider ms-skin-default\" >\n\t\t\t\t \t\t\t\t \n\t\t\t\t<div  class=\"ms-slide\" data-delay=\"3\" data-fill-mode=\"fit\"  >\n\t\t\t\t\t<img decoding=\"async\" src=\"https:\/\/tvmasmagazine.com\/wp-content\/plugins\/master-slider\/public\/assets\/css\/blank.gif\" alt=\"\" title=\"\" data-src=\"https:\/\/tvmasmagazine.com\/wp-content\/uploads\/2024\/05\/Coctel-Iberseries-Platino-Industria-MIF.jpg\" \/>\n\n\t\t\t\t\t<div class=\"ms-info\"><p style=\"text-align: center;\"><strong>C\u00f3ctel Iberseries &amp; Platino Industria en March\u00e9 du Film<\/strong><\/p><\/div>\n\n\n\t<div class=\"ms-thumb\" ><div class=\"ms-tab-context\"><div class=\"&quot;ms-tab-context&quot;\"><\/div><\/div>\n<\/div>\n\t\t\t\t<\/div>\n\t\t\t\t<div  class=\"ms-slide\" data-delay=\"3\" data-fill-mode=\"fit\"  >\n\t\t\t\t\t<img decoding=\"async\" src=\"https:\/\/tvmasmagazine.com\/wp-content\/plugins\/master-slider\/public\/assets\/css\/blank.gif\" alt=\"\" title=\"\" data-src=\"https:\/\/tvmasmagazine.com\/wp-content\/uploads\/2024\/05\/Coctel-Iberseries-Platino-Industria-Terraza-Fantastic-Pavilion.jpg\" \/>\n\n\t\t\t\t\t<div class=\"ms-info\"><p style=\"text-align: center;\"><strong>C\u00f3ctel Iberseries &amp; Platino Industria en March\u00e9 du Film<\/strong><\/p><\/div>\n\n\n\t<div class=\"ms-thumb\" ><div class=\"ms-tab-context\"><div class=\"&quot;ms-tab-context&quot;\"><\/div><\/div>\n<\/div>\n\t\t\t\t<\/div>\n\t\t\t\t<div  class=\"ms-slide\" data-delay=\"3\" data-fill-mode=\"fit\"  >\n\t\t\t\t\t<img decoding=\"async\" src=\"https:\/\/tvmasmagazine.com\/wp-content\/plugins\/master-slider\/public\/assets\/css\/blank.gif\" alt=\"\" title=\"\" data-src=\"https:\/\/tvmasmagazine.com\/wp-content\/uploads\/2024\/05\/Presentacion-Iberseries-Platino-Industria-cedida-por-Fantastic-Pavilion.jpg\" \/>\n\n\t\t\t\t\t<div class=\"ms-info\"><p style=\"text-align: center;\"><strong>Presentaci\u00f3n Iberseries &amp; Platino Industria en March\u00e9 du Film<\/strong><\/p><\/div>\n\n\n\t<div class=\"ms-thumb\" ><div class=\"ms-tab-context\"><div class=\"&quot;ms-tab-context&quot;\"><\/div><\/div>\n<\/div>\n\t\t\t\t<\/div>\n\t\t\t\t<div  class=\"ms-slide\" data-delay=\"3\" data-fill-mode=\"fit\"  >\n\t\t\t\t\t<img decoding=\"async\" src=\"https:\/\/tvmasmagazine.com\/wp-content\/plugins\/master-slider\/public\/assets\/css\/blank.gif\" alt=\"\" title=\"\" data-src=\"https:\/\/tvmasmagazine.com\/wp-content\/uploads\/2024\/05\/Presentacion-Iberseries-Platino-Industria-3-scaled.jpg\" \/>\n\n\t\t\t\t\t<div class=\"ms-info\"><p style=\"text-align: center;\"><strong>Presentaci\u00f3n Iberseries &amp; Platino Industria en March\u00e9 du Film<\/strong><\/p><\/div>\n\n\n\t<div class=\"ms-thumb\" ><div class=\"ms-tab-context\"><div class=\"&quot;ms-tab-context&quot;\"><\/div><\/div>\n<\/div>\n\t\t\t\t<\/div>\n\t\t\t\t<div  class=\"ms-slide\" data-delay=\"3\" data-fill-mode=\"fit\"  >\n\t\t\t\t\t<img decoding=\"async\" src=\"https:\/\/tvmasmagazine.com\/wp-content\/plugins\/master-slider\/public\/assets\/css\/blank.gif\" alt=\"\" title=\"\" data-src=\"https:\/\/tvmasmagazine.com\/wp-content\/uploads\/2024\/05\/Presentacion-Iberseries-Platino-Industria-MIF-Cannes-scaled.jpg\" \/>\n\n\t\t\t\t\t<div class=\"ms-info\"><p style=\"text-align: center;\"><strong>Presentaci\u00f3n Iberseries &amp; Platino Industria en March\u00e9 du Film<\/strong><\/p><\/div>\n\n\n\t<div class=\"ms-thumb\" ><div class=\"ms-tab-context\"><div class=\"&quot;ms-tab-context&quot;\"><\/div><\/div>\n<\/div>\n\t\t\t\t<\/div>\n\n\t\t\t<\/div>\n\t\t\t<!-- END MasterSlider Main -->\n\n\t\t\t \n\t\t<\/div>\n\t\t<!-- END MasterSlider -->\n\n\t\t<script>\n\t\t(function ( $ ) {\n\t\t\t\"use strict\";\n\n\t\t\t$(function () {\n\t\t\t\tvar masterslider_680b = new MasterSlider();\n\n\t\t\t\t\/\/ slider controls\n\t\t\t\tmasterslider_680b.control('arrows'     ,{ autohide:false, overVideo:true  });\n\t\t\t\tmasterslider_680b.control('slideinfo'  ,{ autohide:false, overVideo:true, dir:'h', align:'bottom',inset:false , margin:10   });\n\t\t\t\t\/\/ slider setup\n\t\t\t\tmasterslider_680b.setup(\"MS69ee86a46680b\", {\n\t\t\t\t\t\twidth           : 800,\n\t\t\t\t\t\theight          : 480,\n\t\t\t\t\t\tminHeight       : 0,\n\t\t\t\t\t\tspace           : 0,\n\t\t\t\t\t\tstart           : 1,\n\t\t\t\t\t\tgrabCursor      : true,\n\t\t\t\t\t\tswipe           : true,\n\t\t\t\t\t\tmouse           : true,\n\t\t\t\t\t\tlayout          : \"boxed\",\n\t\t\t\t\t\twheel           : false,\n\t\t\t\t\t\tautoplay        : true,\n\t\t\t\t\t\tinstantStartLayers:false,\n\t\t\t\t\t\tloop            : false,\n\t\t\t\t\t\tshuffle         : false,\n\t\t\t\t\t\tpreload         : 0,\n\t\t\t\t\t\theightLimit     : true,\n\t\t\t\t\t\tautoHeight      : false,\n\t\t\t\t\t\tsmoothHeight    : true,\n\t\t\t\t\t\tendPause        : false,\n\t\t\t\t\t\toverPause       : true,\n\t\t\t\t\t\tfillMode        : \"fill\",\n\t\t\t\t\t\tcenterControls  : true,\n\t\t\t\t\t\tstartOnAppear   : false,\n\t\t\t\t\t\tlayersMode      : \"center\",\n\t\t\t\t\t\thideLayers      : false,\n\t\t\t\t\t\tfullscreenMargin: 0,\n\t\t\t\t\t\tspeed           : 20,\n\t\t\t\t\t\tdir             : \"h\",\n\t\t\t\t\t\tparallaxMode    : 'swipe',\n\t\t\t\t\t\tview            : \"basic\"\n\t\t\t\t});\n\n\t\t\t\t\n\t\t\t\twindow.masterslider_instances = window.masterslider_instances || [];\n\t\t\t\twindow.masterslider_instances.push( masterslider_680b );\n\t\t\t });\n\n\t\t})(jQuery);\n\t\t<\/script>\n\n\n<p><strong><span style=\"color: #000080;\">EGEDA y Fundaci\u00f3n Secuoya, en colaboraci\u00f3n con FIPCA, organizan del 1 al 4 de octubre en Madrid.<\/span><\/strong><\/p>\n<p><strong><span style=\"color: #000080;\">Un encuentro \u00fanico de plataformas, cadenas de televisi\u00f3n, creativos, productores, financieros, distribuidores y compradores, que se reunir\u00e1n en torno a cuatro \u00e1reas de programaci\u00f3n: Conferencias y Keynotes, Iberscreenings, Mercado Audiovisual Iberoamericano (MAI) y Actividades PRO.<\/span><\/strong><\/p>\n<p>El evento continua acciones formativas con el Taller de Showrunners, el de Inteligencia Artificial en la Postproducci\u00f3n de Cine y Series, el de Herramientas Financieras y el Taller Estrategia de Contenidos: Del desarrollo a la venta, cuyas convocatorias se abren el 22 de mayo.<\/p>\n<p>March\u00e9 du Film ha acogido la presentaci\u00f3n oficial de la cuarta edici\u00f3n de Iberseries &amp; Platino Industria, celebrada en la Terraza del Fantastic Pavilion de MIF en Cannes, Francia.<\/p>\n<p><strong>Samuel Castro<\/strong>, codirector de Iberseries &amp; Platino Industria, y <strong>Adriana Castillo<\/strong>, coordinadora general, agradecen la colaboraci\u00f3n de autoridades y organismos presentes, as\u00ed como la amplia asistencia de profesionales del sector.<\/p>\n<p><span style=\"background: yellow;\">EGEDA, Fundaci\u00f3n Secuoya, con FIPCA y Ayuntamiento de Madrid, ICEX Espa\u00f1a Exportaci\u00f3n e Inversiones y el patrocinio de Madrid Film Office<\/span> y Film Madrid, Iberseries &amp; Platino Industria es un punto de encuentro clave para los involucrados en la industria a nivel mundial para los contenidos en espa\u00f1ol y portugu\u00e9s.<\/p>\n<p><strong><span style=\"color: #ff0000;\">OBJETIVOS<\/span> <\/strong><\/p>\n<p>Aportar visibilidad a los largometrajes y series iberoamericanas, potenciar los negocios y talento, la coproducci\u00f3n internacional y la financiaci\u00f3n.<\/p>\n<p><strong>Xiomara Garc\u00eda<\/strong>, coordinadora general de Film Madrid, y <strong>Nacho Carballo,<\/strong> asesor de Industrias Audiovisuales de la Comunidad de Madrid, afirman que \u201cesta iniciativa es puente de uni\u00f3n de Latinoam\u00e9rica y Europa a trav\u00e9s de Espa\u00f1a en el \u00e1mbito audiovisual. Somos 600 millones de hispanohablantes, tenemos una lengua en com\u00fan y las historias que contamos son universales y cercanas para ambos lados del Atl\u00e1ntico\u201d.<\/p>\n<p><span style=\"color: #ff0000;\"><strong>\u00c1reas de programaci\u00f3n <\/strong><\/span><\/p>\n<p>Conferencias y Keynotes. Tem\u00e1ticas sobre modelos de financiaci\u00f3n, producci\u00f3n, distribuci\u00f3n y h\u00e1bitos de consumo. Tendencias de futuro, en un sector en continua transformaci\u00f3n.<\/p>\n<p>Visionados y estrenos de series y largometrajes de plataformas y productoras espa\u00f1olas y latinoamericanas<\/p>\n<p>El Mercado Audiovisual Iberoamericano (MAI). Ofrece un espacio para la compraventa de producciones finalizadas, presentaci\u00f3n de nuevos contenidos y el estreno de obras audiovisuales. Este a\u00f1o estan confirmados Brasil, Argentina y Colombia, y se confirmar\u00e1n pr\u00f3ximamente otros pa\u00edses.<\/p>\n<p><span style=\"color: #ff0000;\"><strong>Actividades PRO<\/strong>:<\/span> Convocatorias abiertas y pr\u00f3ximos procesos de selecci\u00f3n.<\/p>\n<p><span style=\"background: yellow;\">Empresas y algunos de los directivos confirmados<\/span> que participar\u00e1n en las sesiones de Pitch son 3Pas Studios (Leonardo Zimbr\u00f3n, Javier Williams), Amazon Studios M\u00e9xico (<strong>Alonso Aguilar, Ana Bracho<\/strong>), Prime Video &amp; Amazon Studios (<strong>Mario Almeida, David Blankleider<\/strong>), \u00c1nima (<strong>Fernando de Fuentes, Alicia N\u00fa\u00f1ez<\/strong>), BBC Studios (<strong>Karina Perednik<\/strong>), Dopamine (<strong>Fidela Navarro<\/strong>), Gaumont (Santiago Marcos, Mar\u00eda Jos\u00e9 Delgado), Gato Grande. An MGM Company (Maximiliano Sanguine, Megan Espinoza), Paramount (Iv\u00e1n Stoessel), Secuoya Studios Stories (<strong>Eduardo Galdo, Mar\u00eda Elena Portas<\/strong>), Sony Pictures International Productions (<strong>Raymundo D\u00edaz-Gonz\u00e1lez<\/strong>), Sony Pictures Television (<strong>Carlos Quintanilla<\/strong>), Telemundo Studios (<strong>Vanina Spadoni, Iralyn Valera<\/strong>) y Warner Bros. Discovery (<strong>Sergio Nakasone, Cecilia Abraham, Adriana Cechetti, Jorge Tijerina, Vanessa Miranda<\/strong>).<\/p>\n<p>Redacci\u00f3n TVMAS<\/p>","protected":false},"excerpt":{"rendered":"<p>EVENTOS | NEGOCIOS | CONTENIDOS | ENTRETENIMIENTO EGEDA y Fundaci\u00f3n Secuoya, en colaboraci\u00f3n con FIPCA, organizan del 1 al 4 <a class=\"more-link\" href=\"https:\/\/tvmasmagazine.com\/es\/2024\/05\/21\/iberseries-platino-industria-cuarta-edicion-en-marche-du-film-en-cannes\/\">&#8230;<\/a><\/p>\n","protected":false},"author":1,"featured_media":68253,"comment_status":"open","ping_status":"closed","sticky":false,"template":"","format":"standard","meta":{"footnotes":""},"categories":[15,80,256,73,79,47],"tags":[],"class_list":["post-68247","post","type-post","status-publish","format-standard","has-post-thumbnail","hentry","category-cine","category-ott","category-series","category-telenovelas-series","category-tv-abierta","category-tv-de-pagp"],"_links":{"self":[{"href":"https:\/\/tvmasmagazine.com\/es\/wp-json\/wp\/v2\/posts\/68247","targetHints":{"allow":["GET"]}}],"collection":[{"href":"https:\/\/tvmasmagazine.com\/es\/wp-json\/wp\/v2\/posts"}],"about":[{"href":"https:\/\/tvmasmagazine.com\/es\/wp-json\/wp\/v2\/types\/post"}],"author":[{"embeddable":true,"href":"https:\/\/tvmasmagazine.com\/es\/wp-json\/wp\/v2\/users\/1"}],"replies":[{"embeddable":true,"href":"https:\/\/tvmasmagazine.com\/es\/wp-json\/wp\/v2\/comments?post=68247"}],"version-history":[{"count":2,"href":"https:\/\/tvmasmagazine.com\/es\/wp-json\/wp\/v2\/posts\/68247\/revisions"}],"predecessor-version":[{"id":68254,"href":"https:\/\/tvmasmagazine.com\/es\/wp-json\/wp\/v2\/posts\/68247\/revisions\/68254"}],"wp:featuredmedia":[{"embeddable":true,"href":"https:\/\/tvmasmagazine.com\/es\/wp-json\/wp\/v2\/media\/68253"}],"wp:attachment":[{"href":"https:\/\/tvmasmagazine.com\/es\/wp-json\/wp\/v2\/media?parent=68247"}],"wp:term":[{"taxonomy":"category","embeddable":true,"href":"https:\/\/tvmasmagazine.com\/es\/wp-json\/wp\/v2\/categories?post=68247"},{"taxonomy":"post_tag","embeddable":true,"href":"https:\/\/tvmasmagazine.com\/es\/wp-json\/wp\/v2\/tags?post=68247"}],"curies":[{"name":"wp","href":"https:\/\/api.w.org\/{rel}","templated":true}]}}