{"id":68429,"date":"2024-09-16T23:45:58","date_gmt":"2024-09-17T02:45:58","guid":{"rendered":"https:\/\/tvmasmagazine.com\/?p=68429"},"modified":"2024-09-18T12:17:47","modified_gmt":"2024-09-18T15:17:47","slug":"vestidas-de-azul-se-presenta-en-nueva-york","status":"publish","type":"post","link":"https:\/\/tvmasmagazine.com\/es\/2024\/09\/16\/vestidas-de-azul-se-presenta-en-nueva-york\/","title":{"rendered":"\u201cVestidas de azul\u2019, se presenta en Nueva York"},"content":{"rendered":"<p><strong><span style=\"color: #ff0000;\">SERIES | FESTIVALES | STREAMING<br \/>\n<\/span><\/strong><\/p>\n<p><span style=\"color: #000080;\"><strong>La serie de atresplayer, uno de los t\u00edtulos m\u00e1s aclamados a escala internacional, estar\u00e1 en Nueva York en el festival NEWFEST, uno de los festivales LGTBIQ+ m\u00e1s prestigiosos de Am\u00e9rica a realizarse del 10 al 22 de octubre.<\/strong><\/span><\/p>\n<p><span style=\"color: #000080;\"><strong>En esta edici\u00f3n n\u00famero 36, se exhibir\u00e1n en exclusiva los dos primeros episodios el domingo 13 de octubre en la School of Visual Arts de Manhattan.<\/strong><\/span><\/p>\n<p><span style=\"color: #000080;\"><strong>Protagonizada por Lola Rodr\u00edguez quien vuelve a meterse en la piel de Valeria. Adem\u00e1s, Paca La Pira\u00f1a, Goya Toledo (Lola), Juani Ruiz, Alex Saint (Sacha), \u00c1ngeles Ortega (Manola) y Desir\u00e9e Vogue (Bienvenida) retoman sus personajes.<\/strong><\/span><\/p>\n<div id=\"attachment_68430\" style=\"width: 1510px\" class=\"wp-caption aligncenter\"><img loading=\"lazy\" decoding=\"async\" aria-describedby=\"caption-attachment-68430\" class=\"wp-image-68430 size-full\" src=\"https:\/\/tvmasmagazine.com\/wp-content\/uploads\/2024\/09\/image001.png\" alt=\"\" width=\"1500\" height=\"938\" srcset=\"https:\/\/tvmasmagazine.com\/wp-content\/uploads\/2024\/09\/image001.png 1500w, https:\/\/tvmasmagazine.com\/wp-content\/uploads\/2024\/09\/image001-350x219.png 350w, https:\/\/tvmasmagazine.com\/wp-content\/uploads\/2024\/09\/image001-1024x640.png 1024w, https:\/\/tvmasmagazine.com\/wp-content\/uploads\/2024\/09\/image001-150x94.png 150w, https:\/\/tvmasmagazine.com\/wp-content\/uploads\/2024\/09\/image001-768x480.png 768w\" sizes=\"auto, (max-width: 1500px) 100vw, 1500px\" \/><p id=\"caption-attachment-68430\" class=\"wp-caption-text\">Lola Rodr\u00edguez, Goya Toledo, Alex Saint &amp; Juani Ruiz<\/p><\/div>\n<p>Este viaje de \u2018Vestidas de azul\u2019 se suma a la presencia de la serie en el festival Seriesly de Berl\u00edn. que se celebra desde hoy 16 al 18 de septiembre. Ese mismo d\u00eda, mi\u00e9rcoles 18, el festival cerrar\u00e1 su primera edici\u00f3n con la proyecci\u00f3n de dos episodios de la serie, contando adem\u00e1s con la presencia de una de las protagonistas, Lola Rodr\u00edguez.<\/p>\n<p style=\"text-align: center; font-size: 11px; margin-bottom: 5px;\">Publicidad<\/p>\n<p><a href=\"https:\/\/kanalddrama.com\/\"><img loading=\"lazy\" decoding=\"async\" class=\"aligncenter wp-image-68447 size-full\" src=\"https:\/\/tvmasmagazine.com\/wp-content\/uploads\/2024\/09\/345x100.jpg\" alt=\"\" width=\"345\" height=\"100\" srcset=\"https:\/\/tvmasmagazine.com\/wp-content\/uploads\/2024\/09\/345x100.jpg 345w, https:\/\/tvmasmagazine.com\/wp-content\/uploads\/2024\/09\/345x100-150x43.jpg 150w\" sizes=\"auto, (max-width: 345px) 100vw, 345px\" \/><\/a><\/p>\n<p>La ficci\u00f3n ya ha sido vendida en m\u00e1s de 40 pa\u00edses, entre los que se incluyen, varios de Latinoam\u00e9rica, Portugal, B\u00e9lgica, Dinamarca, Noruega, Estonia, Letonia, Lituania, Suecia, Finlandia y Canad\u00e1, lo que confirma el \u00e9xito internacional de la serie.<\/p>\n<p><strong><span style=\"color: #ff0000;\">LA HISTORIA.<\/span>\u00a0 <\/strong>Arrancaba dos a\u00f1os despu\u00e9s de la muerte de Cristina Rodr\u00edguez, La Veneno, como continuaci\u00f3n de del fen\u00f3meno \u2018Veneno\u2019, otra serie original de atresplayer. En esta segunda parte, Valeria vuelve a Valencia y se encuentra el VHS del documental \u2018Vestida de azul\u2019 una cinta que narra las experiencias de seis personas trans en la Espa\u00f1a de principios de los a\u00f1os 80. Esas vivencias inspiran el nuevo libro de Valeria que, una vez m\u00e1s, decide contar la historia de unas mujeres que no merecen caer en el olvido.<\/p>\n<p style=\"text-align: center; font-size: 11px; margin-bottom: -5px;\">Publicidad<\/p>\n<p><a href=\"https:\/\/www.mipcom.com\/en-gb\/visit.html?utm_source=mipcom2024_tvmas&amp;utm_medium=barter_website&amp;utm_campaign=mipcom2024-generic\"><img loading=\"lazy\" decoding=\"async\" class=\"aligncenter wp-image-68418 size-medium\" src=\"https:\/\/tvmasmagazine.com\/wp-content\/uploads\/2024\/09\/2024-MIPCOM_TVMAS_560x150px-350x94.jpg\" alt=\"\" width=\"350\" height=\"94\" srcset=\"https:\/\/tvmasmagazine.com\/wp-content\/uploads\/2024\/09\/2024-MIPCOM_TVMAS_560x150px-350x94.jpg 350w, https:\/\/tvmasmagazine.com\/wp-content\/uploads\/2024\/09\/2024-MIPCOM_TVMAS_560x150px-150x40.jpg 150w, https:\/\/tvmasmagazine.com\/wp-content\/uploads\/2024\/09\/2024-MIPCOM_TVMAS_560x150px.jpg 560w\" sizes=\"auto, (max-width: 350px) 100vw, 350px\" \/><\/a><\/p>\n<p><strong><span style=\"color: #ff0000;\">LOS PRODUCTORES<\/span>. <\/strong>Producida por Atresmedia Televisi\u00f3n en colaboraci\u00f3n con Suma Content. Montse Garc\u00eda, Valeria Vegas y Andrea H. Catal\u00e1 son las productoras ejecutivas de la serie; Javier Calvo y Javier Ambrossi son los productores de la ficci\u00f3n. Dirigida por Mikel Rueda, Claudia Costafreda e Ian de la Rosa, cuenta con \u00a0Valeria Vegas, Javier Holgado, Susana L\u00f3pez Rubio, Javier Ferreiro, Mikel Rueda y Claudia Costafreda en el equipo de guion.<\/p>\n<p style=\"text-align: center; font-size: 11px; margin-bottom: -5px;\">Advertising<\/p>\n<p><img loading=\"lazy\" decoding=\"async\" class=\"aligncenter wp-image-67369 size-medium\" src=\"https:\/\/tvmasmagazine.com\/wp-content\/uploads\/2023\/10\/SQP_560x150-350x94.gif\" alt=\"\" width=\"350\" height=\"94\" srcset=\"https:\/\/tvmasmagazine.com\/wp-content\/uploads\/2023\/10\/SQP_560x150-350x94.gif 350w, https:\/\/tvmasmagazine.com\/wp-content\/uploads\/2023\/10\/SQP_560x150-150x40.gif 150w\" sizes=\"auto, (max-width: 350px) 100vw, 350px\" \/><\/p>\n<p><span style=\"color: #ff0000;\"><strong>LOS PROTAGONISTAS<\/strong>.<\/span> Para esta nueva entrega, a \u2018Vestidas de azul\u2019 regresa parte del equipo art\u00edstico de \u2018Veneno\u2019. Lola Rodr\u00edguez vuelve a meterse en la piel de Valeria. Adem\u00e1s, Paca La Pira\u00f1a, Goya Toledo (Lola), Juani Ruiz, Alex Saint (Sacha), \u00c1ngeles Ortega (Manola) y Desir\u00e9e Vogue (Bienvenida) retoman sus personajes.<\/p>\n<p><span style=\"color: #ff0000;\"><strong>LA MUSICA. <\/strong><\/span>Creada por \u00c1lex de Lucas, m\u00fasico y actor, y Ra\u00fal Santos, compositor vuelven a trabajar juntos tras coincidir en Veneno y el resultado son 21 temas que recogen, de forma magistral, el esp\u00edritu y sabor de la sociedad en la que se desarrolla la serie.<\/p>\n<p style=\"text-align: center; font-size: 11px; margin-bottom: -5px;\">Advertising<\/p>\n<p><a href=\"https:\/\/www.mipcom.com\/en-gb\/visit.html?utm_source=mipcom2024_tvmas&amp;utm_medium=barter_website&amp;utm_campaign=mipcom2024-generic\"><img loading=\"lazy\" decoding=\"async\" class=\"aligncenter wp-image-68418 size-medium\" src=\"https:\/\/tvmasmagazine.com\/wp-content\/uploads\/2024\/09\/2024-MIPCOM_TVMAS_560x150px-350x94.jpg\" alt=\"\" width=\"350\" height=\"94\" srcset=\"https:\/\/tvmasmagazine.com\/wp-content\/uploads\/2024\/09\/2024-MIPCOM_TVMAS_560x150px-350x94.jpg 350w, https:\/\/tvmasmagazine.com\/wp-content\/uploads\/2024\/09\/2024-MIPCOM_TVMAS_560x150px-150x40.jpg 150w, https:\/\/tvmasmagazine.com\/wp-content\/uploads\/2024\/09\/2024-MIPCOM_TVMAS_560x150px.jpg 560w\" sizes=\"auto, (max-width: 350px) 100vw, 350px\" \/><\/a><\/p>\n<p>Para finalizar, Atresplayer cumple su promesa de consolidarse como la plataforma espa\u00f1ola de referencia con \u00a0contenidos de calidad, innovadores y diversos que conforman un cat\u00e1logo reconocido en Espa\u00f1a y a escala internacional. <strong>Atresmedia Sales<\/strong>, por su parte, contin\u00faa conquistando al p\u00fablico global, consolidando al Grupo como gran factor\u00eda de contenidos made in Spain.<\/p>\n<p><img loading=\"lazy\" decoding=\"async\" class=\"aligncenter size-full wp-image-68434\" src=\"https:\/\/tvmasmagazine.com\/wp-content\/uploads\/2024\/09\/01-CREATIVIDAD-HORIOZNTAL-scaled.jpeg\" alt=\"\" width=\"2560\" height=\"1810\" srcset=\"https:\/\/tvmasmagazine.com\/wp-content\/uploads\/2024\/09\/01-CREATIVIDAD-HORIOZNTAL-scaled.jpeg 2560w, https:\/\/tvmasmagazine.com\/wp-content\/uploads\/2024\/09\/01-CREATIVIDAD-HORIOZNTAL-350x247.jpeg 350w, https:\/\/tvmasmagazine.com\/wp-content\/uploads\/2024\/09\/01-CREATIVIDAD-HORIOZNTAL-1024x724.jpeg 1024w, https:\/\/tvmasmagazine.com\/wp-content\/uploads\/2024\/09\/01-CREATIVIDAD-HORIOZNTAL-150x106.jpeg 150w, https:\/\/tvmasmagazine.com\/wp-content\/uploads\/2024\/09\/01-CREATIVIDAD-HORIOZNTAL-768x543.jpeg 768w, https:\/\/tvmasmagazine.com\/wp-content\/uploads\/2024\/09\/01-CREATIVIDAD-HORIOZNTAL-1536x1086.jpeg 1536w, https:\/\/tvmasmagazine.com\/wp-content\/uploads\/2024\/09\/01-CREATIVIDAD-HORIOZNTAL-2048x1448.jpeg 2048w\" sizes=\"auto, (max-width: 2560px) 100vw, 2560px\" \/><\/p>\n<p style=\"text-align: center; font-size: 11px;\">Publicidad<\/p>\n<p><a href=\"https:\/\/www.atresseries.com\/series\/las-noches-de-tefia\/el-16-de-septiembre-estreno-exclusivo-de-las-noches-de-tefia-en-atreseries-internacional-un-drama-de-exito-galardonado-en-el-ultimo-ano_2024073166ab72f34d4175000186e68b.html\"><img loading=\"lazy\" decoding=\"async\" class=\"aligncenter wp-image-68466 size-full\" src=\"https:\/\/tvmasmagazine.com\/wp-content\/uploads\/2024\/09\/TVMAS-A3SERIES-LAS-NOCHES-DE-TEFIA-LUNES-350x102px.png\" alt=\"\" width=\"350\" height=\"102\" srcset=\"https:\/\/tvmasmagazine.com\/wp-content\/uploads\/2024\/09\/TVMAS-A3SERIES-LAS-NOCHES-DE-TEFIA-LUNES-350x102px.png 350w, https:\/\/tvmasmagazine.com\/wp-content\/uploads\/2024\/09\/TVMAS-A3SERIES-LAS-NOCHES-DE-TEFIA-LUNES-350x102px-150x44.png 150w\" sizes=\"auto, (max-width: 350px) 100vw, 350px\" \/><\/a><\/p>\n<p>Redacci\u00f3n TVMAS<\/p>","protected":false},"excerpt":{"rendered":"<p>SERIES | FESTIVALES | STREAMING La serie de atresplayer, uno de los t\u00edtulos m\u00e1s aclamados a escala internacional, estar\u00e1 en <a class=\"more-link\" href=\"https:\/\/tvmasmagazine.com\/es\/2024\/09\/16\/vestidas-de-azul-se-presenta-en-nueva-york\/\">&#8230;<\/a><\/p>\n","protected":false},"author":1,"featured_media":68430,"comment_status":"open","ping_status":"closed","sticky":false,"template":"","format":"standard","meta":{"footnotes":""},"categories":[80,79,47],"tags":[],"class_list":["post-68429","post","type-post","status-publish","format-standard","has-post-thumbnail","hentry","category-ott","category-tv-abierta","category-tv-de-pagp"],"_links":{"self":[{"href":"https:\/\/tvmasmagazine.com\/es\/wp-json\/wp\/v2\/posts\/68429","targetHints":{"allow":["GET"]}}],"collection":[{"href":"https:\/\/tvmasmagazine.com\/es\/wp-json\/wp\/v2\/posts"}],"about":[{"href":"https:\/\/tvmasmagazine.com\/es\/wp-json\/wp\/v2\/types\/post"}],"author":[{"embeddable":true,"href":"https:\/\/tvmasmagazine.com\/es\/wp-json\/wp\/v2\/users\/1"}],"replies":[{"embeddable":true,"href":"https:\/\/tvmasmagazine.com\/es\/wp-json\/wp\/v2\/comments?post=68429"}],"version-history":[{"count":10,"href":"https:\/\/tvmasmagazine.com\/es\/wp-json\/wp\/v2\/posts\/68429\/revisions"}],"predecessor-version":[{"id":68469,"href":"https:\/\/tvmasmagazine.com\/es\/wp-json\/wp\/v2\/posts\/68429\/revisions\/68469"}],"wp:featuredmedia":[{"embeddable":true,"href":"https:\/\/tvmasmagazine.com\/es\/wp-json\/wp\/v2\/media\/68430"}],"wp:attachment":[{"href":"https:\/\/tvmasmagazine.com\/es\/wp-json\/wp\/v2\/media?parent=68429"}],"wp:term":[{"taxonomy":"category","embeddable":true,"href":"https:\/\/tvmasmagazine.com\/es\/wp-json\/wp\/v2\/categories?post=68429"},{"taxonomy":"post_tag","embeddable":true,"href":"https:\/\/tvmasmagazine.com\/es\/wp-json\/wp\/v2\/tags?post=68429"}],"curies":[{"name":"wp","href":"https:\/\/api.w.org\/{rel}","templated":true}]}}