{"id":68502,"date":"2024-09-26T21:46:59","date_gmt":"2024-09-27T00:46:59","guid":{"rendered":"https:\/\/tvmasmagazine.com\/?p=68502"},"modified":"2024-09-26T21:53:24","modified_gmt":"2024-09-27T00:53:24","slug":"jorge-said-regresa-al-canal-13-de-chile-con-el-peregrino","status":"publish","type":"post","link":"https:\/\/tvmasmagazine.com\/es\/2024\/09\/26\/jorge-said-regresa-al-canal-13-de-chile-con-el-peregrino\/","title":{"rendered":"Jorge Said regresa al canal 13 de Chile con \u201c\u2018El peregrino\u2019"},"content":{"rendered":"<p><strong><span style=\"color: #ff0000;\">DOCUMENTALES | STREAMING<\/span><\/strong><\/p>\n\n\t\t<!-- MasterSlider -->\n\t\t<div id=\"P_MS69f48dab40b9f\" class=\"master-slider-parent msl ms-parent-id-116\" style=\"max-width:800px;\">\n\n\t\t\t\n\t\t\t<!-- MasterSlider Main -->\n\t\t\t<div id=\"MS69f48dab40b9f\" class=\"master-slider ms-skin-default\" >\n\t\t\t\t \t\t\t\t \n\t\t\t\t<div  class=\"ms-slide\" data-delay=\"3\" data-fill-mode=\"fit\"  >\n\t\t\t\t\t<img decoding=\"async\" src=\"https:\/\/tvmasmagazine.com\/wp-content\/plugins\/master-slider\/public\/assets\/css\/blank.gif\" alt=\"\" title=\"\" data-src=\"https:\/\/tvmasmagazine.com\/wp-content\/uploads\/2024\/09\/Jorge-Said.jpg\" \/>\n\n\t\t\t\t\t<div class=\"ms-info\"><p style=\"text-align: center;\"><strong>Jorge Said<\/strong><\/p><\/div>\n\n\n\t<div class=\"ms-thumb\" ><div class=\"ms-tab-context\"><div class=\"&quot;ms-tab-context&quot;\"><\/div><\/div>\n<\/div>\n\t\t\t\t<\/div>\n\t\t\t\t<div  class=\"ms-slide\" data-delay=\"3\" data-fill-mode=\"fit\"  >\n\t\t\t\t\t<img decoding=\"async\" src=\"https:\/\/tvmasmagazine.com\/wp-content\/plugins\/master-slider\/public\/assets\/css\/blank.gif\" alt=\"\" title=\"\" data-src=\"https:\/\/tvmasmagazine.com\/wp-content\/uploads\/2024\/09\/ElPeregrino_00.jpg\" \/>\n\n\t\t\t\t\t<div class=\"ms-info\"><p style=\"text-align: center;\"><strong>El Peregrino<\/strong><\/p><\/div>\n\n\n\t<div class=\"ms-thumb\" ><div class=\"ms-tab-context\"><div class=\"&quot;ms-tab-context&quot;\"><\/div><\/div>\n<\/div>\n\t\t\t\t<\/div>\n\t\t\t\t<div  class=\"ms-slide\" data-delay=\"3\" data-fill-mode=\"fit\"  >\n\t\t\t\t\t<img decoding=\"async\" src=\"https:\/\/tvmasmagazine.com\/wp-content\/plugins\/master-slider\/public\/assets\/css\/blank.gif\" alt=\"\" title=\"\" data-src=\"https:\/\/tvmasmagazine.com\/wp-content\/uploads\/2024\/09\/ElPeregrino_05.jpg\" \/>\n\n\t\t\t\t\t<div class=\"ms-info\"><p style=\"text-align: center;\"><strong>El Peregrino<\/strong><\/p><\/div>\n\n\n\t<div class=\"ms-thumb\" ><div class=\"ms-tab-context\"><div class=\"&quot;ms-tab-context&quot;\"><\/div><\/div>\n<\/div>\n\t\t\t\t<\/div>\n\t\t\t\t<div  class=\"ms-slide\" data-delay=\"3\" data-fill-mode=\"fit\"  >\n\t\t\t\t\t<img decoding=\"async\" src=\"https:\/\/tvmasmagazine.com\/wp-content\/plugins\/master-slider\/public\/assets\/css\/blank.gif\" alt=\"\" title=\"\" data-src=\"https:\/\/tvmasmagazine.com\/wp-content\/uploads\/2024\/09\/ElPeregrino_04.jpg\" \/>\n\n\t\t\t\t\t<div class=\"ms-info\"><p style=\"text-align: center;\"><strong>El Peregrino<\/strong><\/p><\/div>\n\n\n\t<div class=\"ms-thumb\" ><div class=\"ms-tab-context\"><div class=\"&quot;ms-tab-context&quot;\"><\/div><\/div>\n<\/div>\n\t\t\t\t<\/div>\n\t\t\t\t<div  class=\"ms-slide\" data-delay=\"3\" data-fill-mode=\"fit\"  >\n\t\t\t\t\t<img decoding=\"async\" src=\"https:\/\/tvmasmagazine.com\/wp-content\/plugins\/master-slider\/public\/assets\/css\/blank.gif\" alt=\"\" title=\"\" data-src=\"https:\/\/tvmasmagazine.com\/wp-content\/uploads\/2024\/09\/ElPeregrino_02.jpg\" \/>\n\n\t\t\t\t\t<div class=\"ms-info\"><p style=\"text-align: center;\"><strong>El Peregrino<\/strong><\/p><\/div>\n\n\n\t<div class=\"ms-thumb\" ><div class=\"ms-tab-context\"><div class=\"&quot;ms-tab-context&quot;\"><\/div><\/div>\n<\/div>\n\t\t\t\t<\/div>\n\t\t\t\t<div  class=\"ms-slide\" data-delay=\"3\" data-fill-mode=\"fit\"  >\n\t\t\t\t\t<img decoding=\"async\" src=\"https:\/\/tvmasmagazine.com\/wp-content\/plugins\/master-slider\/public\/assets\/css\/blank.gif\" alt=\"\" title=\"\" data-src=\"https:\/\/tvmasmagazine.com\/wp-content\/uploads\/2024\/09\/ElPeregrino_03.jpg\" \/>\n\n\t\t\t\t\t<div class=\"ms-info\"><p style=\"text-align: center;\"><strong>El Peregrino<\/strong><\/p><\/div>\n\n\n\t<div class=\"ms-thumb\" ><div class=\"ms-tab-context\"><div class=\"&quot;ms-tab-context&quot;\"><\/div><\/div>\n<\/div>\n\t\t\t\t<\/div>\n\t\t\t\t<div  class=\"ms-slide\" data-delay=\"3\" data-fill-mode=\"fit\"  >\n\t\t\t\t\t<img decoding=\"async\" src=\"https:\/\/tvmasmagazine.com\/wp-content\/plugins\/master-slider\/public\/assets\/css\/blank.gif\" alt=\"\" title=\"\" data-src=\"https:\/\/tvmasmagazine.com\/wp-content\/uploads\/2024\/09\/ElPeregrino_06.jpg\" \/>\n\n\t\t\t\t\t<div class=\"ms-info\"><p style=\"text-align: center;\"><strong>El Peregrino<\/strong><\/p><\/div>\n\n\n\t<div class=\"ms-thumb\" ><div class=\"ms-tab-context\"><div class=\"&quot;ms-tab-context&quot;\"><\/div><\/div>\n<\/div>\n\t\t\t\t<\/div>\n\t\t\t\t<div  class=\"ms-slide\" data-delay=\"3\" data-fill-mode=\"fit\"  >\n\t\t\t\t\t<img decoding=\"async\" src=\"https:\/\/tvmasmagazine.com\/wp-content\/plugins\/master-slider\/public\/assets\/css\/blank.gif\" alt=\"\" title=\"\" data-src=\"https:\/\/tvmasmagazine.com\/wp-content\/uploads\/2024\/09\/ElPeregrino_07.jpg\" \/>\n\n\t\t\t\t\t<div class=\"ms-info\"><p style=\"text-align: center;\"><strong>El Peregrino<\/strong><\/p><\/div>\n\n\n\t<div class=\"ms-thumb\" ><div class=\"ms-tab-context\"><div class=\"&quot;ms-tab-context&quot;\"><\/div><\/div>\n<\/div>\n\t\t\t\t<\/div>\n\n\t\t\t<\/div>\n\t\t\t<!-- END MasterSlider Main -->\n\n\t\t\t \n\t\t<\/div>\n\t\t<!-- END MasterSlider -->\n\n\t\t<script>\n\t\t(function ( $ ) {\n\t\t\t\"use strict\";\n\n\t\t\t$(function () {\n\t\t\t\tvar masterslider_0b9f = new MasterSlider();\n\n\t\t\t\t\/\/ slider controls\n\t\t\t\tmasterslider_0b9f.control('arrows'     ,{ autohide:false, overVideo:true  });\n\t\t\t\tmasterslider_0b9f.control('slideinfo'  ,{ autohide:false, overVideo:true, dir:'h', align:'bottom',inset:false , margin:10   });\n\t\t\t\t\/\/ slider setup\n\t\t\t\tmasterslider_0b9f.setup(\"MS69f48dab40b9f\", {\n\t\t\t\t\t\twidth           : 800,\n\t\t\t\t\t\theight          : 480,\n\t\t\t\t\t\tminHeight       : 0,\n\t\t\t\t\t\tspace           : 0,\n\t\t\t\t\t\tstart           : 1,\n\t\t\t\t\t\tgrabCursor      : true,\n\t\t\t\t\t\tswipe           : true,\n\t\t\t\t\t\tmouse           : true,\n\t\t\t\t\t\tlayout          : \"boxed\",\n\t\t\t\t\t\twheel           : false,\n\t\t\t\t\t\tautoplay        : true,\n\t\t\t\t\t\tinstantStartLayers:false,\n\t\t\t\t\t\tloop            : false,\n\t\t\t\t\t\tshuffle         : false,\n\t\t\t\t\t\tpreload         : 0,\n\t\t\t\t\t\theightLimit     : true,\n\t\t\t\t\t\tautoHeight      : false,\n\t\t\t\t\t\tsmoothHeight    : true,\n\t\t\t\t\t\tendPause        : false,\n\t\t\t\t\t\toverPause       : true,\n\t\t\t\t\t\tfillMode        : \"fill\",\n\t\t\t\t\t\tcenterControls  : true,\n\t\t\t\t\t\tstartOnAppear   : false,\n\t\t\t\t\t\tlayersMode      : \"center\",\n\t\t\t\t\t\thideLayers      : false,\n\t\t\t\t\t\tfullscreenMargin: 0,\n\t\t\t\t\t\tspeed           : 20,\n\t\t\t\t\t\tdir             : \"h\",\n\t\t\t\t\t\tparallaxMode    : 'swipe',\n\t\t\t\t\t\tview            : \"basic\"\n\t\t\t\t});\n\n\t\t\t\t\n\t\t\t\twindow.masterslider_instances = window.masterslider_instances || [];\n\t\t\t\twindow.masterslider_instances.push( masterslider_0b9f );\n\t\t\t });\n\n\t\t})(jQuery);\n\t\t<\/script>\n\n\n<p><span style=\"color: #000080;\"><strong>\u201cEste regreso es el resumen de mi carrera en televisi\u00f3n, porque engloba las otras series que he realizado para este canal\u201d. Jorge Said, periodista y documentalista<\/strong><\/span><\/p>\n<p><span style=\"color: #000080;\"><strong>Se trata de un viaje incesante por los misteriosos caminos de la espiritualidad y que recorrer\u00e1 los lugares m\u00e1s sagrados y extremos de los cinco continentes.<\/strong><\/span><\/p>\n<p>Este s\u00e1bado 28 de septiembre, despu\u00e9s del estreno de \u201cSiempre hay un chileno\u201d, llega al 13 un nuevo espacio liderado por el periodista y presentador Jorge Said, \u201cEl peregrino\u201d. Un viaje incesante por los misteriosos caminos de la espiritualidad y que recorrer\u00e1 los lugares m\u00e1s sagrados y extremos de los cinco continentes.<\/p>\n<p style=\"text-align: center; font-size: 11px; margin-bottom: -11px;\">Publicidad<\/p>\n<p><a href=\"https:\/\/www.mipcom.com\/en-gb\/visit.html?utm_source=mipcom2024_tvmas&amp;utm_medium=barter_website&amp;utm_campaign=mipcom2024-generic\"><img loading=\"lazy\" decoding=\"async\" class=\"aligncenter wp-image-68418 size-full\" src=\"https:\/\/tvmasmagazine.com\/wp-content\/uploads\/2024\/09\/2024-MIPCOM_TVMAS_560x150px.jpg\" alt=\"\" width=\"560\" height=\"150\" srcset=\"https:\/\/tvmasmagazine.com\/wp-content\/uploads\/2024\/09\/2024-MIPCOM_TVMAS_560x150px.jpg 560w, https:\/\/tvmasmagazine.com\/wp-content\/uploads\/2024\/09\/2024-MIPCOM_TVMAS_560x150px-350x94.jpg 350w, https:\/\/tvmasmagazine.com\/wp-content\/uploads\/2024\/09\/2024-MIPCOM_TVMAS_560x150px-150x40.jpg 150w\" sizes=\"auto, (max-width: 560px) 100vw, 560px\" \/><\/a><\/p>\n<p>En este nuevo programa se mostrar\u00e1n los largos peregrinajes del conocido reportero de guerra y de cultura, quien revelar\u00e1 la base de las religiones m\u00e1s importantes del mundo, desde sus conflictos y las crisis humanitarias que han provocado a lo largo de la historia de la humanidad hasta los m\u00e1s ins\u00f3litas y grandiosas romer\u00edas.<\/p>\n<p>Jorge Said, el conductor y creador del programa, dice que \u201chacer esta serie ha sido para m\u00ed el mayor desaf\u00edo de mi carrera period\u00edstica, porque ha significado integrar mi trabajo como reportero en \u00e1reas de conflicto y de guerra con las \u00faltimas tribus, los pueblos originarios y los guardianes del planeta y, finalmente, las grandes peregrinaciones que realiza el hombre para acercarse a su fe\u201d.<\/p>\n<p style=\"text-align: center; font-size: 11px; margin-bottom: -11px;\">Publicidad<\/p>\n<p><a href=\"https:\/\/dicm.ae\/?utm_source=website&amp;utm_medium=%20banner&amp;utm_campaign=TVMas\"><img loading=\"lazy\" decoding=\"async\" class=\"aligncenter wp-image-68446 size-full\" src=\"https:\/\/tvmasmagazine.com\/wp-content\/uploads\/2024\/09\/DICM-2024-345X100.png\" alt=\"\" width=\"1452\" height=\"472\" srcset=\"https:\/\/tvmasmagazine.com\/wp-content\/uploads\/2024\/09\/DICM-2024-345X100.png 1452w, https:\/\/tvmasmagazine.com\/wp-content\/uploads\/2024\/09\/DICM-2024-345X100-350x114.png 350w, https:\/\/tvmasmagazine.com\/wp-content\/uploads\/2024\/09\/DICM-2024-345X100-1024x333.png 1024w, https:\/\/tvmasmagazine.com\/wp-content\/uploads\/2024\/09\/DICM-2024-345X100-150x49.png 150w, https:\/\/tvmasmagazine.com\/wp-content\/uploads\/2024\/09\/DICM-2024-345X100-768x250.png 768w\" sizes=\"auto, (max-width: 1452px) 100vw, 1452px\" \/><\/a><\/p>\n<p>Said, detr\u00e1s de reconocidas apuestas como \u2018<em>Buscando a Dios\u2019<\/em> y \u2018<em>Las \u00faltimas tribus\u2019 reflexiona<\/em>, \u201ce<em>l peregrino<\/em> es un tremendo desaf\u00edo en t\u00e9rminos f\u00edsicos, log\u00edsticos y de estrategia, porque llegamos a cerca de 30 pa\u00edses, y fue un recorrido por los cinco continentes. Estuvimos en pa\u00edses muy complicados, como Ucrania, Israel, Palestina y visitamos Etiop\u00eda en \u00c1frica, todos territorios muy dif\u00edciles\u201d.<\/p>\n<p style=\"text-align: center; font-size: 11px; margin-bottom: -11px;\">Publicidad<\/p>\n<p><a href=\"https:\/\/kanalddrama.com\/LATAM\/inicio\/\"><img loading=\"lazy\" decoding=\"async\" class=\"aligncenter wp-image-68447 size-full\" src=\"https:\/\/tvmasmagazine.com\/wp-content\/uploads\/2024\/09\/345x100.jpg\" alt=\"\" width=\"345\" height=\"100\" srcset=\"https:\/\/tvmasmagazine.com\/wp-content\/uploads\/2024\/09\/345x100.jpg 345w, https:\/\/tvmasmagazine.com\/wp-content\/uploads\/2024\/09\/345x100-150x43.jpg 150w\" sizes=\"auto, (max-width: 345px) 100vw, 345px\" \/><\/a><\/p>\n<p><span style=\"color: #ff0000;\">\u00a0<strong>AHORA CAMINO AMERICA LATINA<\/strong><\/span><\/p>\n<p>\u201cEl peregrino\u201d tambi\u00e9n ir\u00e1 al encuentro de Am\u00e9rica Latina, visitando el coraz\u00f3n de las culturas azteca y maya, donde testimoniar\u00e1 el terrible conflicto con los conquistadores, desde el sufrido pasado imperial hasta el popular D\u00eda de los Muertos. Asimismo, llegar\u00e1 a Brasil para mostrar las tradiciones religiosas de R\u00edo de Janeiro, Ouro Preto y Salvador de Bah\u00eda. A ello se suman las peregrinaciones incas hacia las monta\u00f1as sagradas en el altiplano de Per\u00fa y Bolivia.<\/p>\n<p style=\"text-align: center; font-size: 11px; margin-bottom: -11px;\">Publicidad<\/p>\n<p><a href=\"https:\/\/intermedya.tv\/\"><img loading=\"lazy\" decoding=\"async\" class=\"aligncenter wp-image-67762 size-full\" src=\"https:\/\/tvmasmagazine.com\/wp-content\/uploads\/2023\/12\/TvMas_345x100_Leylifer_PoisonIvy_Hicran.gif\" alt=\"\" width=\"345\" height=\"100\" \/><\/a><\/p>\n<p>Para Jorge Said, este proyecto tiene un sentido muy especial, \u201cporque refleja, quiz\u00e1s, lo que m\u00e1s he anhelado en mi carrera period\u00edstica, que es llegar a esas personas que no tienen voz y poder entregar un gran contenido a trav\u00e9s de la pantalla nacional\u201d.<\/p>\n<p>En relaci\u00f3n a regresar al canal 13, Said se\u00f1ala que \u201cpara m\u00ed es un sue\u00f1o hecho realidad. El poder estar en televisi\u00f3n abierta y llegar a todo el territorio de nuestro pa\u00eds, me llena de alegr\u00eda. \u00a0Adem\u00e1s, es bueno llegar a lugares que no tienen la posibilidad de tener cable ni otras plataformas\u201d.<\/p>\n<p style=\"text-align: center; font-size: 11px; margin-bottom: -11px;\">Publicidad<\/p>\n<p><a href=\"https:\/\/contentamericas.net\/es\/register-for-content-americas-2024\/\"><img loading=\"lazy\" decoding=\"async\" class=\"aligncenter wp-image-67246 size-full\" src=\"https:\/\/tvmasmagazine.com\/wp-content\/uploads\/2023\/09\/Screenshot_3.png\" alt=\"\" width=\"1456\" height=\"180\" srcset=\"https:\/\/tvmasmagazine.com\/wp-content\/uploads\/2023\/09\/Screenshot_3.png 1456w, https:\/\/tvmasmagazine.com\/wp-content\/uploads\/2023\/09\/Screenshot_3-350x43.png 350w, https:\/\/tvmasmagazine.com\/wp-content\/uploads\/2023\/09\/Screenshot_3-1024x127.png 1024w, https:\/\/tvmasmagazine.com\/wp-content\/uploads\/2023\/09\/Screenshot_3-150x19.png 150w, https:\/\/tvmasmagazine.com\/wp-content\/uploads\/2023\/09\/Screenshot_3-768x95.png 768w\" sizes=\"auto, (max-width: 1456px) 100vw, 1456px\" \/><\/a><\/p>\n<p><strong><span style=\"color: #ff0000;\">El primer episodio de \u201cEl peregrino\u201d, de este s\u00e1bado, ser\u00e1 en<\/span> Indonesia con un viaje al coraz\u00f3n del budismo.<\/strong> Lleno de misterios con mezcla de religiones y creencias poco conocidas en el mundo occidental. En Bali, Jorge conocer\u00e1 los arrozales, reconocidos como Patrimonio de la Humanidad por la Unesco, debido a sus dise\u00f1os en medios de laderas incre\u00edbles y que respetan y preservan la naturaleza. \u201cEl peregrino\u201d debuta este s\u00e1bado 28 de septiembre despu\u00e9s de \u201cSiempre hay un chileno\u00bb por las pantallas del 13 y todas sus plataformas.<\/p>\n<p style=\"text-align: center; font-size: 11px; margin-bottom: -11px;\">Publicidad<\/p>\n<p><a href=\"https:\/\/welove-entertainment.com\/\"><img loading=\"lazy\" decoding=\"async\" class=\"aligncenter wp-image-66801 size-full\" src=\"https:\/\/tvmasmagazine.com\/wp-content\/uploads\/2023\/05\/unnamed-4.gif\" alt=\"\" width=\"345\" height=\"100\" \/><\/a><\/p>\n<p><a href=\"https:\/\/www.mipcancun.com\/en-gb\/attend.html?utm_source=mipcancun2024_tvmas&amp;utm_medium=barter_website&amp;utm_campaign=mipcancun2024_generic\"><img loading=\"lazy\" decoding=\"async\" class=\"aligncenter wp-image-68479 size-full\" src=\"https:\/\/tvmasmagazine.com\/wp-content\/uploads\/2024\/09\/MIPCANCUN24_TVMAS_345x100px.jpg\" alt=\"\" width=\"345\" height=\"100\" srcset=\"https:\/\/tvmasmagazine.com\/wp-content\/uploads\/2024\/09\/MIPCANCUN24_TVMAS_345x100px.jpg 345w, https:\/\/tvmasmagazine.com\/wp-content\/uploads\/2024\/09\/MIPCANCUN24_TVMAS_345x100px-150x43.jpg 150w\" sizes=\"auto, (max-width: 345px) 100vw, 345px\" \/><\/a><\/p>\n<p>&nbsp;<\/p>\n<p>Redacci\u00f3n TVMAS<\/p>","protected":false},"excerpt":{"rendered":"<p>DOCUMENTALES | STREAMING \u201cEste regreso es el resumen de mi carrera en televisi\u00f3n, porque engloba las otras series que he <a class=\"more-link\" href=\"https:\/\/tvmasmagazine.com\/es\/2024\/09\/26\/jorge-said-regresa-al-canal-13-de-chile-con-el-peregrino\/\">&#8230;<\/a><\/p>\n","protected":false},"author":1,"featured_media":68515,"comment_status":"open","ping_status":"closed","sticky":false,"template":"","format":"standard","meta":{"footnotes":""},"categories":[80,256,79,47],"tags":[],"class_list":["post-68502","post","type-post","status-publish","format-standard","has-post-thumbnail","hentry","category-ott","category-series","category-tv-abierta","category-tv-de-pagp"],"_links":{"self":[{"href":"https:\/\/tvmasmagazine.com\/es\/wp-json\/wp\/v2\/posts\/68502","targetHints":{"allow":["GET"]}}],"collection":[{"href":"https:\/\/tvmasmagazine.com\/es\/wp-json\/wp\/v2\/posts"}],"about":[{"href":"https:\/\/tvmasmagazine.com\/es\/wp-json\/wp\/v2\/types\/post"}],"author":[{"embeddable":true,"href":"https:\/\/tvmasmagazine.com\/es\/wp-json\/wp\/v2\/users\/1"}],"replies":[{"embeddable":true,"href":"https:\/\/tvmasmagazine.com\/es\/wp-json\/wp\/v2\/comments?post=68502"}],"version-history":[{"count":7,"href":"https:\/\/tvmasmagazine.com\/es\/wp-json\/wp\/v2\/posts\/68502\/revisions"}],"predecessor-version":[{"id":68517,"href":"https:\/\/tvmasmagazine.com\/es\/wp-json\/wp\/v2\/posts\/68502\/revisions\/68517"}],"wp:featuredmedia":[{"embeddable":true,"href":"https:\/\/tvmasmagazine.com\/es\/wp-json\/wp\/v2\/media\/68515"}],"wp:attachment":[{"href":"https:\/\/tvmasmagazine.com\/es\/wp-json\/wp\/v2\/media?parent=68502"}],"wp:term":[{"taxonomy":"category","embeddable":true,"href":"https:\/\/tvmasmagazine.com\/es\/wp-json\/wp\/v2\/categories?post=68502"},{"taxonomy":"post_tag","embeddable":true,"href":"https:\/\/tvmasmagazine.com\/es\/wp-json\/wp\/v2\/tags?post=68502"}],"curies":[{"name":"wp","href":"https:\/\/api.w.org\/{rel}","templated":true}]}}