{"id":68520,"date":"2024-09-27T19:04:23","date_gmt":"2024-09-27T22:04:23","guid":{"rendered":"https:\/\/tvmasmagazine.com\/?p=68520"},"modified":"2024-09-27T19:06:06","modified_gmt":"2024-09-27T22:06:06","slug":"secuoya-studios-y-juan-carballo-firman-un-acuerdo-de-desarrollo-creativo","status":"publish","type":"post","link":"https:\/\/tvmasmagazine.com\/es\/2024\/09\/27\/secuoya-studios-y-juan-carballo-firman-un-acuerdo-de-desarrollo-creativo\/","title":{"rendered":"Secuoya Studios y Juan Carballo firman un acuerdo de desarrollo creativo"},"content":{"rendered":"<p><strong><span style=\"color: #ff0000;\">ACUERDOS | ESCRITORES | PRODUCTORES | CONTENIDO<\/span><\/strong><\/p>\n<div id=\"attachment_68522\" style=\"width: 386px\" class=\"wp-caption aligncenter\"><img loading=\"lazy\" decoding=\"async\" aria-describedby=\"caption-attachment-68522\" class=\"size-full wp-image-68522\" src=\"https:\/\/tvmasmagazine.com\/wp-content\/uploads\/2024\/09\/JUAN-CARBALLO-GUIONISTA-ESCRITOR-Y-PRODUCTOR-OK.jpg\" alt=\"\" width=\"376\" height=\"578\" srcset=\"https:\/\/tvmasmagazine.com\/wp-content\/uploads\/2024\/09\/JUAN-CARBALLO-GUIONISTA-ESCRITOR-Y-PRODUCTOR-OK.jpg 376w, https:\/\/tvmasmagazine.com\/wp-content\/uploads\/2024\/09\/JUAN-CARBALLO-GUIONISTA-ESCRITOR-Y-PRODUCTOR-OK-228x350.jpg 228w, https:\/\/tvmasmagazine.com\/wp-content\/uploads\/2024\/09\/JUAN-CARBALLO-GUIONISTA-ESCRITOR-Y-PRODUCTOR-OK-98x150.jpg 98w\" sizes=\"auto, (max-width: 376px) 100vw, 376px\" \/><p id=\"caption-attachment-68522\" class=\"wp-caption-text\">Juan Carballo<\/p><\/div>\n<p><span style=\"color: #000080;\"><strong>\u201cCon Juan a bordo, estamos seguros de que lograremos crear experiencias de Ficci\u00f3n excepcionales para los espectadores de todo el mundo.\u201d, destaca subraya Brendan Fitzgerald, CEO de Secuoya Studios.<\/strong><\/span><\/p>\n<p>El guionista, escritor y productor <strong>Juan Mat\u00edas Carballo<\/strong> y <strong>Secuoya Studios<\/strong> emprenden este acuerdo estrat\u00e9gico para el desarrollo creativo y ampliar el equipo creativo de la empresa en el \u00e1rea de Ficci\u00f3n, estableciendo una base s\u00f3lida para la creaci\u00f3n de nuevas y cautivadoras series, que prometen captar la atenci\u00f3n de audiencias a nivel global.<\/p>\n<p>Con una estable trayectoria en la industria, Juan ha demostrado ser un talento relevante en el desarrollo y producci\u00f3n de contenido audiovisual. En esta nueva etapa la empresa, aportar\u00e1 su experiencia en la conceptualizaci\u00f3n y producci\u00f3n de contenidos innovadores.<\/p>\n<div id=\"attachment_68521\" style=\"width: 2570px\" class=\"wp-caption aligncenter\"><img loading=\"lazy\" decoding=\"async\" aria-describedby=\"caption-attachment-68521\" class=\"size-full wp-image-68521\" src=\"https:\/\/tvmasmagazine.com\/wp-content\/uploads\/2024\/09\/Brendan_Fitzgerald-en-alta--scaled.jpg\" alt=\"\" width=\"2560\" height=\"1708\" srcset=\"https:\/\/tvmasmagazine.com\/wp-content\/uploads\/2024\/09\/Brendan_Fitzgerald-en-alta--scaled.jpg 2560w, https:\/\/tvmasmagazine.com\/wp-content\/uploads\/2024\/09\/Brendan_Fitzgerald-en-alta--350x233.jpg 350w, https:\/\/tvmasmagazine.com\/wp-content\/uploads\/2024\/09\/Brendan_Fitzgerald-en-alta--1024x683.jpg 1024w, https:\/\/tvmasmagazine.com\/wp-content\/uploads\/2024\/09\/Brendan_Fitzgerald-en-alta--150x100.jpg 150w, https:\/\/tvmasmagazine.com\/wp-content\/uploads\/2024\/09\/Brendan_Fitzgerald-en-alta--768x512.jpg 768w, https:\/\/tvmasmagazine.com\/wp-content\/uploads\/2024\/09\/Brendan_Fitzgerald-en-alta--1536x1025.jpg 1536w, https:\/\/tvmasmagazine.com\/wp-content\/uploads\/2024\/09\/Brendan_Fitzgerald-en-alta--2048x1366.jpg 2048w\" sizes=\"auto, (max-width: 2560px) 100vw, 2560px\" \/><p id=\"caption-attachment-68521\" class=\"wp-caption-text\">Brendan Fitzgerald<\/p><\/div>\n<p>\u201cEstamos entusiasmados de dar la bienvenida a Juan Carballo a nuestro equipo. Su experiencia y conocimiento en la creaci\u00f3n de historias diferentes y originales ser\u00e1 fundamental en la consolidaci\u00f3n de nuestra posici\u00f3n como referentes en la creaci\u00f3n, producci\u00f3n y distribuci\u00f3n de contenidos. Con Juan a bordo, estamos seguros de que lograremos crear experiencias de Ficci\u00f3n excepcionales para los espectadores de todo el mundo.\u201d, subraya Brendan Fitzgerald, CEO de Secuoya Studios.<\/p>\n<p>Redacci\u00f3n TVMAS<\/p>","protected":false},"excerpt":{"rendered":"<p>ACUERDOS | ESCRITORES | PRODUCTORES | CONTENIDO \u201cCon Juan a bordo, estamos seguros de que lograremos crear experiencias de Ficci\u00f3n <a class=\"more-link\" href=\"https:\/\/tvmasmagazine.com\/es\/2024\/09\/27\/secuoya-studios-y-juan-carballo-firman-un-acuerdo-de-desarrollo-creativo\/\">&#8230;<\/a><\/p>\n","protected":false},"author":1,"featured_media":68522,"comment_status":"open","ping_status":"closed","sticky":false,"template":"","format":"standard","meta":{"footnotes":""},"categories":[80,79],"tags":[],"class_list":["post-68520","post","type-post","status-publish","format-standard","has-post-thumbnail","hentry","category-ott","category-tv-abierta"],"_links":{"self":[{"href":"https:\/\/tvmasmagazine.com\/es\/wp-json\/wp\/v2\/posts\/68520","targetHints":{"allow":["GET"]}}],"collection":[{"href":"https:\/\/tvmasmagazine.com\/es\/wp-json\/wp\/v2\/posts"}],"about":[{"href":"https:\/\/tvmasmagazine.com\/es\/wp-json\/wp\/v2\/types\/post"}],"author":[{"embeddable":true,"href":"https:\/\/tvmasmagazine.com\/es\/wp-json\/wp\/v2\/users\/1"}],"replies":[{"embeddable":true,"href":"https:\/\/tvmasmagazine.com\/es\/wp-json\/wp\/v2\/comments?post=68520"}],"version-history":[{"count":2,"href":"https:\/\/tvmasmagazine.com\/es\/wp-json\/wp\/v2\/posts\/68520\/revisions"}],"predecessor-version":[{"id":68524,"href":"https:\/\/tvmasmagazine.com\/es\/wp-json\/wp\/v2\/posts\/68520\/revisions\/68524"}],"wp:featuredmedia":[{"embeddable":true,"href":"https:\/\/tvmasmagazine.com\/es\/wp-json\/wp\/v2\/media\/68522"}],"wp:attachment":[{"href":"https:\/\/tvmasmagazine.com\/es\/wp-json\/wp\/v2\/media?parent=68520"}],"wp:term":[{"taxonomy":"category","embeddable":true,"href":"https:\/\/tvmasmagazine.com\/es\/wp-json\/wp\/v2\/categories?post=68520"},{"taxonomy":"post_tag","embeddable":true,"href":"https:\/\/tvmasmagazine.com\/es\/wp-json\/wp\/v2\/tags?post=68520"}],"curies":[{"name":"wp","href":"https:\/\/api.w.org\/{rel}","templated":true}]}}