{"id":68533,"date":"2024-10-01T07:27:26","date_gmt":"2024-10-01T10:27:26","guid":{"rendered":"https:\/\/tvmasmagazine.com\/?p=68533"},"modified":"2024-10-01T08:10:15","modified_gmt":"2024-10-01T11:10:15","slug":"iberseries-platino-industria-2024-estrenos-de-ficcion-de-a-escala-mundial","status":"publish","type":"post","link":"https:\/\/tvmasmagazine.com\/es\/2024\/10\/01\/iberseries-platino-industria-2024-estrenos-de-ficcion-de-a-escala-mundial\/","title":{"rendered":"Iberseries &#038; Platino Industria 2024. Estrenos de ficci\u00f3n de a escala mundial"},"content":{"rendered":"<p><strong><span style=\"color: #ff0000;\">EVENTOS DE MERCADO | PRODUCCI\u00d3N | CONTENIDOS | ENTRENENIMIENTO | NEGOCIOS<\/span><\/strong><\/p>\n\n\t\t<!-- MasterSlider -->\n\t\t<div id=\"P_MS69edc923f3c3a\" class=\"master-slider-parent msl ms-parent-id-118\" style=\"max-width:800px;\">\n\n\t\t\t\n\t\t\t<!-- MasterSlider Main -->\n\t\t\t<div id=\"MS69edc923f3c3a\" class=\"master-slider ms-skin-default\" >\n\t\t\t\t \t\t\t\t \n\t\t\t\t<div  class=\"ms-slide\" data-delay=\"3\" data-fill-mode=\"fit\"  >\n\t\t\t\t\t<img decoding=\"async\" src=\"https:\/\/tvmasmagazine.com\/wp-content\/plugins\/master-slider\/public\/assets\/css\/blank.gif\" alt=\"\" title=\"\" data-src=\"https:\/\/tvmasmagazine.com\/wp-content\/uploads\/2024\/10\/SUTURA.jpg\" \/>\n\n\t\t\t\t\t<div class=\"ms-info ms-info-empty\">&nbsp;<\/div>\n\n\n\t<div class=\"ms-thumb\" ><div class=\"ms-tab-context\"><div class=\"&quot;ms-tab-context&quot;\"><\/div><\/div>\n<\/div>\n\t\t\t\t<\/div>\n\t\t\t\t<div  class=\"ms-slide\" data-delay=\"3\" data-fill-mode=\"fit\"  >\n\t\t\t\t\t<img decoding=\"async\" src=\"https:\/\/tvmasmagazine.com\/wp-content\/plugins\/master-slider\/public\/assets\/css\/blank.gif\" alt=\"\" title=\"\" data-src=\"https:\/\/tvmasmagazine.com\/wp-content\/uploads\/2024\/10\/PROTAGONISTA.jpg\" \/>\n\n\t\t\t\t\t<div class=\"ms-info ms-info-empty\">&nbsp;<\/div>\n\n\n\t<div class=\"ms-thumb\" ><div class=\"ms-tab-context\"><div class=\"&quot;ms-tab-context&quot;\"><\/div><\/div>\n<\/div>\n\t\t\t\t<\/div>\n\t\t\t\t<div  class=\"ms-slide\" data-delay=\"3\" data-fill-mode=\"fit\"  >\n\t\t\t\t\t<img decoding=\"async\" src=\"https:\/\/tvmasmagazine.com\/wp-content\/plugins\/master-slider\/public\/assets\/css\/blank.gif\" alt=\"\" title=\"\" data-src=\"https:\/\/tvmasmagazine.com\/wp-content\/uploads\/2024\/10\/Iberseries-Platino-Industira-2024-1x1-2.jpg\" \/>\n\n\t\t\t\t\t<div class=\"ms-info ms-info-empty\">&nbsp;<\/div>\n\n\n\t<div class=\"ms-thumb\" ><div class=\"ms-tab-context\"><div class=\"&quot;ms-tab-context&quot;\"><\/div><\/div>\n<\/div>\n\t\t\t\t<\/div>\n\n\t\t\t<\/div>\n\t\t\t<!-- END MasterSlider Main -->\n\n\t\t\t \n\t\t<\/div>\n\t\t<!-- END MasterSlider -->\n\n\t\t<script>\n\t\t(function ( $ ) {\n\t\t\t\"use strict\";\n\n\t\t\t$(function () {\n\t\t\t\tvar masterslider_3c3a = new MasterSlider();\n\n\t\t\t\t\/\/ slider controls\n\t\t\t\tmasterslider_3c3a.control('arrows'     ,{ autohide:false, overVideo:true  });\n\t\t\t\tmasterslider_3c3a.control('slideinfo'  ,{ autohide:false, overVideo:true, dir:'h', align:'bottom',inset:false , margin:10   });\n\t\t\t\t\/\/ slider setup\n\t\t\t\tmasterslider_3c3a.setup(\"MS69edc923f3c3a\", {\n\t\t\t\t\t\twidth           : 800,\n\t\t\t\t\t\theight          : 480,\n\t\t\t\t\t\tminHeight       : 0,\n\t\t\t\t\t\tspace           : 0,\n\t\t\t\t\t\tstart           : 1,\n\t\t\t\t\t\tgrabCursor      : true,\n\t\t\t\t\t\tswipe           : true,\n\t\t\t\t\t\tmouse           : true,\n\t\t\t\t\t\tlayout          : \"boxed\",\n\t\t\t\t\t\twheel           : false,\n\t\t\t\t\t\tautoplay        : true,\n\t\t\t\t\t\tinstantStartLayers:false,\n\t\t\t\t\t\tloop            : false,\n\t\t\t\t\t\tshuffle         : false,\n\t\t\t\t\t\tpreload         : 0,\n\t\t\t\t\t\theightLimit     : true,\n\t\t\t\t\t\tautoHeight      : false,\n\t\t\t\t\t\tsmoothHeight    : true,\n\t\t\t\t\t\tendPause        : false,\n\t\t\t\t\t\toverPause       : true,\n\t\t\t\t\t\tfillMode        : \"fill\",\n\t\t\t\t\t\tcenterControls  : true,\n\t\t\t\t\t\tstartOnAppear   : false,\n\t\t\t\t\t\tlayersMode      : \"center\",\n\t\t\t\t\t\thideLayers      : false,\n\t\t\t\t\t\tfullscreenMargin: 0,\n\t\t\t\t\t\tspeed           : 20,\n\t\t\t\t\t\tdir             : \"h\",\n\t\t\t\t\t\tparallaxMode    : 'swipe',\n\t\t\t\t\t\tview            : \"basic\"\n\t\t\t\t});\n\n\t\t\t\t\n\t\t\t\twindow.masterslider_instances = window.masterslider_instances || [];\n\t\t\t\twindow.masterslider_instances.push( masterslider_3c3a );\n\t\t\t });\n\n\t\t})(jQuery);\n\t\t<\/script>\n\n\n<p><span style=\"color: #000080;\"><strong>La programaci\u00f3n de Iberscreenings del programa para este 2024 (1-4 de octubre, Madrid), trae nuevos contenidos de series de ficci\u00f3n y largometrajes iberoamericanos de reciente o pr\u00f3ximo estreno.<\/strong><\/span><\/p>\n<p><span style=\"color: #000080;\"><strong>\u2018<em>Sutura <\/em>thriller m\u00e9dico brasile\u00f1o de Spiral International y Boutique Filmes, producido para Prime Video. Una vitrina de series, pel\u00edculas y contenidos ser\u00e1n el deleite de los participantes.<\/strong><\/span><\/p>\n<p>Iberseries &amp; Platino Industria 2024 el exitoso evento ofrece un programa innovador desde el . En sesi\u00f3n abierta al p\u00fablico, esta el primer cap\u00edtulo de <em>\u2018Sutura \u00a0<\/em>\u00a0thriller m\u00e9dico brasile\u00f1o de <strong>Spiral International <\/strong>y <strong>Boutique Filmes<\/strong>, producido para <strong>Prime Video.<\/strong> La serie, estar\u00e1 disponible en noviembre en la plataforma de Amazon para Am\u00e9rica Latina, est\u00e1 dirigida por <strong>Diego Martins<\/strong> y protagonizada por <strong>Cl\u00e1udia Abreu<\/strong> y <strong>Humberto Morais<\/strong>.<\/p>\n<p><strong>Entre las marcas participantes<\/strong> en esta 4\u00aa edici\u00f3n brillan <strong>The Walt Disney Company Latin America<\/strong>) y <strong>BTF Media<\/strong> con una comedia rom\u00e1ntica, dirigida por <strong>No\u00e9 Santill\u00e1n \u2013 L\u00f3pez,<\/strong> se estrenar\u00e1 en <strong>Disney+ en M\u00e9xico a comienzos de 2025,<\/strong> con <strong>Aislinn Derbez, Christian V\u00e1zquez, Mariana Burelli <\/strong>y <strong>Armando Hern\u00e1ndez. <\/strong><\/p>\n<p><span style=\"background: yellow;\">El 2 de octubre<\/span> en sesi\u00f3n abierta el estreno de la segunda temporada de <em>Intolerantes<\/em> \/ <em>Os Outros,<\/em> de <strong>Globoplay <\/strong>(Brasil). <strong>Alex Medeiros,<\/strong> Head of dramaturgy &amp; documentaries of the Globoplay Originals de Globo (Brasil) presentar\u00e1 el episodio inicial, bajo la moderaci\u00f3n de <strong>Leonardo Edde, fundador de Urca Filmes y VP de Firjan<\/strong> (Brasil).<\/p>\n<p><span style=\"color: #ff0000;\"><strong>El primer cap\u00edtulo de <em>Fav\u00e0ritx<\/em><\/strong><\/span><\/p>\n<p><span style=\"background: yellow;\">El jueves 3 de octubre<\/span>, Ser\u00e1 el screening del primer cap\u00edtulo de <em>Fav\u00e0ritx<\/em> (<strong>TV ON Producciones, Empatic Comunicaci\u00f3n y Volf Entertainment<\/strong>), con la participaci\u00f3n de <strong>Paloma Mora, CEO y productora de TV ON Producciones.<\/strong> Mezcla crimen, intriga y corrupci\u00f3n, en una producci\u00f3n de Espa\u00f1a y Portugal dirigida por <strong>Rafa Montesinos<\/strong> y <strong>Ad\u00e1n Aliaga<\/strong>, que se estrenar\u00e1 en 2025 en <strong>RTP, IB3 y HBO<\/strong>.<\/p>\n<p><span style=\"color: #ff0000;\"><strong>Iberseries &amp; Platino Industria<\/strong><\/span> tambi\u00e9n acoger\u00e1 la presentaci\u00f3n de la nueva serie original mexicana de <strong>HBO,<\/strong> <em>Como agua para chocolate<\/em>, con guion de <strong>Curro Royo, Mar\u00eda Ja\u00e9n y Jimena Gallardo<\/strong>. Se proyectar\u00e1n im\u00e1genes in\u00e9ditas de la producci\u00f3n con un panel conversatorio con los creadores.<\/p>\n<p><span style=\"background: yellow;\">Iberscreenings:<\/span> <strong>Segunda Ventana. Mediaset y Secuoya<\/strong>. <span style=\"color: #ff0000;\">Mediterr\u00e1neo Mediaset<\/span> lleva <em>El Marqu\u00e9s<\/em> (Mediaset Espa\u00f1a y Unicorn Content). Programa de segunda ventana, con presencia de contenido ya estrenado dirigido a compradores con el objetivo de alcanzar nuevas ventanas y territorios de distribuci\u00f3n y comercializaci\u00f3n internacional.<\/p>\n<p><span style=\"color: #ff0000;\"><strong>Secuoya Studios<\/strong><\/span> acudir\u00e1 a \u2018segunda ventana\u2019 con <em>Los 39.<\/em> Este thriller, drama \u00e9pico sobre los 39 marineros que Crist\u00f3bal Col\u00f3n dej\u00f3 en la isla <em>La Espa\u00f1ola<\/em> y la civilizaci\u00f3n que encontraron a la llegada, est\u00e1 dirigida por <strong>Max Lemcke y Jorge Saavedra<\/strong>. La serie va m\u00e1s all\u00e1 de la versi\u00f3n oficial de la historia.<\/p>\n<p><span style=\"color: #ff0000;\"><strong>CINE. <\/strong><\/span><strong><span style=\"color: #ff0000;\">Un camino con muchas oportunidades y desafios<\/span> <\/strong><\/p>\n<p>Finalmente, <strong>Latido Films,<\/strong> lleva m\u00e1s de 20 a\u00f1os vendiendo mundialmente algunas de las m\u00e1s destacadas pel\u00edculas del cine espa\u00f1ol y latinoamericano. Mostrar\u00e1 los nuevos t\u00edtulos clave que han participado con \u00e9xito en los festivales de <strong>Toronto y en San Sebasti\u00e1n<\/strong>.<\/p>\n<p>El evento se realiza del 1 al 4 de octubre en Matadero Madrid, impulsado por <strong>EGEDA<\/strong> y <strong>Fundaci\u00f3n Secuoya<\/strong>, en colaboraci\u00f3n con <strong>FIPCA<\/strong>, con el apoyo de <strong>Comunidad de Madrid y Ayuntamiento de Madrid<\/strong>, y el patrocinio de <strong>Madrid Film Office<\/strong> y <strong>Film Madrid<\/strong>, entre otras entidades colaboradoras.<\/p>\n<p>El evento ofrece un amplio programa que pueden ver en\u00a0 ver en <a href=\"https:\/\/iberseriesplatinoindustria.com\/\">Iberseries &amp; Platino Industria 2024<\/a><\/p>\n<p style=\"text-align: center; font-size: 11px; margin-bottom: -5px;\">Publicidad<\/p>\n<p><a href=\"https:\/\/www.mipcom.com\/en-gb\/visit.html?utm_source=mipcom2024_tvmas&amp;utm_medium=barter_website&amp;utm_campaign=mipcom2024-generic\"><img loading=\"lazy\" decoding=\"async\" class=\"aligncenter wp-image-68351 size-full\" src=\"https:\/\/tvmasmagazine.com\/wp-content\/uploads\/2024\/08\/AR-668395_MIPCOM24_TVMAS-345-x-100_GIF_Dev-1.gif\" alt=\"\" width=\"345\" height=\"100\" \/><\/a><\/p>\n<p><a href=\"https:\/\/www.mipcancun.com\/en-gb\/attend.html?utm_source=mipcancun2024_tvmas&amp;utm_medium=barter_website&amp;utm_campaign=mipcancun2024_generic\"><img loading=\"lazy\" decoding=\"async\" class=\"aligncenter wp-image-68479 size-full\" src=\"https:\/\/tvmasmagazine.com\/wp-content\/uploads\/2024\/09\/MIPCANCUN24_TVMAS_345x100px.jpg\" alt=\"\" width=\"345\" height=\"100\" srcset=\"https:\/\/tvmasmagazine.com\/wp-content\/uploads\/2024\/09\/MIPCANCUN24_TVMAS_345x100px.jpg 345w, https:\/\/tvmasmagazine.com\/wp-content\/uploads\/2024\/09\/MIPCANCUN24_TVMAS_345x100px-150x43.jpg 150w\" sizes=\"auto, (max-width: 345px) 100vw, 345px\" \/><\/a><\/p>\n<p><a href=\"https:\/\/dicm.ae\/?utm_source=website&amp;utm_medium=%20banner&amp;utm_campaign=TVMas\"><img loading=\"lazy\" decoding=\"async\" class=\"aligncenter wp-image-68446 size-medium\" src=\"https:\/\/tvmasmagazine.com\/wp-content\/uploads\/2024\/09\/DICM-2024-345X100-350x114.png\" alt=\"\" width=\"350\" height=\"114\" srcset=\"https:\/\/tvmasmagazine.com\/wp-content\/uploads\/2024\/09\/DICM-2024-345X100-350x114.png 350w, https:\/\/tvmasmagazine.com\/wp-content\/uploads\/2024\/09\/DICM-2024-345X100-1024x333.png 1024w, https:\/\/tvmasmagazine.com\/wp-content\/uploads\/2024\/09\/DICM-2024-345X100-150x49.png 150w, https:\/\/tvmasmagazine.com\/wp-content\/uploads\/2024\/09\/DICM-2024-345X100-768x250.png 768w, https:\/\/tvmasmagazine.com\/wp-content\/uploads\/2024\/09\/DICM-2024-345X100.png 1452w\" sizes=\"auto, (max-width: 350px) 100vw, 350px\" \/><\/a><\/p>\n<p>Redacci\u00f3n TVMAS<\/p>","protected":false},"excerpt":{"rendered":"<p>EVENTOS DE MERCADO | PRODUCCI\u00d3N | CONTENIDOS | ENTRENENIMIENTO | NEGOCIOS La programaci\u00f3n de Iberscreenings del programa para este 2024 <a class=\"more-link\" href=\"https:\/\/tvmasmagazine.com\/es\/2024\/10\/01\/iberseries-platino-industria-2024-estrenos-de-ficcion-de-a-escala-mundial\/\">&#8230;<\/a><\/p>\n","protected":false},"author":1,"featured_media":68537,"comment_status":"open","ping_status":"closed","sticky":false,"template":"","format":"standard","meta":{"footnotes":""},"categories":[80,256,73,79,47],"tags":[],"class_list":["post-68533","post","type-post","status-publish","format-standard","has-post-thumbnail","hentry","category-ott","category-series","category-telenovelas-series","category-tv-abierta","category-tv-de-pagp"],"_links":{"self":[{"href":"https:\/\/tvmasmagazine.com\/es\/wp-json\/wp\/v2\/posts\/68533","targetHints":{"allow":["GET"]}}],"collection":[{"href":"https:\/\/tvmasmagazine.com\/es\/wp-json\/wp\/v2\/posts"}],"about":[{"href":"https:\/\/tvmasmagazine.com\/es\/wp-json\/wp\/v2\/types\/post"}],"author":[{"embeddable":true,"href":"https:\/\/tvmasmagazine.com\/es\/wp-json\/wp\/v2\/users\/1"}],"replies":[{"embeddable":true,"href":"https:\/\/tvmasmagazine.com\/es\/wp-json\/wp\/v2\/comments?post=68533"}],"version-history":[{"count":8,"href":"https:\/\/tvmasmagazine.com\/es\/wp-json\/wp\/v2\/posts\/68533\/revisions"}],"predecessor-version":[{"id":68544,"href":"https:\/\/tvmasmagazine.com\/es\/wp-json\/wp\/v2\/posts\/68533\/revisions\/68544"}],"wp:featuredmedia":[{"embeddable":true,"href":"https:\/\/tvmasmagazine.com\/es\/wp-json\/wp\/v2\/media\/68537"}],"wp:attachment":[{"href":"https:\/\/tvmasmagazine.com\/es\/wp-json\/wp\/v2\/media?parent=68533"}],"wp:term":[{"taxonomy":"category","embeddable":true,"href":"https:\/\/tvmasmagazine.com\/es\/wp-json\/wp\/v2\/categories?post=68533"},{"taxonomy":"post_tag","embeddable":true,"href":"https:\/\/tvmasmagazine.com\/es\/wp-json\/wp\/v2\/tags?post=68533"}],"curies":[{"name":"wp","href":"https:\/\/api.w.org\/{rel}","templated":true}]}}