{"id":68552,"date":"2024-10-09T16:56:16","date_gmt":"2024-10-09T19:56:16","guid":{"rendered":"https:\/\/tvmasmagazine.com\/?p=68552"},"modified":"2024-10-09T17:28:03","modified_gmt":"2024-10-09T20:28:03","slug":"el-gran-desafio-de-la-tv-por-cable-los-programadores-y-distribuidores-internacionales-en-este-pais","status":"publish","type":"post","link":"https:\/\/tvmasmagazine.com\/es\/2024\/10\/09\/el-gran-desafio-de-la-tv-por-cable-los-programadores-y-distribuidores-internacionales-en-este-pais\/","title":{"rendered":"El gran desaf\u00edo de la TV por cable, los programadores y distribuidores internacionales en este pa\u00eds"},"content":{"rendered":"<p><div id=\"attachment_68554\" style=\"width: 2372px\" class=\"wp-caption aligncenter\"><img loading=\"lazy\" decoding=\"async\" aria-describedby=\"caption-attachment-68554\" class=\"size-full wp-image-68554\" src=\"https:\/\/tvmasmagazine.com\/wp-content\/uploads\/2024\/10\/FOTO-SERGIO-VEIGA-2024-en-alta.jpg\" alt=\"\" width=\"2362\" height=\"2031\" srcset=\"https:\/\/tvmasmagazine.com\/wp-content\/uploads\/2024\/10\/FOTO-SERGIO-VEIGA-2024-en-alta.jpg 2362w, https:\/\/tvmasmagazine.com\/wp-content\/uploads\/2024\/10\/FOTO-SERGIO-VEIGA-2024-en-alta-350x301.jpg 350w, https:\/\/tvmasmagazine.com\/wp-content\/uploads\/2024\/10\/FOTO-SERGIO-VEIGA-2024-en-alta-1024x881.jpg 1024w, https:\/\/tvmasmagazine.com\/wp-content\/uploads\/2024\/10\/FOTO-SERGIO-VEIGA-2024-en-alta-150x129.jpg 150w, https:\/\/tvmasmagazine.com\/wp-content\/uploads\/2024\/10\/FOTO-SERGIO-VEIGA-2024-en-alta-768x660.jpg 768w, https:\/\/tvmasmagazine.com\/wp-content\/uploads\/2024\/10\/FOTO-SERGIO-VEIGA-2024-en-alta-1536x1321.jpg 1536w, https:\/\/tvmasmagazine.com\/wp-content\/uploads\/2024\/10\/FOTO-SERGIO-VEIGA-2024-en-alta-2048x1761.jpg 2048w\" sizes=\"auto, (max-width: 2362px) 100vw, 2362px\" \/><p id=\"caption-attachment-68554\" class=\"wp-caption-text\">Sergio Veiga. Director de ventas de la regi\u00f3n sur de LATAM de Ole Distribution y presidente de la C\u00e1mara de Programadores de Pay TV (CAPSSA)<\/p><\/div><\/p>\n<p><span style=\"color: #000080;\"><strong>En este dialogo con TV<span style=\"color: #ff0000;\">MAS<\/span> contrasta la situaci\u00f3n de Argentina y afirma que \u201cNunca los suscriptores han tenido a disposici\u00f3n una oferta tan variada y diversa de contenidos como en estos tiempos\u201d.<\/strong><\/span><\/p>\n<p>Sergio Veiga, explica que los cableoperadores han transformado la propuesta de valor, enfoc\u00e1ndose en hacer los contenidos m\u00e1s accesibles a trav\u00e9s de diversos dispositivos y plataformas. \u201cVarios programadores han integrado sus plataformas con la oferta de Pay TV de los distribuidores, facilitando el acceso a una variedad m\u00e1s amplia de programaci\u00f3n\u201d.<\/p>\n<p>En cuanto a los desaf\u00edos de los cableoperadores se enfoca en que \u201ces importante actualizar su infraestructura tecnol\u00f3gica y adaptarse a nuevas plataformas digitales para mantenerse relevantes, lo cual conlleva fuertes inversiones\u201d.<\/p>\n<p>Veiga destaca que es crucial que los cableoperadores encuentren modelos de negocio sostenibles y estrategias efectivas para retener y atraer suscriptores en un mercado en constante cambio.<\/p>\n<p>En cuanto a los programadores afirma que \u201cel costo de los contenidos se ha incrementado en los \u00faltimos tiempos de la mano de la expansi\u00f3n de la oferta de plataformas y canales que compiten por las preferencias del p\u00fablico. Esto ha multiplicado las ventanas en las que un contenido puede exhibirse y por lo tanto ha aumentado su valor\u201d.<\/p>\n<p>Esta expansi\u00f3n sumada a los asuntos pol\u00edticos y econ\u00f3micos, sin dudas, tensiona la rentabilidad de la operaci\u00f3n tanto de programadores, distribuidores y cableoperadores. \u201cLas crisis macroecon\u00f3micas en varios pa\u00edses, hace que la industria en los diferentes eslabones de la cadena de valor se encuentre cada vez m\u00e1s desafiada\u201d explica el argentino Sergio Veiga, ejecutivo con s\u00f3lida y extensa trayectoria en la Industria de los medios en Latinoam\u00e9rica, especialista en la TV por cable y la distribuci\u00f3n de programaci\u00f3n en la regi\u00f3n sur de LATAM.<\/p>\n<p><span style=\"color: #ff0000;\"><strong>JORNADAS INTERNACIONALES ATVC 2024<\/strong>.<\/span><\/p>\n<p>Un evento que en la d\u00e9cada de los 90\u2019s tuvo su apogeo cuando el negocio de la TV por cable en Argentina gozaba de una robusta salud y se realizaban en el amplio espacio en Costa Salguero de Buenos Aires, bajo el liderazgo de <strong>Horacio Giubelalde,<\/strong> presidente entonces de la Asociaci\u00f3n Argentina de Televisi\u00f3n por Cable. En su d\u00e9cima edici\u00f3n debido a la concentraci\u00f3n del mercado, el evento empez\u00f3 a perder brillo.<\/p>\n<p>Veiga a este respecto cierra y se refiere as\u00ed \u201cCAPPSA junto a la asociaci\u00f3n de la televisi\u00f3n por cable de Argentina organizamos las JORNADAS Internacionales de Argentina desde hace 34 a\u00f1os, en una sinergia que abarca todo el ecosistema de contenidos y empresas TIC de Am\u00e9rica Latina.\u00a0 A la fecha, contamos con el apoyo de m\u00e1s de 40 empresas expositoras y anunciantes. Lejos de pensar que este evento se ha reducido vertiginosamente, creo que estamos muy fuertes y este a\u00f1o los sorprenderemos, como siempre, en el evento que nos reencuentra a todos\u201d.<\/p>\n<p>Redacci\u00f3n TVMAS<\/p>","protected":false},"excerpt":{"rendered":"<p>En este dialogo con TVMAS contrasta la situaci\u00f3n de Argentina y afirma que \u201cNunca los suscriptores han tenido a disposici\u00f3n <a class=\"more-link\" href=\"https:\/\/tvmasmagazine.com\/es\/2024\/10\/09\/el-gran-desafio-de-la-tv-por-cable-los-programadores-y-distribuidores-internacionales-en-este-pais\/\">&#8230;<\/a><\/p>\n","protected":false},"author":1,"featured_media":68554,"comment_status":"open","ping_status":"closed","sticky":false,"template":"","format":"standard","meta":{"footnotes":""},"categories":[49],"tags":[],"class_list":["post-68552","post","type-post","status-publish","format-standard","has-post-thumbnail","hentry","category-entrevistas"],"_links":{"self":[{"href":"https:\/\/tvmasmagazine.com\/es\/wp-json\/wp\/v2\/posts\/68552","targetHints":{"allow":["GET"]}}],"collection":[{"href":"https:\/\/tvmasmagazine.com\/es\/wp-json\/wp\/v2\/posts"}],"about":[{"href":"https:\/\/tvmasmagazine.com\/es\/wp-json\/wp\/v2\/types\/post"}],"author":[{"embeddable":true,"href":"https:\/\/tvmasmagazine.com\/es\/wp-json\/wp\/v2\/users\/1"}],"replies":[{"embeddable":true,"href":"https:\/\/tvmasmagazine.com\/es\/wp-json\/wp\/v2\/comments?post=68552"}],"version-history":[{"count":2,"href":"https:\/\/tvmasmagazine.com\/es\/wp-json\/wp\/v2\/posts\/68552\/revisions"}],"predecessor-version":[{"id":68555,"href":"https:\/\/tvmasmagazine.com\/es\/wp-json\/wp\/v2\/posts\/68552\/revisions\/68555"}],"wp:featuredmedia":[{"embeddable":true,"href":"https:\/\/tvmasmagazine.com\/es\/wp-json\/wp\/v2\/media\/68554"}],"wp:attachment":[{"href":"https:\/\/tvmasmagazine.com\/es\/wp-json\/wp\/v2\/media?parent=68552"}],"wp:term":[{"taxonomy":"category","embeddable":true,"href":"https:\/\/tvmasmagazine.com\/es\/wp-json\/wp\/v2\/categories?post=68552"},{"taxonomy":"post_tag","embeddable":true,"href":"https:\/\/tvmasmagazine.com\/es\/wp-json\/wp\/v2\/tags?post=68552"}],"curies":[{"name":"wp","href":"https:\/\/api.w.org\/{rel}","templated":true}]}}