{"id":68619,"date":"2024-11-20T22:52:29","date_gmt":"2024-11-21T01:52:29","guid":{"rendered":"https:\/\/tvmasmagazine.com\/?p=68619"},"modified":"2024-11-20T22:52:29","modified_gmt":"2024-11-21T01:52:29","slug":"los-coordinadores-de-intimidad-votan-si-a-la-sindicalizacion-con-sag-aftra","status":"publish","type":"post","link":"https:\/\/tvmasmagazine.com\/es\/2024\/11\/20\/los-coordinadores-de-intimidad-votan-si-a-la-sindicalizacion-con-sag-aftra\/","title":{"rendered":"Los coordinadores de intimidad votan S\u00cd a la sindicalizaci\u00f3n con SAG-AFTRA"},"content":{"rendered":"<p><\/p>\n<p style=\"text-align: left;\"><strong><span style=\"color: #ff0000;\">ENTRETENIMIENTO | CINE | TV | M\u00daSICA<\/span><\/strong><\/p>\n<div id=\"attachment_68620\" style=\"width: 155px\" class=\"wp-caption aligncenter\"><img loading=\"lazy\" decoding=\"async\" aria-describedby=\"caption-attachment-68620\" class=\"wp-image-68620 size-full\" src=\"https:\/\/tvmasmagazine.com\/wp-content\/uploads\/2024\/11\/image001.png\" alt=\"Fran Drescher\" width=\"145\" height=\"220\" srcset=\"https:\/\/tvmasmagazine.com\/wp-content\/uploads\/2024\/11\/image001.png 145w, https:\/\/tvmasmagazine.com\/wp-content\/uploads\/2024\/11\/image001-99x150.png 99w\" sizes=\"auto, (max-width: 145px) 100vw, 145px\" \/><p id=\"caption-attachment-68620\" class=\"wp-caption-text\">Fran Drescher<\/p><\/div>\n<p style=\"text-align: left;\"><span style=\"color: #000080;\"><strong>Los coordinadores de intimidad, quienes trabajan como defensores, enlaces entre actores y producci\u00f3n, y entrenadores de movimiento y\/o core\u00f3grafos en escenas que involucran desnudez y sexo simulado, votaron para unirse a SAG-AFTRA en una votaci\u00f3n de la Junta Nacional de Relaciones Laborales que se contabiliz\u00f3 hoy temprano. La votaci\u00f3n final fue 100% a favor de la sindicalizaci\u00f3n con SAG-AFTRA.<\/strong><\/span><\/p>\n<p style=\"text-align: left;\" align=\"center\">La presidenta de SAG-AFTRA, Fran Drescher, dijo: \u201cEn estos tiempos aleccionadores con amenazas inminentes a las protecciones ambientales y la igualdad de las mujeres, es reconfortante ver el reconocimiento de la industria del entretenimiento a los coordinadores de intimidad y su importante contribuci\u00f3n a las producciones y a los artistas en escenas \u00edntimas. En SAG-AFTRA estamos orgullosos de incluir a este estimado grupo de profesionales capacitados como el m\u00e1s nuevo en unirse a nuestro organismo miembro. \u201cQue esto siga abriendo el camino de una mayor consideraci\u00f3n por los sentimientos de seguridad de las personas y del planeta\u201d.<u><\/u><u><\/u><\/p>\n<p style=\"text-align: left;\" align=\"center\">El director ejecutivo nacional y negociador jefe de SAG-AFTRA, Duncan Crabtree-Ireland, dijo: \u201cDesde 2019, SAG-AFTRA ha estado trabajando con los coordinadores de intimidad en una serie de iniciativas clave para hacer crecer y estandarizar de manera segura la profesi\u00f3n. Ahora, cinco a\u00f1os despu\u00e9s, \u00a1han dado el importante paso de empoderarse con la representaci\u00f3n sindical! Todos nosotros en SAG-AFTRA esperamos trabajar junto con ellos para negociar un primer contrato con la AMPTP\u201d.<u><\/u><u><\/u><\/p>\n<p style=\"text-align: left;\" align=\"center\">El comit\u00e9 organizador de SAG-AFTRA dijo: \u201cNo podr\u00edamos estar m\u00e1s felices con los resultados de nuestra elecci\u00f3n sindical realizada por la NLRB. Finalmente, los coordinadores de intimidad est\u00e1n en camino de disfrutar de los mismos beneficios y protecciones sindicales que sostienen y nutren a otros trabajadores de la industria del entretenimiento. Estamos emocionados de sentarnos a la mesa y pedirle a la AMPTP que fije una fecha para comenzar las negociaciones\u201d.<\/p>\n<p style=\"text-align: left;\" align=\"center\">Redacci\u00f3n TVMAS<\/p>\n<p><\/p>","protected":false},"excerpt":{"rendered":"<p>ENTRETENIMIENTO | CINE | TV | M\u00daSICA Los coordinadores de intimidad, quienes trabajan como defensores, enlaces entre actores y producci\u00f3n, <a class=\"more-link\" href=\"https:\/\/tvmasmagazine.com\/es\/2024\/11\/20\/los-coordinadores-de-intimidad-votan-si-a-la-sindicalizacion-con-sag-aftra\/\">&#8230;<\/a><\/p>\n","protected":false},"author":1,"featured_media":68620,"comment_status":"open","ping_status":"closed","sticky":false,"template":"","format":"standard","meta":{"footnotes":""},"categories":[15,253,40,11,80,73,17,79,47],"tags":[],"class_list":["post-68619","post","type-post","status-publish","format-standard","has-post-thumbnail","hentry","category-cine","category-entretenimiento","category-estrenos-old","category-negocios","category-ott","category-telenovelas-series","category-television","category-tv-abierta","category-tv-de-pagp"],"_links":{"self":[{"href":"https:\/\/tvmasmagazine.com\/es\/wp-json\/wp\/v2\/posts\/68619","targetHints":{"allow":["GET"]}}],"collection":[{"href":"https:\/\/tvmasmagazine.com\/es\/wp-json\/wp\/v2\/posts"}],"about":[{"href":"https:\/\/tvmasmagazine.com\/es\/wp-json\/wp\/v2\/types\/post"}],"author":[{"embeddable":true,"href":"https:\/\/tvmasmagazine.com\/es\/wp-json\/wp\/v2\/users\/1"}],"replies":[{"embeddable":true,"href":"https:\/\/tvmasmagazine.com\/es\/wp-json\/wp\/v2\/comments?post=68619"}],"version-history":[{"count":1,"href":"https:\/\/tvmasmagazine.com\/es\/wp-json\/wp\/v2\/posts\/68619\/revisions"}],"predecessor-version":[{"id":68621,"href":"https:\/\/tvmasmagazine.com\/es\/wp-json\/wp\/v2\/posts\/68619\/revisions\/68621"}],"wp:featuredmedia":[{"embeddable":true,"href":"https:\/\/tvmasmagazine.com\/es\/wp-json\/wp\/v2\/media\/68620"}],"wp:attachment":[{"href":"https:\/\/tvmasmagazine.com\/es\/wp-json\/wp\/v2\/media?parent=68619"}],"wp:term":[{"taxonomy":"category","embeddable":true,"href":"https:\/\/tvmasmagazine.com\/es\/wp-json\/wp\/v2\/categories?post=68619"},{"taxonomy":"post_tag","embeddable":true,"href":"https:\/\/tvmasmagazine.com\/es\/wp-json\/wp\/v2\/tags?post=68619"}],"curies":[{"name":"wp","href":"https:\/\/api.w.org\/{rel}","templated":true}]}}