{"id":68968,"date":"2025-03-18T02:00:08","date_gmt":"2025-03-18T05:00:08","guid":{"rendered":"https:\/\/tvmasmagazine.com\/?p=68968"},"modified":"2025-03-18T02:00:08","modified_gmt":"2025-03-18T05:00:08","slug":"neurodiversidad-iniciativa-con-the-kitchen","status":"publish","type":"post","link":"https:\/\/tvmasmagazine.com\/es\/2025\/03\/18\/neurodiversidad-iniciativa-con-the-kitchen\/","title":{"rendered":"Neurodiversidad iniciativa con The Kitchen"},"content":{"rendered":"<p><strong><span style=\"color: #ff0000;\">DOBLAJE | NEGOCIOS | ENTRETENIMIENTO<\/span><\/strong><\/p>\n<div id=\"attachment_68969\" style=\"width: 790px\" class=\"wp-caption aligncenter\"><img loading=\"lazy\" decoding=\"async\" aria-describedby=\"caption-attachment-68969\" class=\"size-full wp-image-68969\" src=\"https:\/\/tvmasmagazine.com\/wp-content\/uploads\/2025\/03\/image003-1.jpg\" alt=\"\" width=\"780\" height=\"780\" srcset=\"https:\/\/tvmasmagazine.com\/wp-content\/uploads\/2025\/03\/image003-1.jpg 780w, https:\/\/tvmasmagazine.com\/wp-content\/uploads\/2025\/03\/image003-1-350x350.jpg 350w, https:\/\/tvmasmagazine.com\/wp-content\/uploads\/2025\/03\/image003-1-150x150.jpg 150w, https:\/\/tvmasmagazine.com\/wp-content\/uploads\/2025\/03\/image003-1-768x768.jpg 768w\" sizes=\"auto, (max-width: 780px) 100vw, 780px\" \/><p id=\"caption-attachment-68969\" class=\"wp-caption-text\">Julie Beneteau<\/p><\/div>\n<p><strong><span style=\"color: #000080;\">La Directora de Ventas Internacionales de The Kitchen,\u00a0<a style=\"color: #000080;\" name=\"m_-2694630813373059918__Hlk193120503\"><\/a>Julie Beneteau,\u00a0trae la iniciativa de destacar los desaf\u00edos de la\u00a0<i>neurodiversidad\u00a0<\/i>en la industria y en nuestro futuro.<u><\/u><u><\/u><\/span><\/strong><\/p>\n<p><strong><span style=\"color: #000080;\">\u201cAnimamos a los creadores de contenido a escribir historias que cuenten la historia, con nuevos personajes, que eduquen a todos, \u00a1con personajes con los que todos podamos identificarnos!<\/span><\/strong><\/p>\n<p style=\"font-weight: 400;\">La reciente cumbre de la CDSA, en Londres, reuni\u00f3 a profesionales y l\u00edderes de la industria para una jornada de aprendizaje sobre \u201cneurodiversidad\u201d. Desde actores hasta escritores y profesionales de la producci\u00f3n, cada uno comparti\u00f3 su historia personal sobre c\u00f3mo afrontar un desaf\u00edo, ya sea uno que enfrentan a diario, el de sus hijos familiares y amigos.<\/p>\n<p style=\"font-weight: 400;\">\u00abLa neurodiversidad no es un superpoder\u00bb, explic\u00f3\u00a0<strong>Julie Beneteau<\/strong>. Es una discapacidad \u00abciega\u00bb. Todos sabemos que en el lugar de trabajo o en una sala de conciertos, una persona en silla de ruedas tendr\u00eda cabida. Pero \u00bfqu\u00e9 ocurre con alguien que sufre ataques de p\u00e1nico, problemas sensoriales o ansiedad alta?<\/p>\n<p style=\"text-align: center; margin-bottom: -11px; font-size: 11px;\">Publicidad<\/p>\n<p><a href=\"http:\/\/centauro.com\"><img loading=\"lazy\" decoding=\"async\" class=\"aligncenter wp-image-66800 size-medium\" src=\"https:\/\/tvmasmagazine.com\/wp-content\/uploads\/2023\/05\/unnamed-3-350x90.gif\" alt=\"\" width=\"350\" height=\"90\" srcset=\"https:\/\/tvmasmagazine.com\/wp-content\/uploads\/2023\/05\/unnamed-3-350x90.gif 350w, https:\/\/tvmasmagazine.com\/wp-content\/uploads\/2023\/05\/unnamed-3-150x38.gif 150w\" sizes=\"auto, (max-width: 350px) 100vw, 350px\" \/><\/a><\/p>\n<p style=\"font-weight: 400;\"><span style=\"color: #ff0000;\"><strong>Julie, que convive con un familiar neurodivergente<\/strong><\/span>, y el panel, que inclu\u00eda a muchos colegas del sector, creen que el cerebro neurodivergente piensa de forma innovadora y, por lo tanto, muchas personas creativas, seg\u00fan ellos, son neurodivergentes sin un diagn\u00f3stico preciso.<\/p>\n<p style=\"font-weight: 400;\">\u201cHablando con clientes y socios de diferentes pa\u00edses, se sabe que las personas neurodivergentes tienen dificultades tanto en la escuela como en el trabajo. \u00bfC\u00f3mo podemos, en la industria de los medios y el entretenimiento, ayudarles a hacerse o\u00edr? \u00bfC\u00f3mo podemos animar a nuestros colegas a producir contenido que represente la neurodiversidad, interpretado y doblado por actores neurodivergentes reales?\u201d<\/p>\n<p style=\"font-weight: 400;\">Animamos a los creadores de contenido a escribir historias que cuenten la historia, que presenten nuevos tipos de personajes, que nos eduquen a todos, \u00a1con personajes con los que todos podamos identificarnos!<\/p>\n<p style=\"font-weight: 400;\"><span style=\"color: #ff0000;\"><strong>\u201cThe Kitchen cuenta con colegas, familiares y amigos que se han visto afectados por las diferencias neurodivergentes que nos afectan a tantos\u201d, concluy\u00f3 Julie.<\/strong><\/span>\u00a0\u201cTrabajamos con numerosos grupos para brindar respuestas y ampliar el conocimiento general. Los servicios de audiodescripci\u00f3n y subt\u00edtulos que ofrecemos, en todos los idiomas, son buenos ejemplos de lo que creemos necesario para expandir la audiencia global. Esperamos colaborar con los proveedores de contenido a medida que se expanden las individualidades de sus personajes\u201d.<\/p>\n<p style=\"text-align: center; margin-bottom: -11px; font-size: 11px;\">Publicidad<\/p>\n<p><a href=\"https:\/\/intermedya.tv\/\"><img loading=\"lazy\" decoding=\"async\" class=\"aligncenter wp-image-68547 size-full\" src=\"https:\/\/tvmasmagazine.com\/wp-content\/uploads\/2024\/10\/Tvmas_345x100_Loveberry_ValleyOFHearts.gif\" alt=\"\" width=\"345\" height=\"100\" \/><\/a><\/p>\n<p>Redacci\u00f3n TVMAS<\/p>","protected":false},"excerpt":{"rendered":"<p>DOBLAJE | NEGOCIOS | ENTRETENIMIENTO La Directora de Ventas Internacionales de The Kitchen,\u00a0Julie Beneteau,\u00a0trae la iniciativa de destacar los desaf\u00edos <a class=\"more-link\" href=\"https:\/\/tvmasmagazine.com\/es\/2025\/03\/18\/neurodiversidad-iniciativa-con-the-kitchen\/\">&#8230;<\/a><\/p>\n","protected":false},"author":1,"featured_media":68969,"comment_status":"open","ping_status":"closed","sticky":false,"template":"","format":"standard","meta":{"footnotes":""},"categories":[15,40,244,11,80,73,17,79,47],"tags":[],"class_list":["post-68968","post","type-post","status-publish","format-standard","has-post-thumbnail","hentry","category-cine","category-estrenos-old","category-eventos","category-negocios","category-ott","category-telenovelas-series","category-television","category-tv-abierta","category-tv-de-pagp"],"_links":{"self":[{"href":"https:\/\/tvmasmagazine.com\/es\/wp-json\/wp\/v2\/posts\/68968","targetHints":{"allow":["GET"]}}],"collection":[{"href":"https:\/\/tvmasmagazine.com\/es\/wp-json\/wp\/v2\/posts"}],"about":[{"href":"https:\/\/tvmasmagazine.com\/es\/wp-json\/wp\/v2\/types\/post"}],"author":[{"embeddable":true,"href":"https:\/\/tvmasmagazine.com\/es\/wp-json\/wp\/v2\/users\/1"}],"replies":[{"embeddable":true,"href":"https:\/\/tvmasmagazine.com\/es\/wp-json\/wp\/v2\/comments?post=68968"}],"version-history":[{"count":1,"href":"https:\/\/tvmasmagazine.com\/es\/wp-json\/wp\/v2\/posts\/68968\/revisions"}],"predecessor-version":[{"id":68970,"href":"https:\/\/tvmasmagazine.com\/es\/wp-json\/wp\/v2\/posts\/68968\/revisions\/68970"}],"wp:featuredmedia":[{"embeddable":true,"href":"https:\/\/tvmasmagazine.com\/es\/wp-json\/wp\/v2\/media\/68969"}],"wp:attachment":[{"href":"https:\/\/tvmasmagazine.com\/es\/wp-json\/wp\/v2\/media?parent=68968"}],"wp:term":[{"taxonomy":"category","embeddable":true,"href":"https:\/\/tvmasmagazine.com\/es\/wp-json\/wp\/v2\/categories?post=68968"},{"taxonomy":"post_tag","embeddable":true,"href":"https:\/\/tvmasmagazine.com\/es\/wp-json\/wp\/v2\/tags?post=68968"}],"curies":[{"name":"wp","href":"https:\/\/api.w.org\/{rel}","templated":true}]}}