{"id":68974,"date":"2025-03-18T22:23:40","date_gmt":"2025-03-19T01:23:40","guid":{"rendered":"https:\/\/tvmasmagazine.com\/?p=68974"},"modified":"2025-03-18T22:23:40","modified_gmt":"2025-03-19T01:23:40","slug":"james-rodriguez-estrella-de-futbol-hoy-en-entrevista-en-antena-3-internacional","status":"publish","type":"post","link":"https:\/\/tvmasmagazine.com\/es\/2025\/03\/18\/james-rodriguez-estrella-de-futbol-hoy-en-entrevista-en-antena-3-internacional\/","title":{"rendered":"James Rodr\u00edguez, estrella de f\u00fatbol hoy en entrevista en Antena 3 Internacional"},"content":{"rendered":"<p><strong><span style=\"color: #ff0000;\">ENTREVISTA | F\u00daTBOL | STREAMING<\/span><\/strong><\/p>\n<p><img loading=\"lazy\" decoding=\"async\" class=\"aligncenter size-full wp-image-68978\" src=\"https:\/\/tvmasmagazine.com\/wp-content\/uploads\/2025\/03\/James_3-768x425-1.jpg\" alt=\"\" width=\"768\" height=\"425\" srcset=\"https:\/\/tvmasmagazine.com\/wp-content\/uploads\/2025\/03\/James_3-768x425-1.jpg 768w, https:\/\/tvmasmagazine.com\/wp-content\/uploads\/2025\/03\/James_3-768x425-1-350x194.jpg 350w, https:\/\/tvmasmagazine.com\/wp-content\/uploads\/2025\/03\/James_3-768x425-1-150x83.jpg 150w\" sizes=\"auto, (max-width: 768px) 100vw, 768px\" \/><\/p>\n<p><span style=\"color: #000080;\"><strong>Hoy martes 18 de marzo, el exmadridista recuerda en el programa \u2018Los amigos de Edu\u2019 c\u00f3mo fueron sus comienzos, c\u00f3mo se produjo su fichaje por el Real Madrid y su dif\u00edcil relaci\u00f3n con la prensa.<\/strong><\/span><\/p>\n<p><span style=\"color: #000080;\"><strong>El actual jugador del Club Le\u00f3n, equipo de la Liga mexicana, esperar\u00e1 al Mundial 2026 para decidir sobre su futuro en el f\u00fatbol. La entrevista exclusiva est\u00e1 tambi\u00e9n disponible en la plataforma atresplayer en la que habla de selecciones, f\u00fatbol y m\u00e1s.<\/strong><\/span><\/p>\n<p>Antena 3 Internacional emite en exclusiva una nueva entrevista de \u2018Los amigos de Edu\u2019, tras el paso por el programa de los tambi\u00e9n exmadridistas Cristiano Ronaldo y Karim Benzema, ahora le toca el turno a la estrella colombiana James Rodr\u00edguez.<\/p>\n<p>El actual jugador del Club Le\u00f3n de la Primera Divisi\u00f3n mexicana recibe al periodista <strong>Edu Aguirre<\/strong> para explicar c\u00f3mo ha sido su vida personal y profesional, desde que comenz\u00f3 a jugar.<\/p>\n<p style=\"text-align: center; margin-bottom: -11px; font-size: 11px;\">Publicidad<\/p>\n<p><a href=\"https:\/\/intermedya.tv\/\"><img loading=\"lazy\" decoding=\"async\" class=\"aligncenter wp-image-68547 size-full\" src=\"https:\/\/tvmasmagazine.com\/wp-content\/uploads\/2024\/10\/Tvmas_345x100_Loveberry_ValleyOFHearts.gif\" alt=\"\" width=\"345\" height=\"100\" \/><\/a><\/p>\n<p>James recuerda que \u201ccon 16 a\u00f1os me reventaban jugando en Argentina\u201d. Tras su salto a Europa, explica que \u201cel City y el PSG ofrec\u00edan mucho dinero por m\u00ed\u201d, pero, finalmente, su fichaje se fragu\u00f3 con el equipo merengue: \u201cFlorentino (P\u00e9rez) me dijo: \u00bfQu\u00e9 quieres gloria o plata? Por eso fich\u00e9 por el Madrid\u201d, recuerda.<\/p>\n<p>Respecto a la m\u00e1xima competici\u00f3n latinoamericana de selecciones, en la que su combinado, &#8216;la Tricolor&#8217;, perdi\u00f3 frente a la albiceleste de Messi, plantea una gran duda: \u201cArgentina gan\u00f3 la final de la Copa Am\u00e9rica por cosas externas. \u00bfPor qu\u00e9 no salieron los audios de VAR?\u201d.<\/p>\n<p>De su paso por Espa\u00f1a, reconoce que se sinti\u00f3 \u201cmaltratado por parte de la prensa\u201d y, respecto al futuro, lo tiene claro: \u201cQuiero llegar al Mundial 2026 y luego decidir si sigo o me retiro\u201d.<\/p>\n<p style=\"text-align: center; margin-bottom: -11px; font-size: 11px;\">Publicidad<\/p>\n<p><a href=\"https:\/\/www.condista.com\"><img loading=\"lazy\" decoding=\"async\" class=\"aligncenter size-full wp-image-68916\" src=\"https:\/\/tvmasmagazine.com\/wp-content\/uploads\/2025\/02\/banner-condista.jpg\" alt=\"\" width=\"345\" height=\"100\" srcset=\"https:\/\/tvmasmagazine.com\/wp-content\/uploads\/2025\/02\/banner-condista.jpg 345w, https:\/\/tvmasmagazine.com\/wp-content\/uploads\/2025\/02\/banner-condista-150x43.jpg 150w\" sizes=\"auto, (max-width: 345px) 100vw, 345px\" \/><\/a><\/p>\n<p><span style=\"color: #ff0000;\"><strong>El presentador y sus amigos<\/strong><\/span><\/p>\n<p>La serie documental \u2018Los amigos de Edu\u2019 se estren\u00f3 con el fin de mostrar, de la mano de Edu Aguirre, historias duras y reales de atletas como <strong>Gerard Descarrega, Cisco Garc\u00eda, Desir\u00e9e Vila<\/strong> y <strong>Javier Mart\u00ed<\/strong>. En febrero, se uni\u00f3 la emisi\u00f3n de la entrevista en exclusiva con <strong>Cristiano Ronaldo<\/strong> y, recientemente, con <strong>Karim Benzema<\/strong>. Todas ellas est\u00e1n tambi\u00e9n disponibles en la plataforma de streaming atresplayer.<\/p>\n<p>HORARIOS DE EMISI\u00d3N<\/p>\n<p><strong>ESTRENO-<\/strong> Martes, 18 de marzo<\/p>\n<p>LATAM: 9:30PM M\u00e9x \/ 10:30PM Col \/ 11:30PM Ven \/ 12:30AM Arg<\/p>\n<p>US: 10:30PM ET \/ 7:30PM PT<\/p>\n<p><strong>REPETICI\u00d3N <\/strong>\u2013 S\u00e1bado, 22 de marzo<\/p>\n<p>LATAM: 2:40PM M\u00e9x \/ 3:40PM Col \/ 4:40PM Ven \/ 5:40AM Arg<\/p>\n<p>US: 3:40PM ET \/ 12:40PM PT<\/p>\n<p style=\"text-align: center; margin-bottom: -11px; font-size: 11px;\">Publicidad<\/p>\n<p><a href=\"http:\/\/centauro.com\"><img loading=\"lazy\" decoding=\"async\" class=\"aligncenter wp-image-66800 size-medium\" src=\"https:\/\/tvmasmagazine.com\/wp-content\/uploads\/2023\/05\/unnamed-3-350x90.gif\" alt=\"\" width=\"350\" height=\"90\" srcset=\"https:\/\/tvmasmagazine.com\/wp-content\/uploads\/2023\/05\/unnamed-3-350x90.gif 350w, https:\/\/tvmasmagazine.com\/wp-content\/uploads\/2023\/05\/unnamed-3-150x38.gif 150w\" sizes=\"auto, (max-width: 350px) 100vw, 350px\" \/><\/a><\/p>\n<p>Redacci\u00f3n TVMAS<\/p>","protected":false},"excerpt":{"rendered":"<p>ENTREVISTA | F\u00daTBOL | STREAMING Hoy martes 18 de marzo, el exmadridista recuerda en el programa \u2018Los amigos de Edu\u2019 <a class=\"more-link\" href=\"https:\/\/tvmasmagazine.com\/es\/2025\/03\/18\/james-rodriguez-estrella-de-futbol-hoy-en-entrevista-en-antena-3-internacional\/\">&#8230;<\/a><\/p>\n","protected":false},"author":1,"featured_media":68978,"comment_status":"open","ping_status":"closed","sticky":false,"template":"","format":"standard","meta":{"footnotes":""},"categories":[80,79,47],"tags":[],"class_list":["post-68974","post","type-post","status-publish","format-standard","has-post-thumbnail","hentry","category-ott","category-tv-abierta","category-tv-de-pagp"],"_links":{"self":[{"href":"https:\/\/tvmasmagazine.com\/es\/wp-json\/wp\/v2\/posts\/68974","targetHints":{"allow":["GET"]}}],"collection":[{"href":"https:\/\/tvmasmagazine.com\/es\/wp-json\/wp\/v2\/posts"}],"about":[{"href":"https:\/\/tvmasmagazine.com\/es\/wp-json\/wp\/v2\/types\/post"}],"author":[{"embeddable":true,"href":"https:\/\/tvmasmagazine.com\/es\/wp-json\/wp\/v2\/users\/1"}],"replies":[{"embeddable":true,"href":"https:\/\/tvmasmagazine.com\/es\/wp-json\/wp\/v2\/comments?post=68974"}],"version-history":[{"count":4,"href":"https:\/\/tvmasmagazine.com\/es\/wp-json\/wp\/v2\/posts\/68974\/revisions"}],"predecessor-version":[{"id":68979,"href":"https:\/\/tvmasmagazine.com\/es\/wp-json\/wp\/v2\/posts\/68974\/revisions\/68979"}],"wp:featuredmedia":[{"embeddable":true,"href":"https:\/\/tvmasmagazine.com\/es\/wp-json\/wp\/v2\/media\/68978"}],"wp:attachment":[{"href":"https:\/\/tvmasmagazine.com\/es\/wp-json\/wp\/v2\/media?parent=68974"}],"wp:term":[{"taxonomy":"category","embeddable":true,"href":"https:\/\/tvmasmagazine.com\/es\/wp-json\/wp\/v2\/categories?post=68974"},{"taxonomy":"post_tag","embeddable":true,"href":"https:\/\/tvmasmagazine.com\/es\/wp-json\/wp\/v2\/tags?post=68974"}],"curies":[{"name":"wp","href":"https:\/\/api.w.org\/{rel}","templated":true}]}}