{"id":68996,"date":"2025-03-20T07:06:04","date_gmt":"2025-03-20T10:06:04","guid":{"rendered":"https:\/\/tvmasmagazine.com\/?p=68996"},"modified":"2025-03-20T10:06:46","modified_gmt":"2025-03-20T13:06:46","slug":"inician-rodaje-de-la-casaca-de-dios-con-natalia-oreiro-y-jorge-marrale","status":"publish","type":"post","link":"https:\/\/tvmasmagazine.com\/es\/2025\/03\/20\/inician-rodaje-de-la-casaca-de-dios-con-natalia-oreiro-y-jorge-marrale\/","title":{"rendered":"INICIAN RODAJE DE \u201cLA CASACA DE DIOS\u201d CON NATALIA OREIRO Y JORGE MARRALE"},"content":{"rendered":"<p><strong><span style=\"color: #ff0000;\">CINE | STREAMING | PRODUCCI\u00d3N ORIGINAL<\/span><\/strong><\/p>\n<div id=\"attachment_68999\" style=\"width: 910px\" class=\"wp-caption aligncenter\"><img loading=\"lazy\" decoding=\"async\" aria-describedby=\"caption-attachment-68999\" class=\"size-full wp-image-68999\" src=\"https:\/\/tvmasmagazine.com\/wp-content\/uploads\/2025\/03\/Natalia-Oreiro-Jorge-Marral.jpg\" alt=\"\" width=\"900\" height=\"600\" srcset=\"https:\/\/tvmasmagazine.com\/wp-content\/uploads\/2025\/03\/Natalia-Oreiro-Jorge-Marral.jpg 900w, https:\/\/tvmasmagazine.com\/wp-content\/uploads\/2025\/03\/Natalia-Oreiro-Jorge-Marral-350x233.jpg 350w, https:\/\/tvmasmagazine.com\/wp-content\/uploads\/2025\/03\/Natalia-Oreiro-Jorge-Marral-150x100.jpg 150w, https:\/\/tvmasmagazine.com\/wp-content\/uploads\/2025\/03\/Natalia-Oreiro-Jorge-Marral-768x512.jpg 768w\" sizes=\"auto, (max-width: 900px) 100vw, 900px\" \/><p id=\"caption-attachment-68999\" class=\"wp-caption-text\">Natalia Oreiro &amp; Jorge Marral<\/p><\/div>\n<p><span style=\"color: #000080;\"><strong>Idea original de Ramiro Navarro, visi\u00f3n cinematogr\u00e1fica de \u00c1ngel Zamrabrano, guion de Marcos Carnevale y bajo la direcci\u00f3n de Fern\u00e1n Mir\u00e1s, la pel\u00edcula tiene distribuci\u00f3n asegurada en plataformas en Latinoam\u00e9rica y tambi\u00e9n se estrenar\u00e1 en salas de cine de Argentina y Uruguay.<\/strong><\/span><\/p>\n<p><span style=\"color: #000080;\"><strong>Inspirada en un hecho ins\u00f3lito pero real que revive la incre\u00edble y m\u00edtica historia de la camiseta azul de Maradona en el Mundial del 86.<\/strong><\/span><\/p>\n<p>Con gran expectativa ha empezado el rodaje de \u2018La Casaca de Dios\u201d, inspirada en un hecho ins\u00f3lito pero real que revive la incre\u00edble y m\u00edtica historia de la camiseta azul de Maradona en el Mundial del 86 con la que hizo el gol del siglo y la mano de Dios a los ingleses y que luego fue subastada como el art\u00edculo m\u00e1s caro de la historia del deporte. Inspirada en una idea original de <strong>Ramiro Navarro<\/strong> con la visi\u00f3n cinematogr\u00e1fica de <strong>\u00c1ngel Zamrabrano<\/strong>, el guion original es de Marcos Carnevale y la adaptaci\u00f3n cinematogr\u00e1fica del director Fern\u00e1n Mir\u00e1s.<\/p>\n<p style=\"text-align: center; margin-bottom: -11px; font-size: 11px;\">Publicidad<\/p>\n<p><a href=\"https:\/\/intermedya.tv\/\"><img loading=\"lazy\" decoding=\"async\" class=\"aligncenter wp-image-68547 size-full\" src=\"https:\/\/tvmasmagazine.com\/wp-content\/uploads\/2024\/10\/Tvmas_345x100_Loveberry_ValleyOFHearts.gif\" alt=\"\" width=\"345\" height=\"100\" \/><\/a><\/p>\n<p>En el verano de 1986, Diego Maradona marc\u00f3 los dos goles m\u00e1s legendarios de la historia del f\u00fatbol con una camiseta azul improvisada a \u00faltima hora. Esa camiseta no s\u00f3lo represent\u00f3 la genialidad de Diego, sino que se convirti\u00f3 en un s\u00edmbolo de resiliencia para un pa\u00eds golpeado por la guerra de Malvinas. Pero lo que nadie sab\u00eda es que esa camiseta guardaba un secreto a\u00fan m\u00e1s profundo.<\/p>\n<p><span style=\"color: #ff0000;\"><strong>LA HISTORIA<\/strong><\/span><\/p>\n<p>A\u00f1os despu\u00e9s, con el Mundial de Qatar 2022 en el horizonte, Tit\u00ed Malvestiti (Jorge Marrale), y su hija Erika (Natalia Oreiro) se enteran de que la m\u00edtica camiseta est\u00e1 a punto de ser subastada por un coleccionista millonario. Para \u00e9l, esta camiseta representa mucho m\u00e1s que un objeto hist\u00f3rico: es parte esencial de su vida. Junto a su hija emprende una misi\u00f3n llena de humor, emoci\u00f3n y valent\u00eda, un viaje donde lo absurdo se mezcla con la profunda identidad argentina.<\/p>\n<p><span style=\"color: #ff0000;\"><strong>El equipo conformado por reconocidos profesionales de la industria<\/strong><\/span><\/p>\n<p>La pel\u00edcula es producida por <strong>Ramiro Navarro<\/strong>, co productor detr\u00e1s del \u00e9xito mundial <em>My Penguin Friend <\/em>(protagonizada por Jean Reno), productor ejecutivo de <em>&amp;Sons<\/em> (con Bill Nighy) y ganador en Cannes con la pel\u00edcula <em>Sim\u00f3n de la monta\u00f1a<\/em>; <strong>\u00c1ngel Zambrano<\/strong>, reconocido por su trabajo en la serie de Amazon Chile <em>Vencer o Morir<\/em> y ex Vicepresidente Senior de Turner Latin America, responsable del desarrollo y adquisici\u00f3n de contenidos que posicionaron al grupo como l\u00edder regional, estableciendo alianzas estrat\u00e9gicas con <strong>Disney, Universal<\/strong> y <strong>Televisa.<\/strong> Tambi\u00e9n cuenta con la experiencia del productor mejicano\/cordob\u00e9s <strong>Antonio Pita<\/strong> -socio de PRISMA CINE reciente ganadora de dos premios Goya por <em>La Estrella Azul<\/em>&#8211; y de <strong>Jorge P\u00e9rez Gaudio<\/strong> actual asociado a la reconocida productora cordob\u00e9s y la producci\u00f3n ejecutiva de <strong>Axel Kutchevasky<\/strong> (Infinity Hill) y producci\u00f3n asociada de <strong>Mariana Volpi.<\/strong><\/p>\n<p style=\"text-align: center; margin-bottom: -11px; font-size: 11px;\">Publicidad<\/p>\n<p><a href=\"https:\/\/www.leg.tv\/\"><img loading=\"lazy\" decoding=\"async\" class=\"aligncenter wp-image-67972 size-full\" src=\"https:\/\/tvmasmagazine.com\/wp-content\/uploads\/2024\/03\/Banner-345x100-1.gif\" alt=\"\" width=\"345\" height=\"100\" \/><\/a><\/p>\n<div id=\"attachment_69001\" style=\"width: 2510px\" class=\"wp-caption aligncenter\"><img loading=\"lazy\" decoding=\"async\" aria-describedby=\"caption-attachment-69001\" class=\"size-full wp-image-69001\" src=\"https:\/\/tvmasmagazine.com\/wp-content\/uploads\/2025\/03\/RAMIRO-NAVARRO-2OK.jpeg\" alt=\"\" width=\"2500\" height=\"1669\" srcset=\"https:\/\/tvmasmagazine.com\/wp-content\/uploads\/2025\/03\/RAMIRO-NAVARRO-2OK.jpeg 2500w, https:\/\/tvmasmagazine.com\/wp-content\/uploads\/2025\/03\/RAMIRO-NAVARRO-2OK-350x234.jpeg 350w, https:\/\/tvmasmagazine.com\/wp-content\/uploads\/2025\/03\/RAMIRO-NAVARRO-2OK-1024x684.jpeg 1024w, https:\/\/tvmasmagazine.com\/wp-content\/uploads\/2025\/03\/RAMIRO-NAVARRO-2OK-150x100.jpeg 150w, https:\/\/tvmasmagazine.com\/wp-content\/uploads\/2025\/03\/RAMIRO-NAVARRO-2OK-768x513.jpeg 768w, https:\/\/tvmasmagazine.com\/wp-content\/uploads\/2025\/03\/RAMIRO-NAVARRO-2OK-1536x1025.jpeg 1536w, https:\/\/tvmasmagazine.com\/wp-content\/uploads\/2025\/03\/RAMIRO-NAVARRO-2OK-2048x1367.jpeg 2048w\" sizes=\"auto, (max-width: 2500px) 100vw, 2500px\" \/><p id=\"caption-attachment-69001\" class=\"wp-caption-text\">Ramiro Navarro<\/p><\/div>\n<p><span style=\"color: #ff0000;\">Ramiro Navarro<\/span>, productor de la pel\u00edcula, dice \u201cEsta es una pel\u00edcula diferente, un producto para audiencias globales. No es s\u00f3lo una historia de f\u00fatbol, sino sobre la pasi\u00f3n, la amistad y la locura maravillosa de ser argentino \u201d.<\/p>\n<div id=\"attachment_69002\" style=\"width: 650px\" class=\"wp-caption aligncenter\"><img loading=\"lazy\" decoding=\"async\" aria-describedby=\"caption-attachment-69002\" class=\"size-full wp-image-69002\" src=\"https:\/\/tvmasmagazine.com\/wp-content\/uploads\/2025\/03\/ANGEL-ZAMBRANO-OK.jpg\" alt=\"\" width=\"640\" height=\"480\" srcset=\"https:\/\/tvmasmagazine.com\/wp-content\/uploads\/2025\/03\/ANGEL-ZAMBRANO-OK.jpg 640w, https:\/\/tvmasmagazine.com\/wp-content\/uploads\/2025\/03\/ANGEL-ZAMBRANO-OK-350x263.jpg 350w, https:\/\/tvmasmagazine.com\/wp-content\/uploads\/2025\/03\/ANGEL-ZAMBRANO-OK-150x113.jpg 150w\" sizes=\"auto, (max-width: 640px) 100vw, 640px\" \/><p id=\"caption-attachment-69002\" class=\"wp-caption-text\">\u00c1ngel Zambrano<\/p><\/div>\n<p><span style=\"color: #ff0000;\">\u00c1ngel Zambrano<\/span> a\u00f1adi\u00f3: \u201cPensamos que esta es una historia universal, llena de humor, emoci\u00f3n y aventura, que va a tener resonancia en el 2026. Creemos que las audiencias a nivel mundial van a disfrutar de la bell\u00edsima historia, especialmente en un a\u00f1o mundialista\u00bb.<\/p>\n<p><span style=\"color: #ff0000;\">Antonio Pita<\/span> afirm\u00f3: \u201cParticipar en este proyecto es un privilegio. Contamos una historia que conmueve profundamente porque conecta lo deportivo con lo m\u00e1s humano: el amor y el recuerdo\u00bb.<\/p>\n<p><span style=\"color: #ff0000;\">Jorge P\u00e9rez Gaudio<\/span> se\u00f1al\u00f3: \u201cEs una historia llena de nostalgia y alegr\u00eda. Estamos orgullosos de contarla de una forma que jam\u00e1s ha sido vista antes\u201d.<\/p>\n<p>El rodaje recorrer\u00e1 ic\u00f3nicas locaciones de Buenos Aires, \u2018<em>La Casaca de Dios\u2019<\/em> se perfila como una de las grandes apuestas del cine argentino para este a\u00f1o.<\/p>\n<p style=\"text-align: center; margin-bottom: -11px; font-size: 11px;\">Publicidad<\/p>\n<p><a href=\"https:\/\/expocomutv.com\"><img loading=\"lazy\" decoding=\"async\" class=\"aligncenter wp-image-68931 size-full\" src=\"https:\/\/tvmasmagazine.com\/wp-content\/uploads\/2025\/02\/banner-revista-mas-345X100.jpg\" alt=\"\" width=\"345\" height=\"100\" srcset=\"https:\/\/tvmasmagazine.com\/wp-content\/uploads\/2025\/02\/banner-revista-mas-345X100.jpg 345w, https:\/\/tvmasmagazine.com\/wp-content\/uploads\/2025\/02\/banner-revista-mas-345X100-150x43.jpg 150w\" sizes=\"auto, (max-width: 345px) 100vw, 345px\" \/><\/a><\/p>\n<p>Redacci\u00f3n TVMAS<\/p>","protected":false},"excerpt":{"rendered":"<p>CINE | STREAMING | PRODUCCI\u00d3N ORIGINAL Idea original de Ramiro Navarro, visi\u00f3n cinematogr\u00e1fica de \u00c1ngel Zamrabrano, guion de Marcos Carnevale <a class=\"more-link\" href=\"https:\/\/tvmasmagazine.com\/es\/2025\/03\/20\/inician-rodaje-de-la-casaca-de-dios-con-natalia-oreiro-y-jorge-marrale\/\">&#8230;<\/a><\/p>\n","protected":false},"author":1,"featured_media":68999,"comment_status":"open","ping_status":"closed","sticky":false,"template":"","format":"standard","meta":{"footnotes":""},"categories":[15,80],"tags":[],"class_list":["post-68996","post","type-post","status-publish","format-standard","has-post-thumbnail","hentry","category-cine","category-ott"],"_links":{"self":[{"href":"https:\/\/tvmasmagazine.com\/es\/wp-json\/wp\/v2\/posts\/68996","targetHints":{"allow":["GET"]}}],"collection":[{"href":"https:\/\/tvmasmagazine.com\/es\/wp-json\/wp\/v2\/posts"}],"about":[{"href":"https:\/\/tvmasmagazine.com\/es\/wp-json\/wp\/v2\/types\/post"}],"author":[{"embeddable":true,"href":"https:\/\/tvmasmagazine.com\/es\/wp-json\/wp\/v2\/users\/1"}],"replies":[{"embeddable":true,"href":"https:\/\/tvmasmagazine.com\/es\/wp-json\/wp\/v2\/comments?post=68996"}],"version-history":[{"count":5,"href":"https:\/\/tvmasmagazine.com\/es\/wp-json\/wp\/v2\/posts\/68996\/revisions"}],"predecessor-version":[{"id":69004,"href":"https:\/\/tvmasmagazine.com\/es\/wp-json\/wp\/v2\/posts\/68996\/revisions\/69004"}],"wp:featuredmedia":[{"embeddable":true,"href":"https:\/\/tvmasmagazine.com\/es\/wp-json\/wp\/v2\/media\/68999"}],"wp:attachment":[{"href":"https:\/\/tvmasmagazine.com\/es\/wp-json\/wp\/v2\/media?parent=68996"}],"wp:term":[{"taxonomy":"category","embeddable":true,"href":"https:\/\/tvmasmagazine.com\/es\/wp-json\/wp\/v2\/categories?post=68996"},{"taxonomy":"post_tag","embeddable":true,"href":"https:\/\/tvmasmagazine.com\/es\/wp-json\/wp\/v2\/tags?post=68996"}],"curies":[{"name":"wp","href":"https:\/\/api.w.org\/{rel}","templated":true}]}}