{"id":69025,"date":"2025-03-25T14:46:52","date_gmt":"2025-03-25T17:46:52","guid":{"rendered":"https:\/\/tvmasmagazine.com\/?p=69025"},"modified":"2025-03-25T14:46:52","modified_gmt":"2025-03-25T17:46:52","slug":"argentina-canal-26-ahora-es-multimedio-26","status":"publish","type":"post","link":"https:\/\/tvmasmagazine.com\/es\/2025\/03\/25\/argentina-canal-26-ahora-es-multimedio-26\/","title":{"rendered":"ARGENTINA. Canal 26 ahora es MULTIMEDIO 26"},"content":{"rendered":"<p><strong><span style=\"color: #ff0000;\">NEGOCIOS | MULTIMEDIOS<\/span><\/strong><\/p>\n<div id=\"attachment_69026\" style=\"width: 1592px\" class=\"wp-caption aligncenter\"><img loading=\"lazy\" decoding=\"async\" aria-describedby=\"caption-attachment-69026\" class=\"size-full wp-image-69026\" src=\"https:\/\/tvmasmagazine.com\/wp-content\/uploads\/2025\/03\/MULTIMEDIAS-26-FOTO-GRUPO.jpeg\" alt=\"\" width=\"1582\" height=\"712\" srcset=\"https:\/\/tvmasmagazine.com\/wp-content\/uploads\/2025\/03\/MULTIMEDIAS-26-FOTO-GRUPO.jpeg 1582w, https:\/\/tvmasmagazine.com\/wp-content\/uploads\/2025\/03\/MULTIMEDIAS-26-FOTO-GRUPO-350x158.jpeg 350w, https:\/\/tvmasmagazine.com\/wp-content\/uploads\/2025\/03\/MULTIMEDIAS-26-FOTO-GRUPO-1024x461.jpeg 1024w, https:\/\/tvmasmagazine.com\/wp-content\/uploads\/2025\/03\/MULTIMEDIAS-26-FOTO-GRUPO-150x68.jpeg 150w, https:\/\/tvmasmagazine.com\/wp-content\/uploads\/2025\/03\/MULTIMEDIAS-26-FOTO-GRUPO-768x346.jpeg 768w, https:\/\/tvmasmagazine.com\/wp-content\/uploads\/2025\/03\/MULTIMEDIAS-26-FOTO-GRUPO-1536x691.jpeg 1536w\" sizes=\"auto, (max-width: 1582px) 100vw, 1582px\" \/><p id=\"caption-attachment-69026\" class=\"wp-caption-text\">Gracias IPG Mediabrands por recibirnos en este primer encuentro marcando el inicio de una nueva etapa.<\/p><\/div>\n<p><span style=\"color: #000080;\"><strong>Se presenta como una propuesta integral para el mercado publicitario.<\/strong><\/span><\/p>\n<p><span style=\"color: #000080;\"><strong>Desde enero, Canal 26 TV, Canal26.com, Radio Latina, Latina TV, Telemax, Musictop, Tierram\u00eda y todas sus redes sociales asociadas se unifican bajo una nueva identidad: Multimedio 26.<\/strong><\/span><\/p>\n<p>Este cambio responde a un proceso de transformaci\u00f3n que comenz\u00f3 hace algunos a\u00f1os con la evoluci\u00f3n del noticiero de Canal 26, ampliando su cobertura hacia los eventos noticiosos internacionales en alianza con las principales agencias de noticias del mundo. Este crecimiento consolid\u00f3 a la se\u00f1al como un referente informativo en espa\u00f1ol a nivel global.<\/p>\n<p><span style=\"color: #ff0000;\"><strong>Ahora, con una plataforma multimedia y una oferta de contenido m\u00e1s amplia, Multimedio 26<\/strong><\/span> se presenta como una propuesta integral para el mercado publicitario. La combinaci\u00f3n de un noticiero de alcance internacional, un sitio web en constante crecimiento, una radio con gran y amplia cobertura en el pa\u00eds y una apuesta por el contenido federal en Telemax, posiciona al grupo como una opci\u00f3n \u00fanica para anunciantes.<\/p>\n<p>El proceso de posicionamiento ya est\u00e1 en marcha con las primeras presentaciones en las principales agencias del mercado. <strong>Canal 26<\/strong> es de propiedad del ex diputado nacional <strong>Alberto Pierri y<\/strong> es la se\u00f1al de noticias insignia de Telecentro, compa\u00f1\u00eda de TV de pago a la que suscriben el 7% del total de abonados del pa\u00eds, seg\u00fan reporta Telecentro.<\/p>\n<p>Redacci\u00f3n TVMAS<\/p>","protected":false},"excerpt":{"rendered":"<p>NEGOCIOS | MULTIMEDIOS Se presenta como una propuesta integral para el mercado publicitario. Desde enero, Canal 26 TV, Canal26.com, Radio <a class=\"more-link\" href=\"https:\/\/tvmasmagazine.com\/es\/2025\/03\/25\/argentina-canal-26-ahora-es-multimedio-26\/\">&#8230;<\/a><\/p>\n","protected":false},"author":1,"featured_media":69027,"comment_status":"open","ping_status":"closed","sticky":false,"template":"","format":"standard","meta":{"footnotes":""},"categories":[80,79,47],"tags":[],"class_list":["post-69025","post","type-post","status-publish","format-standard","has-post-thumbnail","hentry","category-ott","category-tv-abierta","category-tv-de-pagp"],"_links":{"self":[{"href":"https:\/\/tvmasmagazine.com\/es\/wp-json\/wp\/v2\/posts\/69025","targetHints":{"allow":["GET"]}}],"collection":[{"href":"https:\/\/tvmasmagazine.com\/es\/wp-json\/wp\/v2\/posts"}],"about":[{"href":"https:\/\/tvmasmagazine.com\/es\/wp-json\/wp\/v2\/types\/post"}],"author":[{"embeddable":true,"href":"https:\/\/tvmasmagazine.com\/es\/wp-json\/wp\/v2\/users\/1"}],"replies":[{"embeddable":true,"href":"https:\/\/tvmasmagazine.com\/es\/wp-json\/wp\/v2\/comments?post=69025"}],"version-history":[{"count":1,"href":"https:\/\/tvmasmagazine.com\/es\/wp-json\/wp\/v2\/posts\/69025\/revisions"}],"predecessor-version":[{"id":69028,"href":"https:\/\/tvmasmagazine.com\/es\/wp-json\/wp\/v2\/posts\/69025\/revisions\/69028"}],"wp:featuredmedia":[{"embeddable":true,"href":"https:\/\/tvmasmagazine.com\/es\/wp-json\/wp\/v2\/media\/69027"}],"wp:attachment":[{"href":"https:\/\/tvmasmagazine.com\/es\/wp-json\/wp\/v2\/media?parent=69025"}],"wp:term":[{"taxonomy":"category","embeddable":true,"href":"https:\/\/tvmasmagazine.com\/es\/wp-json\/wp\/v2\/categories?post=69025"},{"taxonomy":"post_tag","embeddable":true,"href":"https:\/\/tvmasmagazine.com\/es\/wp-json\/wp\/v2\/tags?post=69025"}],"curies":[{"name":"wp","href":"https:\/\/api.w.org\/{rel}","templated":true}]}}