{"id":69176,"date":"2025-05-26T23:32:01","date_gmt":"2025-05-27T02:32:01","guid":{"rendered":"https:\/\/tvmasmagazine.com\/?p=69176"},"modified":"2025-05-26T23:32:01","modified_gmt":"2025-05-27T02:32:01","slug":"argentina-el-evento-encregtel-refuerza-agenda-con-dos-conferencistas-de-lujo","status":"publish","type":"post","link":"https:\/\/tvmasmagazine.com\/es\/2025\/05\/26\/argentina-el-evento-encregtel-refuerza-agenda-con-dos-conferencistas-de-lujo\/","title":{"rendered":"ARGENTINA. El evento ENCREGTEL\u00ae refuerza agenda con dos conferencistas de lujo"},"content":{"rendered":"<p><strong><span style=\"color: #ff0000;\">EVENTOS | NEGOCIOS | ISP<\/span><\/strong><\/p>\n<p><span style=\"color: #000080;\"><strong>Este encuentro de cable operadores del sur de Am\u00e9rica latina, los peque\u00f1os ISP buscan autopistas para seguir creciendo a pesar del agotamiento del espacio IPv4.<\/strong><\/span><\/p>\n<div id=\"attachment_69177\" style=\"width: 910px\" class=\"wp-caption aligncenter\"><img loading=\"lazy\" decoding=\"async\" aria-describedby=\"caption-attachment-69177\" class=\"size-full wp-image-69177\" src=\"https:\/\/tvmasmagazine.com\/wp-content\/uploads\/2025\/05\/Untitled-1.jpg\" alt=\"\" width=\"900\" height=\"600\" srcset=\"https:\/\/tvmasmagazine.com\/wp-content\/uploads\/2025\/05\/Untitled-1.jpg 900w, https:\/\/tvmasmagazine.com\/wp-content\/uploads\/2025\/05\/Untitled-1-350x233.jpg 350w, https:\/\/tvmasmagazine.com\/wp-content\/uploads\/2025\/05\/Untitled-1-150x100.jpg 150w, https:\/\/tvmasmagazine.com\/wp-content\/uploads\/2025\/05\/Untitled-1-768x512.jpg 768w\" sizes=\"auto, (max-width: 900px) 100vw, 900px\" \/><p id=\"caption-attachment-69177\" class=\"wp-caption-text\">Juan Ram\u00f3n Garc\u00eda Bish y Carlos Mart\u00ednez Cagnazzo,<\/p><\/div>\n<p><span style=\"color: #000080;\"><strong>25 y 26 de junio en el Ros Tower Hotel &amp; Convention Center, en la ciudad de Rosario, provincia de Santa Fe; Argentina. \u201cLos desaf\u00edos y oportunidades que afectan al ecosistema digital y de conectividad en la regi\u00f3n, es el eje tem\u00e1tico\u201d.<\/strong><\/span><\/p>\n<p><span style=\"color: #000080;\"><strong>Juan Ram\u00f3n Garc\u00eda Bish, junto al gerente de nuevas tecnolog\u00edas del LACNIC, Carlos Mart\u00ednez Cagnazzo, ser\u00e1n parte del programa acad\u00e9mico del evento en el que TVMAS es Media Partners desde hace 20 a\u00f1os.<\/strong><\/span><\/p>\n<p style=\"text-align: center; margin-bottom: -11px; font-size: 11px;\">Publicidad<\/p>\n<p><a href=\"https:\/\/condista.com\/\"><img loading=\"lazy\" decoding=\"async\" class=\"aligncenter wp-image-68916 size-full\" src=\"https:\/\/tvmasmagazine.com\/wp-content\/uploads\/2025\/02\/banner-condista.jpg\" alt=\"\" width=\"345\" height=\"100\" srcset=\"https:\/\/tvmasmagazine.com\/wp-content\/uploads\/2025\/02\/banner-condista.jpg 345w, https:\/\/tvmasmagazine.com\/wp-content\/uploads\/2025\/02\/banner-condista-150x43.jpg 150w\" sizes=\"auto, (max-width: 345px) 100vw, 345px\" \/><\/a><\/p>\n<p>El\u00a0 evento ser\u00e1 los d\u00edas <span style=\"color: #ff0000;\"><strong>25 y 26 de junio en el Ros Tower Hotel &amp; Convention Center, en la ciudad de Rosario, provincia de Santa Fe<\/strong><\/span>; Argentina, con un programa de actividades y la exposici\u00f3n comercial.<\/p>\n<p>La participaci\u00f3n de expertos como <strong><em>Garc\u00eda Bish y Mart\u00ednez Cagnazzo <\/em><\/strong>cumple el compromiso del evento con la formaci\u00f3n de alto nivel, acercando a los asistentes visiones estrat\u00e9gicas sobre los desaf\u00edos y oportunidades que afectan al ecosistema digital y de conectividad en la regi\u00f3n.<\/p>\n<p><strong><span style=\"color: #ff0000;\">El seminario \u201cFuturo del negocio Telco\/ISP<\/span>:<\/strong> <strong><em>\u201cEvolucionar o Desaparecer\u201d, <\/em><\/strong>ser\u00e1 dictado por <strong>Juan Ram\u00f3n Garc\u00eda Bish <\/strong>(Gerente de Ingenier\u00eda y Nuevas Tecnolog\u00edas en <strong>GIGARED<\/strong>), presentar\u00e1 los desaf\u00edos del sector, desde un an\u00e1lisis del negocio, haciendo hincapi\u00e9 en la necesidad urgente de reinventarse frente a la competencia creciente y el avance de tecnolog\u00edas como la inteligencia artificial. (IA).<\/p>\n<p style=\"text-align: center; margin-bottom: -11px; font-size: 11px;\">Publicidad<\/p>\n<p><a href=\"https:\/\/www.latinmediacorp.net\/\"><img loading=\"lazy\" decoding=\"async\" class=\"aligncenter wp-image-69171 size-full\" src=\"https:\/\/tvmasmagazine.com\/wp-content\/uploads\/2025\/05\/Banner-Latin-Media-Corp-345x100-1.png\" alt=\"\" width=\"345\" height=\"100\" srcset=\"https:\/\/tvmasmagazine.com\/wp-content\/uploads\/2025\/05\/Banner-Latin-Media-Corp-345x100-1.png 345w, https:\/\/tvmasmagazine.com\/wp-content\/uploads\/2025\/05\/Banner-Latin-Media-Corp-345x100-1-150x43.png 150w\" sizes=\"auto, (max-width: 345px) 100vw, 345px\" \/><\/a><\/p>\n<p>El seminario a cargo de Carlos Martinez Cagnazzo (Gerente del \u00c1rea T\u00e9cnica de LACNIC): <strong>\u201c<em>Estrategias para Escalar Redes en una Internet sin IPv4\u201d.<\/em><\/strong> Abordar\u00e1n estrategias t\u00e9cnicas y de gesti\u00f3n para que los peque\u00f1os ISP en Am\u00e9rica Latina puedan seguir creciendo a pesar del agotamiento del espacio IPv4. Se explorar\u00e1n alternativas como IPv6, CGNAT y el uso eficiente de los recursos disponibles, adem\u00e1s de herramientas y pol\u00edticas ofrecidas por LACNIC.<\/p>\n<p>Este a\u00f1o, el encuentro es presencial e h\u00edbrido, con actividades y transmisi\u00f3n en vivo, para toda Latinoam\u00e9rica. Las acreditaciones del evento: \u00a0www.encregtel.com<\/p>\n<p><strong>El encuentro es un espacio clave para PYMEs, cooperativas, ISPs y empresas TIC,<\/strong> un punto de referencia para el intercambio de conocimientos, presentaci\u00f3n de nuevas tecnolog\u00edas y fortalecimiento de v\u00ednculos en la industria de la regi\u00f3n Andina y el sur de Am\u00e9rica Latina.<\/p>\n<p style=\"text-align: center; margin-bottom: -11px; font-size: 11px;\">Publicidad<\/p>\n<p><a href=\"https:\/\/www.centauro.com\/\"><img loading=\"lazy\" decoding=\"async\" class=\"aligncenter wp-image-66800 size-medium\" src=\"https:\/\/tvmasmagazine.com\/wp-content\/uploads\/2023\/05\/unnamed-3-350x90.gif\" alt=\"\" width=\"350\" height=\"90\" srcset=\"https:\/\/tvmasmagazine.com\/wp-content\/uploads\/2023\/05\/unnamed-3-350x90.gif 350w, https:\/\/tvmasmagazine.com\/wp-content\/uploads\/2023\/05\/unnamed-3-150x38.gif 150w\" sizes=\"auto, (max-width: 350px) 100vw, 350px\" \/><\/a><\/p>\n<p>Redacci\u00f3n TVMAS<\/p>","protected":false},"excerpt":{"rendered":"<p>EVENTOS | NEGOCIOS | ISP Este encuentro de cable operadores del sur de Am\u00e9rica latina, los peque\u00f1os ISP buscan autopistas <a class=\"more-link\" href=\"https:\/\/tvmasmagazine.com\/es\/2025\/05\/26\/argentina-el-evento-encregtel-refuerza-agenda-con-dos-conferencistas-de-lujo\/\">&#8230;<\/a><\/p>\n","protected":false},"author":1,"featured_media":69177,"comment_status":"open","ping_status":"closed","sticky":false,"template":"","format":"standard","meta":{"footnotes":""},"categories":[80,79,47],"tags":[],"class_list":["post-69176","post","type-post","status-publish","format-standard","has-post-thumbnail","hentry","category-ott","category-tv-abierta","category-tv-de-pagp"],"_links":{"self":[{"href":"https:\/\/tvmasmagazine.com\/es\/wp-json\/wp\/v2\/posts\/69176","targetHints":{"allow":["GET"]}}],"collection":[{"href":"https:\/\/tvmasmagazine.com\/es\/wp-json\/wp\/v2\/posts"}],"about":[{"href":"https:\/\/tvmasmagazine.com\/es\/wp-json\/wp\/v2\/types\/post"}],"author":[{"embeddable":true,"href":"https:\/\/tvmasmagazine.com\/es\/wp-json\/wp\/v2\/users\/1"}],"replies":[{"embeddable":true,"href":"https:\/\/tvmasmagazine.com\/es\/wp-json\/wp\/v2\/comments?post=69176"}],"version-history":[{"count":2,"href":"https:\/\/tvmasmagazine.com\/es\/wp-json\/wp\/v2\/posts\/69176\/revisions"}],"predecessor-version":[{"id":69179,"href":"https:\/\/tvmasmagazine.com\/es\/wp-json\/wp\/v2\/posts\/69176\/revisions\/69179"}],"wp:featuredmedia":[{"embeddable":true,"href":"https:\/\/tvmasmagazine.com\/es\/wp-json\/wp\/v2\/media\/69177"}],"wp:attachment":[{"href":"https:\/\/tvmasmagazine.com\/es\/wp-json\/wp\/v2\/media?parent=69176"}],"wp:term":[{"taxonomy":"category","embeddable":true,"href":"https:\/\/tvmasmagazine.com\/es\/wp-json\/wp\/v2\/categories?post=69176"},{"taxonomy":"post_tag","embeddable":true,"href":"https:\/\/tvmasmagazine.com\/es\/wp-json\/wp\/v2\/tags?post=69176"}],"curies":[{"name":"wp","href":"https:\/\/api.w.org\/{rel}","templated":true}]}}