{"id":69180,"date":"2025-05-27T01:00:08","date_gmt":"2025-05-27T04:00:08","guid":{"rendered":"https:\/\/tvmasmagazine.com\/?p=69180"},"modified":"2025-05-26T23:39:44","modified_gmt":"2025-05-27T02:39:44","slug":"colombia-un-poeta-largometraje-con-alemania-y-suecia-gana-en-cannes","status":"publish","type":"post","link":"https:\/\/tvmasmagazine.com\/es\/2025\/05\/27\/colombia-un-poeta-largometraje-con-alemania-y-suecia-gana-en-cannes\/","title":{"rendered":"Colombia. UN POETA largometraje con Alemania y Suecia gana en Cannes"},"content":{"rendered":"<p><strong><span style=\"color: #ff0000;\">CINE | FESTIVALES | PREMIOS<\/span><\/strong><\/p>\n<p><img loading=\"lazy\" decoding=\"async\" class=\"aligncenter size-full wp-image-69183\" src=\"https:\/\/tvmasmagazine.com\/wp-content\/uploads\/2025\/05\/UN-POETA-PELICULA-COLOMBIANA.jpg\" alt=\"\" width=\"700\" height=\"319\" srcset=\"https:\/\/tvmasmagazine.com\/wp-content\/uploads\/2025\/05\/UN-POETA-PELICULA-COLOMBIANA.jpg 700w, https:\/\/tvmasmagazine.com\/wp-content\/uploads\/2025\/05\/UN-POETA-PELICULA-COLOMBIANA-350x160.jpg 350w, https:\/\/tvmasmagazine.com\/wp-content\/uploads\/2025\/05\/UN-POETA-PELICULA-COLOMBIANA-150x68.jpg 150w\" sizes=\"auto, (max-width: 700px) 100vw, 700px\" \/><\/p>\n<p><span style=\"color: #000080;\"><strong>Nuevas tendencias cinematogr\u00e1ficas. El segundo largometraje de Sim\u00f3n Mesa Soto, gan\u00f3 el premio en la secci\u00f3n <em>Un Certain Regard<\/em> del festival de cine de Cannes, que se realiz\u00f3 del 14 al 24 de mayo, en Francia<\/strong><\/span><\/p>\n<p><span style=\"color: #000080;\"><strong>En genero de comedia la pel\u00edcula pas\u00f3 por la categor\u00eda Film Projects del <em>Bogot\u00e1 Audiovisual Market &#8211; BAM<\/em> (2023), con apoyo del Fondo para el Desarrollo Cinematogr\u00e1fico &#8211; FDC.<\/strong><\/span><\/p>\n<p>El largometraje <strong><em>\u201cUn poeta\u201d<\/em><\/strong> (Colombia, Alemania, Suecia), de <strong>Sim\u00f3n Mesa Soto<\/strong> naci\u00f3\u00a0 en Medell\u00edn, Colombia en 1986. Famoso por el cortometraje <em>\u201cLeidi\u201d<\/em>, ganador de Palma de Oro en el Festival de Cannes (2014). El premio <em>Un Certain Regard, secci\u00f3n del Festival de Cine de Cannes<\/em> es por destacar las nuevas tendencias cinematogr\u00e1ficas.<\/p>\n<p style=\"text-align: center; margin-bottom: -11px; font-size: 11px;\">Publicidad<\/p>\n<p><a href=\"https:\/\/www.centauro.com\/\"><img loading=\"lazy\" decoding=\"async\" class=\"aligncenter wp-image-66800 size-medium\" src=\"https:\/\/tvmasmagazine.com\/wp-content\/uploads\/2023\/05\/unnamed-3-350x90.gif\" alt=\"\" width=\"350\" height=\"90\" srcset=\"https:\/\/tvmasmagazine.com\/wp-content\/uploads\/2023\/05\/unnamed-3-350x90.gif 350w, https:\/\/tvmasmagazine.com\/wp-content\/uploads\/2023\/05\/unnamed-3-150x38.gif 150w\" sizes=\"auto, (max-width: 350px) 100vw, 350px\" \/><\/a><\/p>\n<p>Este es el segundo largometraje del director. \u00abCon alegr\u00eda todos incluidos el actor principal, esperamos que sea el inicio de un camino para que la pel\u00edcula la vean muchos. Es una comedia y buscamos que el cine colombiano se acerque a la audiencia con historias que conmuevan y hacernos re\u00edr\u201d coment\u00f3 el director el 19 de mayo varios medios entre ellos a TVMAS, tras la proyecci\u00f3n del largometraje en el festival de Cine de Cannes.<\/p>\n<p>Una de las miembros del jurado, Louise Courvoisier (directora y guionista francesa), coment\u00f3: \u00abPor su autenticidad y actuaciones impecablemente logradas, por dar igual atenci\u00f3n a cada papel, por su delicado manejo de personajes moralmente cuestionables con humor, ternura y por su originalidad y giros inesperados, el Premio del Jurado es para <em>\u201cun poeta\u201d<\/em> de Simon Mesa\u201d.<\/p>\n<p>El guion y la direcci\u00f3n de la pel\u00edcula estuvieron a cargo de Sim\u00f3n Mesa Soto, la direcci\u00f3n de fotograf\u00eda fue de Juan Sarmiento G., ADFC, y BVK, la direcci\u00f3n de Arte es de Camila Agudelo, en el sonido Eloisa Arcila &amp; Ted Krotkiewski, el editor Ricardo Saravia, los compositores fueron Trio Ramberget y Matti Bye, como productores estuvieron Manuel Ruiz Montealegre, Juan Sarmiento G. y Sim\u00f3n Mesa Soto.<\/p>\n<p style=\"text-align: center; margin-bottom: -11px; font-size: 11px;\">Publicidad<\/p>\n<p><a href=\"https:\/\/intermedya.tv\/\"><img loading=\"lazy\" decoding=\"async\" class=\"aligncenter wp-image-69041 size-full\" src=\"https:\/\/tvmasmagazine.com\/wp-content\/uploads\/2025\/04\/banner_intermedya_345x100_EsrefRuya_ValleyOfHearts.gif\" alt=\"\" width=\"345\" height=\"100\" \/><\/a><\/p>\n<p><span style=\"color: #ff0000;\"><strong>EMPRESAS COPRODUCTORAS<\/strong><\/span><\/p>\n<p>Es una producci\u00f3n de Oc\u00faltimo &amp; Medio de Contenci\u00f3n Producciones (Colombia), en coproducci\u00f3n con <strong>Majade fiction<\/strong> (Alemania), <strong>Momento Film<\/strong> (Suecia), <strong>ZDF Das kleine Fernsehspiel <\/strong>con <strong>ARTE <\/strong>(Alemania), y <strong>Film I V\u00e4st<\/strong> (Suecia). Con Katharina Bergfeld, David Herdies, Michael Krotkiewski, Heino Deckert y Kristina B\u00f6rjeson como coproductores. Se realiz\u00f3 con apoyo del <strong>Swedish Film Institute<\/strong>. El elenco estuvo conformado por Ubeimar R\u00edos, Rebeca Andrade, Guillermo Cardona, Allison Correa, Margarita Soto y Humberto Restrepo.<\/p>\n<p>Para conocer m\u00e1s sobre el Festival de Cannes, visitar <a href=\"http:\/\/www.festival-cannes.com\">www.festival-cannes.com<\/a><\/p>\n<p style=\"text-align: center; margin-bottom: -11px; font-size: 11px;\">Publicidad<\/p>\n<p><a href=\"https:\/\/condista.com\/\"><img loading=\"lazy\" decoding=\"async\" class=\"aligncenter wp-image-68916 size-full\" src=\"https:\/\/tvmasmagazine.com\/wp-content\/uploads\/2025\/02\/banner-condista.jpg\" alt=\"\" width=\"345\" height=\"100\" srcset=\"https:\/\/tvmasmagazine.com\/wp-content\/uploads\/2025\/02\/banner-condista.jpg 345w, https:\/\/tvmasmagazine.com\/wp-content\/uploads\/2025\/02\/banner-condista-150x43.jpg 150w\" sizes=\"auto, (max-width: 345px) 100vw, 345px\" \/><\/a><\/p>\n<p>Redacci\u00f3n TVMAS<\/p>","protected":false},"excerpt":{"rendered":"<p>CINE | FESTIVALES | PREMIOS Nuevas tendencias cinematogr\u00e1ficas. El segundo largometraje de Sim\u00f3n Mesa Soto, gan\u00f3 el premio en la <a class=\"more-link\" href=\"https:\/\/tvmasmagazine.com\/es\/2025\/05\/27\/colombia-un-poeta-largometraje-con-alemania-y-suecia-gana-en-cannes\/\">&#8230;<\/a><\/p>\n","protected":false},"author":1,"featured_media":69183,"comment_status":"open","ping_status":"closed","sticky":false,"template":"","format":"standard","meta":{"footnotes":""},"categories":[15,80,79,47],"tags":[],"class_list":["post-69180","post","type-post","status-publish","format-standard","has-post-thumbnail","hentry","category-cine","category-ott","category-tv-abierta","category-tv-de-pagp"],"_links":{"self":[{"href":"https:\/\/tvmasmagazine.com\/es\/wp-json\/wp\/v2\/posts\/69180","targetHints":{"allow":["GET"]}}],"collection":[{"href":"https:\/\/tvmasmagazine.com\/es\/wp-json\/wp\/v2\/posts"}],"about":[{"href":"https:\/\/tvmasmagazine.com\/es\/wp-json\/wp\/v2\/types\/post"}],"author":[{"embeddable":true,"href":"https:\/\/tvmasmagazine.com\/es\/wp-json\/wp\/v2\/users\/1"}],"replies":[{"embeddable":true,"href":"https:\/\/tvmasmagazine.com\/es\/wp-json\/wp\/v2\/comments?post=69180"}],"version-history":[{"count":3,"href":"https:\/\/tvmasmagazine.com\/es\/wp-json\/wp\/v2\/posts\/69180\/revisions"}],"predecessor-version":[{"id":69184,"href":"https:\/\/tvmasmagazine.com\/es\/wp-json\/wp\/v2\/posts\/69180\/revisions\/69184"}],"wp:featuredmedia":[{"embeddable":true,"href":"https:\/\/tvmasmagazine.com\/es\/wp-json\/wp\/v2\/media\/69183"}],"wp:attachment":[{"href":"https:\/\/tvmasmagazine.com\/es\/wp-json\/wp\/v2\/media?parent=69180"}],"wp:term":[{"taxonomy":"category","embeddable":true,"href":"https:\/\/tvmasmagazine.com\/es\/wp-json\/wp\/v2\/categories?post=69180"},{"taxonomy":"post_tag","embeddable":true,"href":"https:\/\/tvmasmagazine.com\/es\/wp-json\/wp\/v2\/tags?post=69180"}],"curies":[{"name":"wp","href":"https:\/\/api.w.org\/{rel}","templated":true}]}}