{"id":69260,"date":"2025-06-21T16:21:44","date_gmt":"2025-06-21T19:21:44","guid":{"rendered":"https:\/\/tvmasmagazine.com\/?p=69260"},"modified":"2025-06-21T16:37:29","modified_gmt":"2025-06-21T19:37:29","slug":"69260","status":"publish","type":"post","link":"https:\/\/tvmasmagazine.com\/es\/2025\/06\/21\/69260\/","title":{"rendered":"PREMIOS PRODU CON FOCO EN LA DIVERSIDAD"},"content":{"rendered":"<p><strong><span style=\"color: #ff0000;\">PREMIOS | CONTENIDOS | DIVERSIDAD | LGTB+<\/span><\/strong><\/p>\n<p><span style=\"color: #000080;\"><strong>Premios PRODU con WAWA Association y el Observatorio ODA presentan cuatro categor\u00edas dedicadas a la diversidad. Participan contenidos de Iberoam\u00e9rica.<\/strong><\/span><\/p>\n<p>El objetivo es visibilizar ejes clave como discapacidad, radicalizaci\u00f3n, migraci\u00f3n, identidades, sexualidades y diversidad corporal.<\/p>\n<p>El Premio PRODU 2025 distingue a los talentos, programas, producciones y formatos m\u00e1s destacados de la Televisi\u00f3n Iberoamericana. En la 9.\u00aa edici\u00f3n de la premiaci\u00f3n, Premios PRODU, WAWA Association (Worldwide Audiovisual Women\u2019s Association) y ODA (Observatorio de la Diversidad en Medios Audiovisuales de Espa\u00f1a) renuevan su alianza para reflejar la variedad de realidades que coexisten en la industria y tambi\u00e9n en la sociedad.<\/p>\n<div id=\"attachment_69259\" style=\"width: 870px\" class=\"wp-caption aligncenter\"><img loading=\"lazy\" decoding=\"async\" aria-describedby=\"caption-attachment-69259\" class=\"size-full wp-image-69259\" src=\"https:\/\/tvmasmagazine.com\/wp-content\/uploads\/2025\/06\/JORGE-GONZALEZ-CEO-ODA-OK.jpg\" alt=\"\" width=\"860\" height=\"552\" srcset=\"https:\/\/tvmasmagazine.com\/wp-content\/uploads\/2025\/06\/JORGE-GONZALEZ-CEO-ODA-OK.jpg 860w, https:\/\/tvmasmagazine.com\/wp-content\/uploads\/2025\/06\/JORGE-GONZALEZ-CEO-ODA-OK-350x225.jpg 350w, https:\/\/tvmasmagazine.com\/wp-content\/uploads\/2025\/06\/JORGE-GONZALEZ-CEO-ODA-OK-150x96.jpg 150w, https:\/\/tvmasmagazine.com\/wp-content\/uploads\/2025\/06\/JORGE-GONZALEZ-CEO-ODA-OK-768x493.jpg 768w\" sizes=\"auto, (max-width: 860px) 100vw, 860px\" \/><p id=\"caption-attachment-69259\" class=\"wp-caption-text\">Jorge Gonzalo Alonso, presidente y director de Observatorio de la Diversidad en los Medios<\/p><\/div>\n<p>\u201cEs importante celebrar los esfuerzos que se hacen, as\u00ed como los buenos ejemplos. En ODA nos pasamos el a\u00f1o analizando ficciones para poder hacer de puente con el activismo y mejorar la representaci\u00f3n de la diversidad; por eso encontrar espacios de celebraci\u00f3n como nuestros premios o los Premios PRODU es muy importante para remarcar lo positivo y hacer pedagog\u00eda desde el aplauso\u00bb, coment\u00f3 <strong>Jorge Gonzalo<\/strong>, presidente y director de Observatorio de la Diversidad en los Medios Audiovisuales (ODA).<\/p>\n<p style=\"text-align: center; margin-bottom: -11px; font-size: 11px;\">Publicidad<\/p>\n<p><a href=\"https:\/\/condista.com\/\"><img loading=\"lazy\" decoding=\"async\" class=\"aligncenter wp-image-68916 size-full\" src=\"https:\/\/tvmasmagazine.com\/wp-content\/uploads\/2025\/02\/banner-condista.jpg\" alt=\"\" width=\"345\" height=\"100\" srcset=\"https:\/\/tvmasmagazine.com\/wp-content\/uploads\/2025\/02\/banner-condista.jpg 345w, https:\/\/tvmasmagazine.com\/wp-content\/uploads\/2025\/02\/banner-condista-150x43.jpg 150w\" sizes=\"auto, (max-width: 345px) 100vw, 345px\" \/><\/a><\/p>\n<p><strong><span style=\"color: #ff0000;\">De la categor\u00eda Mejor contenido.<\/span> <\/strong><strong>Cuerpos Diversos<\/strong> participan aquellas propuestas que destacan por su representaci\u00f3n inclusiva y aut\u00e9ntica de la diversidad corporal. Son obras que rompen con los est\u00e1ndares tradicionales de belleza y que dan cuenta de la variedad de formas, tama\u00f1os y capacidades de los cuerpos humanos. Estas historias promueven la aceptaci\u00f3n y la valoraci\u00f3n de la diversidad corporal, con lo cual contribuyen a plasmar una representaci\u00f3n m\u00e1s equitativa y respetuosa en los medios de comunicaci\u00f3n.<\/p>\n<p><span style=\"color: #ff0000;\"><strong>Mejor contenido. <\/strong><\/span><strong>Racializaci\u00f3n y Migraci\u00f3n<\/strong> se centra en otra gran problem\u00e1tica que atraviesa a la sociedad global. Aqu\u00ed, los contenidos se destacan por su representaci\u00f3n inclusiva y aut\u00e9ntica de la diversidad racial y migratoria; muestran de manera positiva y respetuosa las experiencias, culturas y contribuciones de personas racializadas y migrantes. Su aporte busca sensibilizar y profundizar la comprensi\u00f3n y la apreciaci\u00f3n de la diversidad.<\/p>\n<p style=\"text-align: center; margin-bottom: -11px; font-size: 11px;\">Publicidad<\/p>\n<p><a href=\"https:\/\/www.france24.com\/es\/\"><img loading=\"lazy\" decoding=\"async\" class=\"aligncenter wp-image-66805 size-full\" src=\"https:\/\/tvmasmagazine.com\/wp-content\/uploads\/2023\/05\/unnamed-1-1.jpg\" alt=\"\" width=\"345\" height=\"100\" srcset=\"https:\/\/tvmasmagazine.com\/wp-content\/uploads\/2023\/05\/unnamed-1-1.jpg 345w, https:\/\/tvmasmagazine.com\/wp-content\/uploads\/2023\/05\/unnamed-1-1-150x43.jpg 150w\" sizes=\"auto, (max-width: 345px) 100vw, 345px\" \/><\/a><\/p>\n<p><span style=\"color: #ff0000;\"><strong>Mejor contenido<\/strong><\/span> <strong>Discapacidad<\/strong> busca reconocer contenidos que ilustran de manera positiva y respetuosa las experiencias, capacidades y contribuciones de personas con discapacidad. Al fomentar la sensibilizaci\u00f3n y la comprensi\u00f3n, este tipo de programas sobresale por su representaci\u00f3n inclusiva y aut\u00e9ntica de la discapacidad.<\/p>\n<p><span style=\"color: #ff0000;\"><strong>Mejor contenido. <\/strong><\/span><strong>Diversidad: LGTBQ+<\/strong> buscar reconocer a los contenidos que representen, expresen y reflexionen sobre tem\u00e1ticas, visiones y experiencias referidas al colectivo LGTBQ+.<\/p>\n<p style=\"text-align: center; margin-bottom: -11px; font-size: 11px;\">Publicidad<\/p>\n<p><a href=\"https:\/\/welove-entertainment.com\"><img loading=\"lazy\" decoding=\"async\" class=\"aligncenter wp-image-69229 size-medium\" src=\"https:\/\/tvmasmagazine.com\/wp-content\/uploads\/2025\/06\/Desiguales-345-x-100-350x101.jpg\" alt=\"\" width=\"350\" height=\"101\" srcset=\"https:\/\/tvmasmagazine.com\/wp-content\/uploads\/2025\/06\/Desiguales-345-x-100-350x101.jpg 350w, https:\/\/tvmasmagazine.com\/wp-content\/uploads\/2025\/06\/Desiguales-345-x-100-150x43.jpg 150w, https:\/\/tvmasmagazine.com\/wp-content\/uploads\/2025\/06\/Desiguales-345-x-100.jpg 518w\" sizes=\"auto, (max-width: 350px) 100vw, 350px\" \/><\/a><\/p>\n<p><span style=\"color: #ff0000;\"><strong>La alianza estrat\u00e9gica con WAWA Association y ODA<\/strong><\/span> resulta fundamental para que entre todos se siga construyendo en pos de conformar una industria audiovisual m\u00e1s equitativa e igualitaria.<\/p>\n<p>Las inscripciones a los Premios PRODU estar\u00e1n abiertas hasta el 24 de junio: https:\/\/premiosprodu.com\/<\/p>\n<p style=\"text-align: center; margin-bottom: -11px; font-size: 11px;\">Publicidad<\/p>\n<p><a href=\"https:\/\/centauro.com\/\"><img loading=\"lazy\" decoding=\"async\" class=\"aligncenter wp-image-66800 size-medium\" src=\"https:\/\/tvmasmagazine.com\/wp-content\/uploads\/2023\/05\/unnamed-3-350x90.gif\" alt=\"\" width=\"350\" height=\"90\" srcset=\"https:\/\/tvmasmagazine.com\/wp-content\/uploads\/2023\/05\/unnamed-3-350x90.gif 350w, https:\/\/tvmasmagazine.com\/wp-content\/uploads\/2023\/05\/unnamed-3-150x38.gif 150w\" sizes=\"auto, (max-width: 350px) 100vw, 350px\" \/><\/a><\/p>\n<p>Redacci\u00f3n TVMAS<\/p>","protected":false},"excerpt":{"rendered":"<p>PREMIOS | CONTENIDOS | DIVERSIDAD | LGTB+ Premios PRODU con WAWA Association y el Observatorio ODA presentan cuatro categor\u00edas dedicadas <a class=\"more-link\" href=\"https:\/\/tvmasmagazine.com\/es\/2025\/06\/21\/69260\/\">&#8230;<\/a><\/p>\n","protected":false},"author":1,"featured_media":69259,"comment_status":"open","ping_status":"closed","sticky":false,"template":"","format":"standard","meta":{"footnotes":""},"categories":[15,253,49,11,80,73,17,79,47],"tags":[],"class_list":["post-69260","post","type-post","status-publish","format-standard","has-post-thumbnail","hentry","category-cine","category-entretenimiento","category-entrevistas","category-negocios","category-ott","category-telenovelas-series","category-television","category-tv-abierta","category-tv-de-pagp"],"_links":{"self":[{"href":"https:\/\/tvmasmagazine.com\/es\/wp-json\/wp\/v2\/posts\/69260","targetHints":{"allow":["GET"]}}],"collection":[{"href":"https:\/\/tvmasmagazine.com\/es\/wp-json\/wp\/v2\/posts"}],"about":[{"href":"https:\/\/tvmasmagazine.com\/es\/wp-json\/wp\/v2\/types\/post"}],"author":[{"embeddable":true,"href":"https:\/\/tvmasmagazine.com\/es\/wp-json\/wp\/v2\/users\/1"}],"replies":[{"embeddable":true,"href":"https:\/\/tvmasmagazine.com\/es\/wp-json\/wp\/v2\/comments?post=69260"}],"version-history":[{"count":6,"href":"https:\/\/tvmasmagazine.com\/es\/wp-json\/wp\/v2\/posts\/69260\/revisions"}],"predecessor-version":[{"id":69266,"href":"https:\/\/tvmasmagazine.com\/es\/wp-json\/wp\/v2\/posts\/69260\/revisions\/69266"}],"wp:featuredmedia":[{"embeddable":true,"href":"https:\/\/tvmasmagazine.com\/es\/wp-json\/wp\/v2\/media\/69259"}],"wp:attachment":[{"href":"https:\/\/tvmasmagazine.com\/es\/wp-json\/wp\/v2\/media?parent=69260"}],"wp:term":[{"taxonomy":"category","embeddable":true,"href":"https:\/\/tvmasmagazine.com\/es\/wp-json\/wp\/v2\/categories?post=69260"},{"taxonomy":"post_tag","embeddable":true,"href":"https:\/\/tvmasmagazine.com\/es\/wp-json\/wp\/v2\/tags?post=69260"}],"curies":[{"name":"wp","href":"https:\/\/api.w.org\/{rel}","templated":true}]}}