{"id":69323,"date":"2025-07-22T19:20:57","date_gmt":"2025-07-22T22:20:57","guid":{"rendered":"https:\/\/tvmasmagazine.com\/?p=69323"},"modified":"2025-07-22T19:20:57","modified_gmt":"2025-07-22T22:20:57","slug":"fame-week-y-mip-africa-tienen-todo-listo-para-septiembre","status":"publish","type":"post","link":"https:\/\/tvmasmagazine.com\/es\/2025\/07\/22\/fame-week-y-mip-africa-tienen-todo-listo-para-septiembre\/","title":{"rendered":"FAME Week y MIP \u00c1frica tienen todo listo para septiembre"},"content":{"rendered":"<p><strong><span style=\"color: #ff0000;\">EVENTOS | NEGOCIOS | CONTENIDOS AUDIOVISUALES | STREAMING<\/span><\/strong><\/p>\n<p><span style=\"color: #000080;\"><strong>MIP \u00c1frica 2025 se celebrar\u00e1 del 1 al 3 de septiembre en el marco de Fame Weekde 2025 en Ciudad del Cabo, centr\u00e1ndose en la industria cinematogr\u00e1fica y televisiva africana.<\/strong><\/span><\/p>\n<p><span style=\"color: #000080;\"><strong>Cortos, drama, documental ficci\u00f3n, ciencia ficci\u00f3n, comedia y romance.<\/strong><\/span><\/p>\n<p>El Festival de Cortometrajes FAME regresa este con una potente plataforma dedicada a la narrativa en formato corto de todo el continente africano y la di\u00e1spora. Del 4 al 6 de septiembre en el emblem\u00e1tico Teatro Labia, el programa de este a\u00f1o presenta 31 cortometrajes que exploran temas de desaf\u00edo, pertenencia, intimidad y disrupci\u00f3n bajo los lemas: \u00a1Aqu\u00ed por los desvalidos!, Terrores Nocturnos, Confiamos en la Familia y Tierno Disturbio.<\/p>\n<p>Dise\u00f1ado para cin\u00e9filos, productores y l\u00edderes de la industria, FAME Shorts invita al p\u00fablico a un mundo de cine condensado de gran impacto.<\/p>\n<p style=\"text-align: center; margin-bottom: -11px; font-size: 11px;\">Publicidad<\/p>\n<p><a href=\"https:\/\/dicm.ae\/\"><img loading=\"lazy\" decoding=\"async\" class=\"aligncenter wp-image-69138 size-medium\" src=\"https:\/\/tvmasmagazine.com\/wp-content\/uploads\/2025\/04\/banner-dcim-dubai-560-x-150-px-350x94.png\" alt=\"\" width=\"350\" height=\"94\" srcset=\"https:\/\/tvmasmagazine.com\/wp-content\/uploads\/2025\/04\/banner-dcim-dubai-560-x-150-px-350x94.png 350w, https:\/\/tvmasmagazine.com\/wp-content\/uploads\/2025\/04\/banner-dcim-dubai-560-x-150-px-150x40.png 150w, https:\/\/tvmasmagazine.com\/wp-content\/uploads\/2025\/04\/banner-dcim-dubai-560-x-150-px.png 560w\" sizes=\"auto, (max-width: 350px) 100vw, 350px\" \/><\/a><\/p>\n<div id=\"attachment_69324\" style=\"width: 210px\" class=\"wp-caption aligncenter\"><img loading=\"lazy\" decoding=\"async\" aria-describedby=\"caption-attachment-69324\" class=\"wp-image-69324 size-full\" src=\"https:\/\/tvmasmagazine.com\/wp-content\/uploads\/2025\/07\/LERATO-BOKAKO-OK.jpeg\" alt=\"Lerato Bokako\" width=\"200\" height=\"200\" srcset=\"https:\/\/tvmasmagazine.com\/wp-content\/uploads\/2025\/07\/LERATO-BOKAKO-OK.jpeg 200w, https:\/\/tvmasmagazine.com\/wp-content\/uploads\/2025\/07\/LERATO-BOKAKO-OK-150x150.jpeg 150w\" sizes=\"auto, (max-width: 200px) 100vw, 200px\" \/><p id=\"caption-attachment-69324\" class=\"wp-caption-text\">Lerato Bokako<\/p><\/div>\n<p><strong>Lerato Bokako, directora creativa del Festival de Cortometrajes FAME Week<\/strong><strong>,<\/strong> afirma: \u00ab\u00a1La edici\u00f3n 2025 de FAME Shorts promete ser un evento emocionante! Desde terror hasta romance y todo lo dem\u00e1s. Es una oportunidad para descubrir a nuevos artistas emergentes https:\/\/fameshortsfilmfestival.com\/screenings\/<\/p>\n<p style=\"text-align: center; margin-bottom: -11px; font-size: 11px;\">Publicidad<\/p>\n<p><a href=\"https:\/\/centauro.com\/\"><img loading=\"lazy\" decoding=\"async\" class=\"aligncenter wp-image-66800 size-medium\" src=\"https:\/\/tvmasmagazine.com\/wp-content\/uploads\/2023\/05\/unnamed-3-350x90.gif\" alt=\"\" width=\"350\" height=\"90\" srcset=\"https:\/\/tvmasmagazine.com\/wp-content\/uploads\/2023\/05\/unnamed-3-350x90.gif 350w, https:\/\/tvmasmagazine.com\/wp-content\/uploads\/2023\/05\/unnamed-3-150x38.gif 150w\" sizes=\"auto, (max-width: 350px) 100vw, 350px\" \/><\/a><\/p>\n<p>Redacci\u00f3n TVMAS<\/p>","protected":false},"excerpt":{"rendered":"<p>EVENTOS | NEGOCIOS | CONTENIDOS AUDIOVISUALES | STREAMING MIP \u00c1frica 2025 se celebrar\u00e1 del 1 al 3 de septiembre en <a class=\"more-link\" href=\"https:\/\/tvmasmagazine.com\/es\/2025\/07\/22\/fame-week-y-mip-africa-tienen-todo-listo-para-septiembre\/\">&#8230;<\/a><\/p>\n","protected":false},"author":1,"featured_media":69324,"comment_status":"open","ping_status":"closed","sticky":false,"template":"","format":"standard","meta":{"footnotes":""},"categories":[15,80,73,79,47],"tags":[],"class_list":["post-69323","post","type-post","status-publish","format-standard","has-post-thumbnail","hentry","category-cine","category-ott","category-telenovelas-series","category-tv-abierta","category-tv-de-pagp"],"_links":{"self":[{"href":"https:\/\/tvmasmagazine.com\/es\/wp-json\/wp\/v2\/posts\/69323","targetHints":{"allow":["GET"]}}],"collection":[{"href":"https:\/\/tvmasmagazine.com\/es\/wp-json\/wp\/v2\/posts"}],"about":[{"href":"https:\/\/tvmasmagazine.com\/es\/wp-json\/wp\/v2\/types\/post"}],"author":[{"embeddable":true,"href":"https:\/\/tvmasmagazine.com\/es\/wp-json\/wp\/v2\/users\/1"}],"replies":[{"embeddable":true,"href":"https:\/\/tvmasmagazine.com\/es\/wp-json\/wp\/v2\/comments?post=69323"}],"version-history":[{"count":1,"href":"https:\/\/tvmasmagazine.com\/es\/wp-json\/wp\/v2\/posts\/69323\/revisions"}],"predecessor-version":[{"id":69325,"href":"https:\/\/tvmasmagazine.com\/es\/wp-json\/wp\/v2\/posts\/69323\/revisions\/69325"}],"wp:featuredmedia":[{"embeddable":true,"href":"https:\/\/tvmasmagazine.com\/es\/wp-json\/wp\/v2\/media\/69324"}],"wp:attachment":[{"href":"https:\/\/tvmasmagazine.com\/es\/wp-json\/wp\/v2\/media?parent=69323"}],"wp:term":[{"taxonomy":"category","embeddable":true,"href":"https:\/\/tvmasmagazine.com\/es\/wp-json\/wp\/v2\/categories?post=69323"},{"taxonomy":"post_tag","embeddable":true,"href":"https:\/\/tvmasmagazine.com\/es\/wp-json\/wp\/v2\/tags?post=69323"}],"curies":[{"name":"wp","href":"https:\/\/api.w.org\/{rel}","templated":true}]}}