{"id":69326,"date":"2025-07-22T19:33:48","date_gmt":"2025-07-22T22:33:48","guid":{"rendered":"https:\/\/tvmasmagazine.com\/?p=69326"},"modified":"2025-07-22T19:33:48","modified_gmt":"2025-07-22T22:33:48","slug":"importante-mip-junior-y-mipcom-cannes-anuncian-participacion-de-youtube-en-2025","status":"publish","type":"post","link":"https:\/\/tvmasmagazine.com\/es\/2025\/07\/22\/importante-mip-junior-y-mipcom-cannes-anuncian-participacion-de-youtube-en-2025\/","title":{"rendered":"IMPORTANTE. MIP Junior y MIPCOM CANNES anuncian participaci\u00f3n de YouTube en 2025"},"content":{"rendered":"<p><strong><span style=\"color: #ff0000;\">EVENTOS | NEGOCIOS | CONTENIDOS AUDIOVISUALES | CANALES FAST | STREAMING<\/span><\/strong><\/p>\n<p><img loading=\"lazy\" decoding=\"async\" class=\"aligncenter size-full wp-image-69328\" src=\"https:\/\/tvmasmagazine.com\/wp-content\/uploads\/2025\/07\/MIPCOM-2025-FOTO-CON-LOGO-YOUTUBE-1.png\" alt=\"\" width=\"1920\" height=\"1080\" srcset=\"https:\/\/tvmasmagazine.com\/wp-content\/uploads\/2025\/07\/MIPCOM-2025-FOTO-CON-LOGO-YOUTUBE-1.png 1920w, https:\/\/tvmasmagazine.com\/wp-content\/uploads\/2025\/07\/MIPCOM-2025-FOTO-CON-LOGO-YOUTUBE-1-350x197.png 350w, https:\/\/tvmasmagazine.com\/wp-content\/uploads\/2025\/07\/MIPCOM-2025-FOTO-CON-LOGO-YOUTUBE-1-1024x576.png 1024w, https:\/\/tvmasmagazine.com\/wp-content\/uploads\/2025\/07\/MIPCOM-2025-FOTO-CON-LOGO-YOUTUBE-1-150x84.png 150w, https:\/\/tvmasmagazine.com\/wp-content\/uploads\/2025\/07\/MIPCOM-2025-FOTO-CON-LOGO-YOUTUBE-1-768x432.png 768w, https:\/\/tvmasmagazine.com\/wp-content\/uploads\/2025\/07\/MIPCOM-2025-FOTO-CON-LOGO-YOUTUBE-1-1536x864.png 1536w\" sizes=\"auto, (max-width: 1920px) 100vw, 1920px\" \/><\/p>\n<p><strong><span style=\"color: #000080;\">El objetivo es llevar la econom\u00eda global de los creadores al coraz\u00f3n del mayor mercado televisivo del mundo en octubre.<\/span><\/strong><\/p>\n<p>La plataforma tendr\u00e1 la primera gran presencia en la pr\u00f3xima 41.\u00aa edici\u00f3n del mayor mercado mundial de contenidos televisivos y en streaming (el 11-12 MIP Junior y del 13 al 16 \u00a0de octubre MIPCOM 2025), como parte de su estrategia de expansi\u00f3n hacia la industria televisiva global.<\/p>\n<p><strong>Pedro Pina, vicepresidente de YouTube EMEA,<\/strong> estar\u00e1 en el Gran Auditorio, y talleres diarios y eventos organizados para celebrar el aniversario, que se llevar\u00e1 a cabo en Mip Junior y MIPCOM CANNES 2025.<\/p>\n<p style=\"text-align: center; margin-bottom: -11px; font-size: 11px;\">Publicidad<\/p>\n<p><a href=\"https:\/\/intermedya.tv\/\"><img loading=\"lazy\" decoding=\"async\" class=\"aligncenter wp-image-69041 size-full\" src=\"https:\/\/tvmasmagazine.com\/wp-content\/uploads\/2025\/04\/banner_intermedya_345x100_EsrefRuya_ValleyOfHearts.gif\" alt=\"\" width=\"345\" height=\"100\" \/><\/a><\/p>\n<p><span style=\"color: #ff0000;\"><strong><em>La Econom\u00eda de los Creadores<\/em><\/strong><strong> es<\/strong><\/span> el tema principal y la presencia de YouTube coincide con una serie de nuevas iniciativas en el mercado, dise\u00f1adas para cerrar la brecha y abrir nuevas oportunidades y acuerdos entre creadores digitales, productores de televisi\u00f3n, plataformas, distribuidores y marcas en la edici\u00f3n de 2025.<\/p>\n<div id=\"attachment_68084\" style=\"width: 490px\" class=\"wp-caption aligncenter\"><img loading=\"lazy\" decoding=\"async\" aria-describedby=\"caption-attachment-68084\" class=\"size-full wp-image-68084\" src=\"https:\/\/tvmasmagazine.com\/wp-content\/uploads\/2024\/04\/LUCY-SMITH-MIPTV-Y-MIPCOM.jpg\" alt=\"\" width=\"480\" height=\"721\" srcset=\"https:\/\/tvmasmagazine.com\/wp-content\/uploads\/2024\/04\/LUCY-SMITH-MIPTV-Y-MIPCOM.jpg 480w, https:\/\/tvmasmagazine.com\/wp-content\/uploads\/2024\/04\/LUCY-SMITH-MIPTV-Y-MIPCOM-233x350.jpg 233w, https:\/\/tvmasmagazine.com\/wp-content\/uploads\/2024\/04\/LUCY-SMITH-MIPTV-Y-MIPCOM-100x150.jpg 100w\" sizes=\"auto, (max-width: 480px) 100vw, 480px\" \/><p id=\"caption-attachment-68084\" class=\"wp-caption-text\">Lucy Smith, directora de MIPCOM CANNES y MIPJUNIOR<\/p><\/div>\n<p>\u00ab2025 es sin duda el a\u00f1o de la &#8216;econom\u00eda global de los creadores&#8217; y nos enorgullece dar la bienvenida a YouTube en su 20.\u00ba aniversario, ya que refuerza cada vez m\u00e1s las colaboraciones en la industria televisiva internacional\u00bb, declar\u00f3 <strong>Lucy Smith, directora de MIPCOM CANNES y MIPJUNIOR<\/strong>.<\/p>\n<p style=\"text-align: center; margin-bottom: -11px; font-size: 11px;\">Publicidad<\/p>\n<p><a href=\"https:\/\/condista.com\/\"><img loading=\"lazy\" decoding=\"async\" class=\"aligncenter wp-image-68916 size-full\" src=\"https:\/\/tvmasmagazine.com\/wp-content\/uploads\/2025\/02\/banner-condista.jpg\" alt=\"\" width=\"345\" height=\"100\" srcset=\"https:\/\/tvmasmagazine.com\/wp-content\/uploads\/2025\/02\/banner-condista.jpg 345w, https:\/\/tvmasmagazine.com\/wp-content\/uploads\/2025\/02\/banner-condista-150x43.jpg 150w\" sizes=\"auto, (max-width: 345px) 100vw, 345px\" \/><\/a><\/p>\n<div id=\"attachment_69329\" style=\"width: 484px\" class=\"wp-caption aligncenter\"><img loading=\"lazy\" decoding=\"async\" aria-describedby=\"caption-attachment-69329\" class=\"size-full wp-image-69329\" src=\"https:\/\/tvmasmagazine.com\/wp-content\/uploads\/2025\/07\/PEDRO-PINA-YOUTUBE-EMEA-OK.webp\" alt=\"Pedro Pina, vicepresidente de YouTube EMEA,\" width=\"474\" height=\"295\" srcset=\"https:\/\/tvmasmagazine.com\/wp-content\/uploads\/2025\/07\/PEDRO-PINA-YOUTUBE-EMEA-OK.webp 474w, https:\/\/tvmasmagazine.com\/wp-content\/uploads\/2025\/07\/PEDRO-PINA-YOUTUBE-EMEA-OK-350x218.webp 350w, https:\/\/tvmasmagazine.com\/wp-content\/uploads\/2025\/07\/PEDRO-PINA-YOUTUBE-EMEA-OK-150x93.webp 150w\" sizes=\"auto, (max-width: 474px) 100vw, 474px\" \/><p id=\"caption-attachment-69329\" class=\"wp-caption-text\">Pedro Pina, vicepresidente de YouTube EMEA,<\/p><\/div>\n<p><strong>Pedro Pina, vicepresidente de YouTube EMEA,<\/strong> coment\u00f3: \u00abEsta alianza con MIPCOM CANNES marca un hito significativo al celebrar nuestro 20.\u00ba aniversario. Es una decisi\u00f3n estrat\u00e9gica para impulsar nuestras colaboraciones internacionales en televisi\u00f3n y demostrar el papel de YouTube en el apoyo a las empresas de medios en un contexto de consumo de contenido en constante evoluci\u00f3n\u00bb.<\/p>\n<p style=\"text-align: center; margin-bottom: -11px; font-size: 11px;\">Publicidad<\/p>\n<p><a href=\"https:\/\/welove-entertainment.com\"><img loading=\"lazy\" decoding=\"async\" class=\"aligncenter wp-image-69229 size-medium\" src=\"https:\/\/tvmasmagazine.com\/wp-content\/uploads\/2025\/06\/Desiguales-345-x-100-350x101.jpg\" alt=\"\" width=\"350\" height=\"101\" srcset=\"https:\/\/tvmasmagazine.com\/wp-content\/uploads\/2025\/06\/Desiguales-345-x-100-350x101.jpg 350w, https:\/\/tvmasmagazine.com\/wp-content\/uploads\/2025\/06\/Desiguales-345-x-100-150x43.jpg 150w, https:\/\/tvmasmagazine.com\/wp-content\/uploads\/2025\/06\/Desiguales-345-x-100.jpg 518w\" sizes=\"auto, (max-width: 350px) 100vw, 350px\" \/><\/a><\/p>\n<p><a href=\"https:\/\/dicm.ae\/\"><img loading=\"lazy\" decoding=\"async\" class=\"aligncenter wp-image-69138 size-medium\" src=\"https:\/\/tvmasmagazine.com\/wp-content\/uploads\/2025\/04\/banner-dcim-dubai-560-x-150-px-350x94.png\" alt=\"\" width=\"350\" height=\"94\" srcset=\"https:\/\/tvmasmagazine.com\/wp-content\/uploads\/2025\/04\/banner-dcim-dubai-560-x-150-px-350x94.png 350w, https:\/\/tvmasmagazine.com\/wp-content\/uploads\/2025\/04\/banner-dcim-dubai-560-x-150-px-150x40.png 150w, https:\/\/tvmasmagazine.com\/wp-content\/uploads\/2025\/04\/banner-dcim-dubai-560-x-150-px.png 560w\" sizes=\"auto, (max-width: 350px) 100vw, 350px\" \/><\/a><\/p>\n<p>Redacci\u00f3n TVMAS<\/p>\n<p>&nbsp;<\/p>","protected":false},"excerpt":{"rendered":"<p>EVENTOS | NEGOCIOS | CONTENIDOS AUDIOVISUALES | CANALES FAST | STREAMING El objetivo es llevar la econom\u00eda global de los <a class=\"more-link\" href=\"https:\/\/tvmasmagazine.com\/es\/2025\/07\/22\/importante-mip-junior-y-mipcom-cannes-anuncian-participacion-de-youtube-en-2025\/\">&#8230;<\/a><\/p>\n","protected":false},"author":1,"featured_media":69328,"comment_status":"open","ping_status":"closed","sticky":false,"template":"","format":"standard","meta":{"footnotes":""},"categories":[15,80,73,17,79,47],"tags":[],"class_list":["post-69326","post","type-post","status-publish","format-standard","has-post-thumbnail","hentry","category-cine","category-ott","category-telenovelas-series","category-television","category-tv-abierta","category-tv-de-pagp"],"_links":{"self":[{"href":"https:\/\/tvmasmagazine.com\/es\/wp-json\/wp\/v2\/posts\/69326","targetHints":{"allow":["GET"]}}],"collection":[{"href":"https:\/\/tvmasmagazine.com\/es\/wp-json\/wp\/v2\/posts"}],"about":[{"href":"https:\/\/tvmasmagazine.com\/es\/wp-json\/wp\/v2\/types\/post"}],"author":[{"embeddable":true,"href":"https:\/\/tvmasmagazine.com\/es\/wp-json\/wp\/v2\/users\/1"}],"replies":[{"embeddable":true,"href":"https:\/\/tvmasmagazine.com\/es\/wp-json\/wp\/v2\/comments?post=69326"}],"version-history":[{"count":2,"href":"https:\/\/tvmasmagazine.com\/es\/wp-json\/wp\/v2\/posts\/69326\/revisions"}],"predecessor-version":[{"id":69331,"href":"https:\/\/tvmasmagazine.com\/es\/wp-json\/wp\/v2\/posts\/69326\/revisions\/69331"}],"wp:featuredmedia":[{"embeddable":true,"href":"https:\/\/tvmasmagazine.com\/es\/wp-json\/wp\/v2\/media\/69328"}],"wp:attachment":[{"href":"https:\/\/tvmasmagazine.com\/es\/wp-json\/wp\/v2\/media?parent=69326"}],"wp:term":[{"taxonomy":"category","embeddable":true,"href":"https:\/\/tvmasmagazine.com\/es\/wp-json\/wp\/v2\/categories?post=69326"},{"taxonomy":"post_tag","embeddable":true,"href":"https:\/\/tvmasmagazine.com\/es\/wp-json\/wp\/v2\/tags?post=69326"}],"curies":[{"name":"wp","href":"https:\/\/api.w.org\/{rel}","templated":true}]}}