{"id":69341,"date":"2025-08-06T09:02:56","date_gmt":"2025-08-06T12:02:56","guid":{"rendered":"https:\/\/tvmasmagazine.com\/?p=69341"},"modified":"2025-08-06T09:11:04","modified_gmt":"2025-08-06T12:11:04","slug":"mip-africa-globo-y-cote-ouest-mediawan-africa-reafirman-alianza","status":"publish","type":"post","link":"https:\/\/tvmasmagazine.com\/es\/2025\/08\/06\/mip-africa-globo-y-cote-ouest-mediawan-africa-reafirman-alianza\/","title":{"rendered":"MIP AFRICA. GLOBO Y C\u00d4TE OUEST (MEDIAWAN AFRICA) reafirman alianza"},"content":{"rendered":"<p><strong><span style=\"color: #ff0000;\">EVENTOS | NEGOCIOS | CONTENIDOS<\/span><\/strong><\/p>\n<p style=\"text-align: center; margin-bottom: -11px; font-size: 11px;\">Publicidad<\/p>\n<p><a href=\"https:\/\/intermedya.tv\/\"><img loading=\"lazy\" decoding=\"async\" class=\"aligncenter wp-image-69041 size-full\" src=\"https:\/\/tvmasmagazine.com\/wp-content\/uploads\/2025\/04\/banner_intermedya_345x100_EsrefRuya_ValleyOfHearts.gif\" alt=\"\" width=\"345\" height=\"100\" \/><\/a><\/p>\n<p><span style=\"color: #000080;\"><strong>Estar\u00e1n por segundo a\u00f1o en la 4.\u00aa edici\u00f3n de MIP AFRICA, del 1 al 3 de septiembre de 2025 en el Cape Town International Convention Centre (CTICC 2), en Ciudad del Cabo, Sud\u00e1frica. TVMAS es Media Partner<\/strong><\/span><\/p>\n<p><span style=\"color: #000080;\"><strong>Este evento imperdible, re\u00fane a productores, emisoras, plataformas y operadores econ\u00f3micos para celebrar alianzas, amplificar presencia y destacar la diversidad de los contenidos.<\/strong><\/span><\/p>\n<p>M\u00e1s de 25 a\u00f1os, Globo y C\u00f4te Ouest han forjado una alianza exclusiva en \u00c1frica. C\u00f4te Ouest ha adquirido m\u00e1s de 9.000 horas de contenido premium de Globo. <strong><span style=\"color: #ff0000;\">El\u00a0 doblaje al franc\u00e9s e ingl\u00e9s por el estudio interno de C\u00f4te Ouest, Studio1<\/span>,<\/strong> o por proveedores externos, se distribuye en m\u00e1s de 77 pa\u00edses de \u00c1frica y otros territorios.<\/p>\n<p style=\"text-align: center; margin-bottom: -11px; font-size: 11px;\">Publicidad<\/p>\n<p><a href=\"https:\/\/www.mipcom.com\/en-gb\/visit.html?utm_source=mipcom25_tvmas&amp;utm_medium=barter_website&amp;utm_campaign=mipcom25_eb\"><img loading=\"lazy\" decoding=\"async\" class=\"aligncenter wp-image-69333 size-full\" src=\"https:\/\/tvmasmagazine.com\/wp-content\/uploads\/2025\/08\/TVMAS_345x100.jpg\" alt=\"\" width=\"345\" height=\"100\" srcset=\"https:\/\/tvmasmagazine.com\/wp-content\/uploads\/2025\/08\/TVMAS_345x100.jpg 345w, https:\/\/tvmasmagazine.com\/wp-content\/uploads\/2025\/08\/TVMAS_345x100-150x43.jpg 150w\" sizes=\"auto, (max-width: 345px) 100vw, 345px\" \/><\/a><\/p>\n<div id=\"attachment_69344\" style=\"width: 510px\" class=\"wp-caption aligncenter\"><img loading=\"lazy\" decoding=\"async\" aria-describedby=\"caption-attachment-69344\" class=\"size-full wp-image-69344\" src=\"https:\/\/tvmasmagazine.com\/wp-content\/uploads\/2025\/08\/JONATHAN-LETT-COTE-QUEST-OK.jpeg\" alt=\"Jonathan Lett\" width=\"500\" height=\"500\" srcset=\"https:\/\/tvmasmagazine.com\/wp-content\/uploads\/2025\/08\/JONATHAN-LETT-COTE-QUEST-OK.jpeg 500w, https:\/\/tvmasmagazine.com\/wp-content\/uploads\/2025\/08\/JONATHAN-LETT-COTE-QUEST-OK-350x350.jpeg 350w, https:\/\/tvmasmagazine.com\/wp-content\/uploads\/2025\/08\/JONATHAN-LETT-COTE-QUEST-OK-150x150.jpeg 150w\" sizes=\"auto, (max-width: 500px) 100vw, 500px\" \/><p id=\"caption-attachment-69344\" class=\"wp-caption-text\">Jonathan Lett<\/p><\/div>\n<p><strong>Jonathan Lett, Director General de C\u00f4te Ouest<\/strong>: \u201cEstamos contentos de compartir el mismo stand con nuestro socio Globo. Esta sinergia es natural, especialmente considerando que \u00c1frica y Brasil comparten una historia y un patrimonio cultural comunes. Juntos, queremos presentar contenido cautivador que resuene m\u00e1s all\u00e1 de nuestras fronteras y crear alianzas duraderas\u201d.<\/p>\n<p style=\"text-align: center; margin-bottom: -11px; font-size: 11px;\">Publicidad<\/p>\n<p><a href=\"https:\/\/dicm.ae\/\"><img loading=\"lazy\" decoding=\"async\" class=\"aligncenter wp-image-69138 size-medium\" src=\"https:\/\/tvmasmagazine.com\/wp-content\/uploads\/2025\/04\/banner-dcim-dubai-560-x-150-px-350x94.png\" alt=\"\" width=\"350\" height=\"94\" srcset=\"https:\/\/tvmasmagazine.com\/wp-content\/uploads\/2025\/04\/banner-dcim-dubai-560-x-150-px-350x94.png 350w, https:\/\/tvmasmagazine.com\/wp-content\/uploads\/2025\/04\/banner-dcim-dubai-560-x-150-px-150x40.png 150w, https:\/\/tvmasmagazine.com\/wp-content\/uploads\/2025\/04\/banner-dcim-dubai-560-x-150-px.png 560w\" sizes=\"auto, (max-width: 350px) 100vw, 350px\" \/><\/a><\/p>\n<div id=\"attachment_69345\" style=\"width: 630px\" class=\"wp-caption aligncenter\"><img loading=\"lazy\" decoding=\"async\" aria-describedby=\"caption-attachment-69345\" class=\"size-full wp-image-69345\" src=\"https:\/\/tvmasmagazine.com\/wp-content\/uploads\/2025\/08\/rodrigo-nascimento_globo.jpg\" alt=\"Rodrigo Nascimento\" width=\"620\" height=\"620\" srcset=\"https:\/\/tvmasmagazine.com\/wp-content\/uploads\/2025\/08\/rodrigo-nascimento_globo.jpg 620w, https:\/\/tvmasmagazine.com\/wp-content\/uploads\/2025\/08\/rodrigo-nascimento_globo-350x350.jpg 350w, https:\/\/tvmasmagazine.com\/wp-content\/uploads\/2025\/08\/rodrigo-nascimento_globo-150x150.jpg 150w\" sizes=\"auto, (max-width: 620px) 100vw, 620px\" \/><p id=\"caption-attachment-69345\" class=\"wp-caption-text\">Rodrigo Nascimento<\/p><\/div>\n<p><strong>Rodrigo Nascimento<\/strong><strong>, Jefe de Ventas Internacionales &#8211; EMEA de Globo<\/strong>: \u201cGlobo y C\u00f4te Ouest tienen una alianza de larga data, y estamos encantados de fortalecer estos lazos en MIP Africa. El continente es un territorio importante para Globo, ya que conecta con nuestras historias, telenovelas y series\u201d. C\u00f4te Ouest forma parte del grupo MEDIAWAN desde mayo de 2023.<\/p>\n<p style=\"text-align: center; margin-bottom: -11px; font-size: 11px;\">Publicidad<\/p>\n<p><a href=\"https:\/\/www.fameweekafrica.com\/mip-africa\/en-gb.html\"><img loading=\"lazy\" decoding=\"async\" class=\"aligncenter wp-image-69335 size-medium\" src=\"https:\/\/tvmasmagazine.com\/wp-content\/uploads\/2025\/08\/MIP_Fame-345x100-1-350x101.jpg\" alt=\"\" width=\"350\" height=\"101\" srcset=\"https:\/\/tvmasmagazine.com\/wp-content\/uploads\/2025\/08\/MIP_Fame-345x100-1-350x101.jpg 350w, https:\/\/tvmasmagazine.com\/wp-content\/uploads\/2025\/08\/MIP_Fame-345x100-1-1024x297.jpg 1024w, https:\/\/tvmasmagazine.com\/wp-content\/uploads\/2025\/08\/MIP_Fame-345x100-1-150x43.jpg 150w, https:\/\/tvmasmagazine.com\/wp-content\/uploads\/2025\/08\/MIP_Fame-345x100-1-768x223.jpg 768w, https:\/\/tvmasmagazine.com\/wp-content\/uploads\/2025\/08\/MIP_Fame-345x100-1.jpg 1438w\" sizes=\"auto, (max-width: 350px) 100vw, 350px\" \/><\/a><\/p>\n<p>Nos vemos en MIP AFRICA y FAME WEEK donde este medio TVMAS es socio estrat\u00e9gico, en otras palabras, \u00a0Media Partner desde hace tres a\u00f1os.<\/p>\n<p style=\"text-align: center; margin-bottom: -11px; font-size: 11px;\">Publicidad<a href=\"https:\/\/www.mipcancun.com\/en-gb\/attend.html?utm_source=mipcancun2025_tvmas&amp;utm_medium=barter_website&amp;utm_campaign=mipcancun2025_generic\" target=\"_blank\" rel=\"noopener\"><img loading=\"lazy\" decoding=\"async\" class=\"aligncenter size-full wp-image-69334\" src=\"https:\/\/tvmasmagazine.com\/wp-content\/uploads\/2025\/08\/TVMAS_345x100_MIPCANCUN.jpg\" alt=\"\" width=\"345\" height=\"100\" srcset=\"https:\/\/tvmasmagazine.com\/wp-content\/uploads\/2025\/08\/TVMAS_345x100_MIPCANCUN.jpg 345w, https:\/\/tvmasmagazine.com\/wp-content\/uploads\/2025\/08\/TVMAS_345x100_MIPCANCUN-150x43.jpg 150w\" sizes=\"auto, (max-width: 345px) 100vw, 345px\" \/><\/a><\/p>\n<p>Redacci\u00f3n TVMAS<\/p>","protected":false},"excerpt":{"rendered":"<p>EVENTOS | NEGOCIOS | CONTENIDOS Publicidad Estar\u00e1n por segundo a\u00f1o en la 4.\u00aa edici\u00f3n de MIP AFRICA, del 1 al <a class=\"more-link\" href=\"https:\/\/tvmasmagazine.com\/es\/2025\/08\/06\/mip-africa-globo-y-cote-ouest-mediawan-africa-reafirman-alianza\/\">&#8230;<\/a><\/p>\n","protected":false},"author":1,"featured_media":69344,"comment_status":"open","ping_status":"closed","sticky":false,"template":"","format":"standard","meta":{"footnotes":""},"categories":[15,49,40,244,11,80,73,17,79,47],"tags":[],"class_list":["post-69341","post","type-post","status-publish","format-standard","has-post-thumbnail","hentry","category-cine","category-entrevistas","category-estrenos-old","category-eventos","category-negocios","category-ott","category-telenovelas-series","category-television","category-tv-abierta","category-tv-de-pagp"],"_links":{"self":[{"href":"https:\/\/tvmasmagazine.com\/es\/wp-json\/wp\/v2\/posts\/69341","targetHints":{"allow":["GET"]}}],"collection":[{"href":"https:\/\/tvmasmagazine.com\/es\/wp-json\/wp\/v2\/posts"}],"about":[{"href":"https:\/\/tvmasmagazine.com\/es\/wp-json\/wp\/v2\/types\/post"}],"author":[{"embeddable":true,"href":"https:\/\/tvmasmagazine.com\/es\/wp-json\/wp\/v2\/users\/1"}],"replies":[{"embeddable":true,"href":"https:\/\/tvmasmagazine.com\/es\/wp-json\/wp\/v2\/comments?post=69341"}],"version-history":[{"count":3,"href":"https:\/\/tvmasmagazine.com\/es\/wp-json\/wp\/v2\/posts\/69341\/revisions"}],"predecessor-version":[{"id":69346,"href":"https:\/\/tvmasmagazine.com\/es\/wp-json\/wp\/v2\/posts\/69341\/revisions\/69346"}],"wp:featuredmedia":[{"embeddable":true,"href":"https:\/\/tvmasmagazine.com\/es\/wp-json\/wp\/v2\/media\/69344"}],"wp:attachment":[{"href":"https:\/\/tvmasmagazine.com\/es\/wp-json\/wp\/v2\/media?parent=69341"}],"wp:term":[{"taxonomy":"category","embeddable":true,"href":"https:\/\/tvmasmagazine.com\/es\/wp-json\/wp\/v2\/categories?post=69341"},{"taxonomy":"post_tag","embeddable":true,"href":"https:\/\/tvmasmagazine.com\/es\/wp-json\/wp\/v2\/tags?post=69341"}],"curies":[{"name":"wp","href":"https:\/\/api.w.org\/{rel}","templated":true}]}}