{"id":69359,"date":"2025-09-02T12:54:52","date_gmt":"2025-09-02T15:54:52","guid":{"rendered":"https:\/\/tvmasmagazine.com\/?p=69359"},"modified":"2025-11-27T21:07:37","modified_gmt":"2025-11-28T00:07:37","slug":"natpe-budapest-2026-confirma-nuevas-fechas","status":"publish","type":"post","link":"https:\/\/tvmasmagazine.com\/es\/2025\/09\/02\/natpe-budapest-2026-confirma-nuevas-fechas\/","title":{"rendered":"NATPE BUDAPEST 2026 confirma nuevas fechas"},"content":{"rendered":"<p><span style=\"color: #ff0000;\">EVENTOS | NEGOCIOS | CONTENIDOS AUDIOVISUALES<\/span><\/p>\n<ul>\n<li><span style=\"color: #3366ff;\">El evento traslada las fechas para la primavera del 27 al 29 de abril de 2026 y suma dos nuevos miembros a la junta directiva reforzando su crecimiento estrat\u00e9gico y liderazgo en la regi\u00f3n de Europa Central y Oriental<\/span><\/li>\n<li><span style=\"color: #3366ff;\">\u201cNosotros escuchamos y estamos actuando\u00bb, declar\u00f3 <strong>Claire Macdonald, directora ejecutiva de NATPE<\/strong>.\u00a0<\/span><\/li>\n<\/ul>\n<div id=\"attachment_69360\" style=\"width: 1801px\" class=\"wp-caption aligncenter\"><img loading=\"lazy\" decoding=\"async\" aria-describedby=\"caption-attachment-69360\" class=\"size-full wp-image-69360\" src=\"https:\/\/tvmasmagazine.com\/wp-content\/uploads\/2025\/09\/Claire-Macdonald-NUEVA-Credit-Daniel-Vegel.jpg\" alt=\"Claire Macdonald, directora ejecutiva de NATPE.\" width=\"1791\" height=\"1335\" srcset=\"https:\/\/tvmasmagazine.com\/wp-content\/uploads\/2025\/09\/Claire-Macdonald-NUEVA-Credit-Daniel-Vegel.jpg 1791w, https:\/\/tvmasmagazine.com\/wp-content\/uploads\/2025\/09\/Claire-Macdonald-NUEVA-Credit-Daniel-Vegel-350x261.jpg 350w, https:\/\/tvmasmagazine.com\/wp-content\/uploads\/2025\/09\/Claire-Macdonald-NUEVA-Credit-Daniel-Vegel-1024x763.jpg 1024w, https:\/\/tvmasmagazine.com\/wp-content\/uploads\/2025\/09\/Claire-Macdonald-NUEVA-Credit-Daniel-Vegel-150x112.jpg 150w, https:\/\/tvmasmagazine.com\/wp-content\/uploads\/2025\/09\/Claire-Macdonald-NUEVA-Credit-Daniel-Vegel-768x572.jpg 768w, https:\/\/tvmasmagazine.com\/wp-content\/uploads\/2025\/09\/Claire-Macdonald-NUEVA-Credit-Daniel-Vegel-1536x1145.jpg 1536w\" sizes=\"auto, (max-width: 1791px) 100vw, 1791px\" \/><p id=\"caption-attachment-69360\" class=\"wp-caption-text\">Claire Macdonald, directora ejecutiva de NATPE. Foto: Daniel Vegel.<\/p><\/div>\n<p>NATPE Budapest, el principal mercado mundial de televisi\u00f3n que opera en la regi\u00f3n de Europa Central y Oriental (CEE), se reposiciona en el calendario de la industria y se celebrar\u00e1 del 27 al 29 de abril de 2026, dos meses antes de la convocatoria de junio. El mercado regresar\u00e1 al <strong>InterContinental Budapest,<\/strong> con proyecciones exclusivas y sesiones de alto nivel, una vez m\u00e1s en el cercano <strong>Hotel Dorothea<\/strong>, manteniendo la filosof\u00eda distintiva de NATPE: acceso prioritario para empresas, presentaciones de contenido premium y networking especializado.<\/p>\n<p><a href=\"https:\/\/intermedya.tv\/\" target=\"_blank\" rel=\"noopener\"><img loading=\"lazy\" decoding=\"async\" class=\"aligncenter wp-image-69041 size-full\" src=\"https:\/\/tvmasmagazine.com\/wp-content\/uploads\/2025\/04\/banner_intermedya_345x100_EsrefRuya_ValleyOfHearts.gif\" alt=\"Inter Medya\" width=\"345\" height=\"100\" \/><\/a><\/p>\n<p>El cambio a abril se debe principalmente a los comentarios de compradores y expositores, cuyas agendas y necesidades cambiantes son fundamentales para el \u00e9xito de cualquier mercado global de contenido. Al programar NATPE Budapest antes de la cada vez m\u00e1s concurrida ventana de junio, las nuevas fechas se ajustan mejor a los ciclos de planificaci\u00f3n de los compradores y a las demandas de viaje, lo que garantiza una mayor asistencia, un flujo de negocios m\u00e1s temprano y un entorno m\u00e1s productivo para todos los participantes.<\/p>\n<p>\u00abEscuchamos y estamos actuando\u00bb, declar\u00f3 <strong>Claire Macdonald, directora ejecutiva de NATPE<\/strong><strong>. <\/strong>\u00abTras una edici\u00f3n excepcional en 2025, qued\u00f3 claro que trasladar NATPE Budapest a abril ofrece a compradores y socios una valiosa ventaja. Los compradores son el motor de cualquier mercado de ventas, y NATPE Budapest es donde se concretan las verdaderas negociaciones, no solo las conversaciones. Este adelanto maximiza la eficiencia, impulsa el flujo de negocios y refuerza el papel de NATPE Budapest como el evento m\u00e1s orientado a los negocios de la regi\u00f3n de Europa Central y Oriental. Este cambio refleja nuestro compromiso continuo con la creaci\u00f3n de la plataforma m\u00e1s \u00e1gil y orientada a resultados para la negociaci\u00f3n de contenido\u00bb.<\/p>\n<p>NATPE Budapest es el \u00fanico mercado internacional consolidado dedicado a Europa Central y Oriental. A diferencia de los eventos m\u00e1s recientes centrados en el networking, NATPE Budapest ofrece constantemente lo que la industria m\u00e1s valora: compradores consolidados, proyecciones premium, networking seleccionado y resultados tangibles en la negociaci\u00f3n.<\/p>\n<p><a href=\"https:\/\/www.mipcom.com\/en-gb\/visit.html?utm_source=mipcom25_tvmas&amp;utm_medium=barter_website&amp;utm_campaign=mipcom25_eb\" target=\"_blank\" rel=\"noopener\"><img loading=\"lazy\" decoding=\"async\" class=\"aligncenter wp-image-69363 size-full\" src=\"https:\/\/tvmasmagazine.com\/wp-content\/uploads\/2025\/09\/MIPCOM-2025_345x100.jpg\" alt=\"\" width=\"345\" height=\"100\" srcset=\"https:\/\/tvmasmagazine.com\/wp-content\/uploads\/2025\/09\/MIPCOM-2025_345x100.jpg 345w, https:\/\/tvmasmagazine.com\/wp-content\/uploads\/2025\/09\/MIPCOM-2025_345x100-150x43.jpg 150w\" sizes=\"auto, (max-width: 345px) 100vw, 345px\" \/><\/a><\/p>\n<p>Adem\u00e1s, NATPE Budapest refuerza su liderazgo con el nombramiento de dos nuevos miembros de la junta directiva: <strong>Caroline Hurmson, Directora S\u00e9nior de Adquisiciones y Estrategia de Contenido de Antenna Group<\/strong>, y <strong>L\u00e1szl\u00f3 F\u00fcl\u00f6p, Gerente S\u00e9nior de Adquisiciones y Contratos de Canales Infantiles de AMC Networks International<\/strong>. Estos aportar\u00e1n una nueva experiencia y perspectiva para guiar el crecimiento continuo y la estrategia global de la organizaci\u00f3n. Se unen a la junta directiva actual:<\/p>\n<ul>\n<li>Agata Borowiecka, Directora de Adquisici\u00f3n de Derechos de Televisi\u00f3n, Telewizja Polsat<\/li>\n<li>Alina Florea, Directora General, Mappa Mundi Entertainment<\/li>\n<li>Andrea Zaras, Director de Gesti\u00f3n de Contenido, TV2 Media Csoport Zrt<\/li>\n<li>Balazs Szabo, Director de Gesti\u00f3n de Contenido, RTL Hungr\u00eda<\/li>\n<li>Gabor Balogh, Consultor Independiente<\/li>\n<li>Georgi Chakarov, Presidente y Director Ejecutivo, TVBIZZ Group<\/li>\n<li>Iwona Pilgrim, Directora Ejecutiva, Licencias Regionales de Televisi\u00f3n, CEE, Paramount Global Content Distribution<\/li>\n<li>Ralf Bartoleit, Director Ejecutivo, bTV Media Group<\/li>\n<li>Stella Litou, Directora Ejecutiva, Pro Plus Eslovenia y RTL Croacia<\/li>\n<\/ul>\n<p><a href=\"http:\/\/mexicanal.com\"><img loading=\"lazy\" decoding=\"async\" class=\"aligncenter size-full wp-image-69358\" src=\"https:\/\/tvmasmagazine.com\/wp-content\/uploads\/2025\/09\/mexicanal-20-anos_tv-mas_345x100.gif\" alt=\"\" width=\"345\" height=\"100\" \/><\/a><\/p>\n<p><span style=\"color: #ff0000;\"><strong>Realscreen, la autoridad mundial en programaci\u00f3n sin guion y de no ficci\u00f3n,<\/strong><\/span> volver\u00e1 a gestionar una secci\u00f3n de programaci\u00f3n dedicada en NATPE Budapest, para satisfacer la creciente demanda de contenido factual en toda la regi\u00f3n.<\/p>\n<p><strong>El mercado durar\u00e1 tres d\u00edas completos<\/strong>; la programaci\u00f3n y el mercado comenzar\u00e1n el lunes por la ma\u00f1ana y finalizar\u00e1n el mi\u00e9rcoles por la tarde. Aunque los detalles finales sobre las proyecciones en estudio a\u00fan est\u00e1n por confirmar, NATPE Budapest seguir\u00e1 presentando eventos premium dise\u00f1ados para conectar a compradores con contenido y creadores de alto valor, informa el comunicado de prensa.<\/p>\n<p><strong>Esta decisi\u00f3n se produce tras el impulso de NATPE Budapest 2025, que atrajo a m\u00e1s de 750 delegados de m\u00e1s de 65 pa\u00edses<\/strong>, incluyendo <strong>m\u00e1s de<\/strong> <strong>400 compradores y m\u00e1s de 100 expositores y socios<\/strong>, consolidando a\u00fan m\u00e1s la reputaci\u00f3n de NATPE Budapest como el principal mercado de la regi\u00f3n CEE para contenido internacional de televisi\u00f3n y streaming.<\/p>\n<p>Los participantes elogiaron la edici\u00f3n de 2025 por su programaci\u00f3n especializada, la agenda ampliada de conferencias y las nuevas incorporaciones din\u00e1micas como NATPE Honors Europe, mientras que los expositores destacaron el aumento en el volumen y la calidad de las reuniones a lo largo de las experiencias de networking seleccionadas del evento, finaliza la informaci\u00f3n emitida por NATPE GLOBAL.<\/p>","protected":false},"excerpt":{"rendered":"<p>EVENTOS | NEGOCIOS | CONTENIDOS AUDIOVISUALES El evento traslada las fechas para la primavera del 27 al 29 de abril <a class=\"more-link\" href=\"https:\/\/tvmasmagazine.com\/es\/2025\/09\/02\/natpe-budapest-2026-confirma-nuevas-fechas\/\">&#8230;<\/a><\/p>\n","protected":false},"author":1,"featured_media":69360,"comment_status":"open","ping_status":"closed","sticky":false,"template":"","format":"standard","meta":{"footnotes":""},"categories":[87,244,31,35,11,17],"tags":[267,140,120,117,144,137],"class_list":["post-69359","post","type-post","status-publish","format-standard","has-post-thumbnail","hentry","category-caja-principal","category-eventos","category-internacional","category-natpe","category-negocios","category-television","tag-contenidos-audiovisuales","tag-evento","tag-internacional","tag-natpe","tag-negocios","tag-tvmas"],"_links":{"self":[{"href":"https:\/\/tvmasmagazine.com\/es\/wp-json\/wp\/v2\/posts\/69359","targetHints":{"allow":["GET"]}}],"collection":[{"href":"https:\/\/tvmasmagazine.com\/es\/wp-json\/wp\/v2\/posts"}],"about":[{"href":"https:\/\/tvmasmagazine.com\/es\/wp-json\/wp\/v2\/types\/post"}],"author":[{"embeddable":true,"href":"https:\/\/tvmasmagazine.com\/es\/wp-json\/wp\/v2\/users\/1"}],"replies":[{"embeddable":true,"href":"https:\/\/tvmasmagazine.com\/es\/wp-json\/wp\/v2\/comments?post=69359"}],"version-history":[{"count":7,"href":"https:\/\/tvmasmagazine.com\/es\/wp-json\/wp\/v2\/posts\/69359\/revisions"}],"predecessor-version":[{"id":69368,"href":"https:\/\/tvmasmagazine.com\/es\/wp-json\/wp\/v2\/posts\/69359\/revisions\/69368"}],"wp:featuredmedia":[{"embeddable":true,"href":"https:\/\/tvmasmagazine.com\/es\/wp-json\/wp\/v2\/media\/69360"}],"wp:attachment":[{"href":"https:\/\/tvmasmagazine.com\/es\/wp-json\/wp\/v2\/media?parent=69359"}],"wp:term":[{"taxonomy":"category","embeddable":true,"href":"https:\/\/tvmasmagazine.com\/es\/wp-json\/wp\/v2\/categories?post=69359"},{"taxonomy":"post_tag","embeddable":true,"href":"https:\/\/tvmasmagazine.com\/es\/wp-json\/wp\/v2\/tags?post=69359"}],"curies":[{"name":"wp","href":"https:\/\/api.w.org\/{rel}","templated":true}]}}