{"id":69400,"date":"2025-09-09T01:00:52","date_gmt":"2025-09-09T04:00:52","guid":{"rendered":"https:\/\/tvmasmagazine.com\/?p=69400"},"modified":"2025-09-09T02:34:54","modified_gmt":"2025-09-09T05:34:54","slug":"atresplayer-y-disney-anuncian-acuerdo-historico-en-el-mercado-en-espanol","status":"publish","type":"post","link":"https:\/\/tvmasmagazine.com\/es\/2025\/09\/09\/atresplayer-y-disney-anuncian-acuerdo-historico-en-el-mercado-en-espanol\/","title":{"rendered":"Atresplayer y Disney+ anuncian acuerdo hist\u00f3rico en el mercado en espa\u00f1ol"},"content":{"rendered":"<p><strong><span style=\"color: #ff0000;\">ACUERDOS | NEGOCIOS | STREAMING | MERCADOS MUNDIALES<\/span><\/strong><\/p>\n<div id=\"attachment_69401\" style=\"width: 2570px\" class=\"wp-caption aligncenter\"><img loading=\"lazy\" decoding=\"async\" aria-describedby=\"caption-attachment-69401\" class=\"size-full wp-image-69401\" src=\"https:\/\/tvmasmagazine.com\/wp-content\/uploads\/2025\/09\/ATRESPLAYER-Y-DISNEY-FIRMAN-ACUEREDO-FOTO-DOS-scaled.jpg\" alt=\"\" width=\"2560\" height=\"1516\" srcset=\"https:\/\/tvmasmagazine.com\/wp-content\/uploads\/2025\/09\/ATRESPLAYER-Y-DISNEY-FIRMAN-ACUEREDO-FOTO-DOS-scaled.jpg 2560w, https:\/\/tvmasmagazine.com\/wp-content\/uploads\/2025\/09\/ATRESPLAYER-Y-DISNEY-FIRMAN-ACUEREDO-FOTO-DOS-350x207.jpg 350w, https:\/\/tvmasmagazine.com\/wp-content\/uploads\/2025\/09\/ATRESPLAYER-Y-DISNEY-FIRMAN-ACUEREDO-FOTO-DOS-1024x606.jpg 1024w, https:\/\/tvmasmagazine.com\/wp-content\/uploads\/2025\/09\/ATRESPLAYER-Y-DISNEY-FIRMAN-ACUEREDO-FOTO-DOS-150x89.jpg 150w, https:\/\/tvmasmagazine.com\/wp-content\/uploads\/2025\/09\/ATRESPLAYER-Y-DISNEY-FIRMAN-ACUEREDO-FOTO-DOS-768x455.jpg 768w, https:\/\/tvmasmagazine.com\/wp-content\/uploads\/2025\/09\/ATRESPLAYER-Y-DISNEY-FIRMAN-ACUEREDO-FOTO-DOS-1536x909.jpg 1536w, https:\/\/tvmasmagazine.com\/wp-content\/uploads\/2025\/09\/ATRESPLAYER-Y-DISNEY-FIRMAN-ACUEREDO-FOTO-DOS-2048x1213.jpg 2048w\" sizes=\"auto, (max-width: 2560px) 100vw, 2560px\" \/><p id=\"caption-attachment-69401\" class=\"wp-caption-text\">Jos\u00e9 Antonio Ant\u00f3n, director general de Atresmedia Audiovisual y Simon Amselem, consejero delegado The Walt Disney Company Espa\u00f1a&amp;Portugal.<\/p><\/div>\n<ul>\n<li><span style=\"color: #0000ff;\">Este acuerdo sin precedentes entre el grupo l\u00edder de televisi\u00f3n en Espa\u00f1a y la plataforma global de streaming Disney+ ampl\u00edfica la llegada a las audiencias y fortalece los cat\u00e1logos<\/span><\/li>\n<li><span style=\"color: #0000ff;\"><strong>Bardaj\u00ed, CEO de ATRESMEDIA<\/strong> \u201cEsta apuesta forma parte de nuestro modelo y filosof\u00eda desde hace d\u00e9cadas y nos ha permitido alcanzar \u00e9xitos internacionales como \u2018<em>Gran Hotel\u2019, \u2018La Casa de Papel\u2019, \u2018Velvet\u2019, \u2018El Tiempo entre Costuras\u2019, \u2018Vis a Vis\u2019, \u2018Veneno\u2019, \u2018Alba\u2019 <\/em>o <em>\u2018Entre Tierras\u2019<\/em>.<\/span><\/li>\n<\/ul>\n<p><a href=\"https:\/\/intermedya.tv\/\" target=\"_blank\" rel=\"noopener\"><img loading=\"lazy\" decoding=\"async\" class=\"aligncenter wp-image-69041 size-full\" src=\"https:\/\/tvmasmagazine.com\/wp-content\/uploads\/2025\/04\/banner_intermedya_345x100_EsrefRuya_ValleyOfHearts.gif\" alt=\"\" width=\"345\" height=\"100\" \/><\/a><\/p>\n<p>El acuerdo de integraci\u00f3n permite a Disney+ ofrecer a los clientes m\u00e1s de 300 horas anuales de nuevos contenidos de atresplayer incluidas en la suscripci\u00f3n. Para ATRESMEDIA es un paso m\u00e1s en la consolidaci\u00f3n de la plataforma espa\u00f1ola y refuerza la estrategia de colaboraci\u00f3n para distribuir las mejores producciones espa\u00f1olas tanto a nivel nacional como internacional<\/p>\n<p>A partir de septiembre, los clientes de Disney + tendr\u00e1n acceso a m\u00e1s de <strong>300 horas anuales del contenido<\/strong> producido en Espa\u00f1a que se ir\u00e1 renovando de forma regular, en un espacio dedicado a atresplayer dentro de Disney+.<\/p>\n<p><strong><em>Karl Holmes, director general de Disney+ para EMEA<\/em><\/strong><em>, ha dicho: <\/em>\u201cATRESMEDIA ofrece contenido local de calidad, y a\u00f1adir cientos de horas de este contenido para ver en streaming en Disney+ es una excelente noticia para nuestros clientes en Espa\u00f1a. Este acuerdo refleja nuestro compromiso con la televisi\u00f3n local en toda Europa, incluyendo nuestro reciente acuerdo en el Reino Unido con <strong>ITVX.<\/strong>\u00a0 Esta alianza\u00a0 responde a nuestro objetivo de ofrecer una gran variedad de\u00a0 historias de calidad y relevancia cultural a nuestros clientes, complementando nuestro propio cat\u00e1logo que sigue sumando series originales de Disney+ producidas en Espa\u00f1a como el reciente \u00e9xito <em>\u2018Ladrones: la tiara de santa Agueda\u2019<\/em> <em>\u2018La suerte: una serie de casualidades\u2019<\/em>, que se estrenar\u00e1 en el pr\u00f3ximo <strong>Festival Internacional de San Sebasti\u00e1n<\/strong>, adem\u00e1s de pel\u00edculas y series mundialmente reconocidas <em>como \u2018Lilo &amp; Stitch\u2019<\/em> y \u2018<em>The Bear\u2019<\/em> de FX.\u201d<\/p>\n<p><a href=\"https:\/\/welove-entertainment.com\/\" target=\"_blank\" rel=\"noopener\"><img loading=\"lazy\" decoding=\"async\" class=\"aligncenter wp-image-69229 size-full\" src=\"https:\/\/tvmasmagazine.com\/wp-content\/uploads\/2025\/06\/Desiguales-345-x-100.jpg\" alt=\"\" width=\"518\" height=\"150\" srcset=\"https:\/\/tvmasmagazine.com\/wp-content\/uploads\/2025\/06\/Desiguales-345-x-100.jpg 518w, https:\/\/tvmasmagazine.com\/wp-content\/uploads\/2025\/06\/Desiguales-345-x-100-350x101.jpg 350w, https:\/\/tvmasmagazine.com\/wp-content\/uploads\/2025\/06\/Desiguales-345-x-100-150x43.jpg 150w\" sizes=\"auto, (max-width: 518px) 100vw, 518px\" \/><\/a><\/p>\n<p><strong>Javier Bardaj\u00ed, CEO de ATRESMEDIA <\/strong>dice que \u201cEste acuerdo, consolida nuestro liderazgo y peermite ampliar el alcance de nuestras producciones, promoviendo el talento y la cultura espa\u00f1ola\u201d<strong> ha afirmado Bardaj\u00ed <\/strong>explicando que: \u201cEsta apuesta forma parte de nuestro modelo y filosof\u00eda desde hace d\u00e9cadas y nos ha permitido alcanzar \u00e9xitos internacionales como \u2018Gran Hotel\u2019, \u2018La Casa de Papel\u2019, \u2018Velvet\u2019, \u2018El Tiempo entre Costuras\u2019, \u2018Vis a Vis\u2019, \u2018Veneno\u2019, \u2018Alba\u2019 o \u2018Entre Tierras\u2019 que han marcado y han abierto camino al resto del sector. As\u00ed, confirmamos que atresplayer es la plataforma espa\u00f1ola l\u00edder y h\u00e9roe local en nuestro pa\u00eds, con una trayectoria de crecimiento continuo\u201d.<\/p>\n<p><strong>La OFERTA YA ESTA DISPONIBLE<\/strong><\/p>\n<p>Desde septiembre, Disney+ ofrece series originales de atresplayer como <strong>\u2018Mar afuera\u2019<\/strong> (estreno el 14 de septiembre); programas de entretenimiento de m\u00e1xima audiencia como <strong>\u2018La Voz\u2019<\/strong> o <strong>\u2018Tu cara me suena\u2019<\/strong>. y series de Antena 3 como <strong>\u2018La Encrucijada\u2019<\/strong> o <strong>\u2018Sue\u00f1os de libertad\u2019<\/strong>, as\u00ed como una selecci\u00f3n de series del cat\u00e1logo de ATRESMEDIA, como <strong>\u2018Vis a Vis\u2019, \u2018F\u00edsica o Qu\u00edmica\u2019 o \u2018Aqu\u00ed no hay quien viva\u2019.<\/strong><\/p>\n\n\t\t<style type=\"text\/css\">\n\t\t\t#gallery-1 {\n\t\t\t\tmargin: auto;\n\t\t\t}\n\t\t\t#gallery-1 .gallery-item {\n\t\t\t\tfloat: left;\n\t\t\t\tmargin-top: 10px;\n\t\t\t\ttext-align: center;\n\t\t\t\twidth: 33%;\n\t\t\t}\n\t\t\t#gallery-1 img {\n\t\t\t\tborder: 2px solid #cfcfcf;\n\t\t\t}\n\t\t\t#gallery-1 .gallery-caption {\n\t\t\t\tmargin-left: 0;\n\t\t\t}\n\t\t\t\/* see gallery_shortcode() in wp-includes\/media.php *\/\n\t\t<\/style>\n\t\t<div id='gallery-1' class='gallery galleryid-69400 gallery-columns-3 gallery-size-medium'><dl class='gallery-item'>\n\t\t\t<dt class='gallery-icon landscape'>\n\t\t\t\t<a href='https:\/\/tvmasmagazine.com\/es\/2025\/09\/09\/atresplayer-y-disney-anuncian-acuerdo-historico-en-el-mercado-en-espanol\/atresplayer-y-disney-firman-acueredo-foto-dos\/'><img loading=\"lazy\" decoding=\"async\" width=\"350\" height=\"207\" src=\"https:\/\/tvmasmagazine.com\/wp-content\/uploads\/2025\/09\/ATRESPLAYER-Y-DISNEY-FIRMAN-ACUEREDO-FOTO-DOS-350x207.jpg\" class=\"attachment-medium size-medium\" alt=\"\" aria-describedby=\"gallery-1-69401\" srcset=\"https:\/\/tvmasmagazine.com\/wp-content\/uploads\/2025\/09\/ATRESPLAYER-Y-DISNEY-FIRMAN-ACUEREDO-FOTO-DOS-350x207.jpg 350w, https:\/\/tvmasmagazine.com\/wp-content\/uploads\/2025\/09\/ATRESPLAYER-Y-DISNEY-FIRMAN-ACUEREDO-FOTO-DOS-1024x606.jpg 1024w, https:\/\/tvmasmagazine.com\/wp-content\/uploads\/2025\/09\/ATRESPLAYER-Y-DISNEY-FIRMAN-ACUEREDO-FOTO-DOS-150x89.jpg 150w, https:\/\/tvmasmagazine.com\/wp-content\/uploads\/2025\/09\/ATRESPLAYER-Y-DISNEY-FIRMAN-ACUEREDO-FOTO-DOS-768x455.jpg 768w, https:\/\/tvmasmagazine.com\/wp-content\/uploads\/2025\/09\/ATRESPLAYER-Y-DISNEY-FIRMAN-ACUEREDO-FOTO-DOS-1536x909.jpg 1536w, https:\/\/tvmasmagazine.com\/wp-content\/uploads\/2025\/09\/ATRESPLAYER-Y-DISNEY-FIRMAN-ACUEREDO-FOTO-DOS-2048x1213.jpg 2048w\" sizes=\"auto, (max-width: 350px) 100vw, 350px\" \/><\/a>\n\t\t\t<\/dt>\n\t\t\t\t<dd class='wp-caption-text gallery-caption' id='gallery-1-69401'>\n\t\t\t\tJos\u00e9 Antonio Ant\u00f3n, director general de Atresmedia Audiovisual y Simon Amselem, consejero delegado The Walt Disney Company Espa\u00f1a&#038;Portugal.\n\t\t\t\t<\/dd><\/dl><dl class='gallery-item'>\n\t\t\t<dt class='gallery-icon landscape'>\n\t\t\t\t<a href='https:\/\/tvmasmagazine.com\/es\/2025\/09\/09\/atresplayer-y-disney-anuncian-acuerdo-historico-en-el-mercado-en-espanol\/velvet-ok\/'><img loading=\"lazy\" decoding=\"async\" width=\"350\" height=\"202\" src=\"https:\/\/tvmasmagazine.com\/wp-content\/uploads\/2025\/09\/VELVET-OK-350x202.webp\" class=\"attachment-medium size-medium\" alt=\"\" aria-describedby=\"gallery-1-69402\" srcset=\"https:\/\/tvmasmagazine.com\/wp-content\/uploads\/2025\/09\/VELVET-OK-350x202.webp 350w, https:\/\/tvmasmagazine.com\/wp-content\/uploads\/2025\/09\/VELVET-OK-1024x592.webp 1024w, https:\/\/tvmasmagazine.com\/wp-content\/uploads\/2025\/09\/VELVET-OK-150x87.webp 150w, https:\/\/tvmasmagazine.com\/wp-content\/uploads\/2025\/09\/VELVET-OK-768x444.webp 768w, https:\/\/tvmasmagazine.com\/wp-content\/uploads\/2025\/09\/VELVET-OK.webp 1280w\" sizes=\"auto, (max-width: 350px) 100vw, 350px\" \/><\/a>\n\t\t\t<\/dt>\n\t\t\t\t<dd class='wp-caption-text gallery-caption' id='gallery-1-69402'>\n\t\t\t\tVelvet\n\t\t\t\t<\/dd><\/dl><dl class='gallery-item'>\n\t\t\t<dt class='gallery-icon landscape'>\n\t\t\t\t<a href='https:\/\/tvmasmagazine.com\/es\/2025\/09\/09\/atresplayer-y-disney-anuncian-acuerdo-historico-en-el-mercado-en-espanol\/la-casa-de-papel\/'><img loading=\"lazy\" decoding=\"async\" width=\"350\" height=\"197\" src=\"https:\/\/tvmasmagazine.com\/wp-content\/uploads\/2025\/09\/LA-CASA-DE-PAPEL-350x197.jpeg\" class=\"attachment-medium size-medium\" alt=\"\" aria-describedby=\"gallery-1-69403\" srcset=\"https:\/\/tvmasmagazine.com\/wp-content\/uploads\/2025\/09\/LA-CASA-DE-PAPEL-350x197.jpeg 350w, https:\/\/tvmasmagazine.com\/wp-content\/uploads\/2025\/09\/LA-CASA-DE-PAPEL-150x84.jpeg 150w, https:\/\/tvmasmagazine.com\/wp-content\/uploads\/2025\/09\/LA-CASA-DE-PAPEL.jpeg 608w\" sizes=\"auto, (max-width: 350px) 100vw, 350px\" \/><\/a>\n\t\t\t<\/dt>\n\t\t\t\t<dd class='wp-caption-text gallery-caption' id='gallery-1-69403'>\n\t\t\t\tLa Casa de Papel\n\t\t\t\t<\/dd><\/dl><br style=\"clear: both\" \/>\n\t\t<\/div>\n\n<p><a href=\"https:\/\/www.condista.com\/\" target=\"_blank\" rel=\"noopener\"><img loading=\"lazy\" decoding=\"async\" class=\"aligncenter wp-image-68177 size-full\" src=\"https:\/\/tvmasmagazine.com\/wp-content\/uploads\/2024\/04\/Condista-Rai-Italia_345-x-100.jpg\" alt=\"\" width=\"345\" height=\"100\" srcset=\"https:\/\/tvmasmagazine.com\/wp-content\/uploads\/2024\/04\/Condista-Rai-Italia_345-x-100.jpg 345w, https:\/\/tvmasmagazine.com\/wp-content\/uploads\/2024\/04\/Condista-Rai-Italia_345-x-100-150x43.jpg 150w\" sizes=\"auto, (max-width: 345px) 100vw, 345px\" \/><\/a><\/p>","protected":false},"excerpt":{"rendered":"<p>ACUERDOS | NEGOCIOS | STREAMING | MERCADOS MUNDIALES Este acuerdo sin precedentes entre el grupo l\u00edder de televisi\u00f3n en Espa\u00f1a <a class=\"more-link\" href=\"https:\/\/tvmasmagazine.com\/es\/2025\/09\/09\/atresplayer-y-disney-anuncian-acuerdo-historico-en-el-mercado-en-espanol\/\">&#8230;<\/a><\/p>\n","protected":false},"author":1,"featured_media":69401,"comment_status":"open","ping_status":"closed","sticky":false,"template":"","format":"standard","meta":{"footnotes":""},"categories":[67,248,87,254,65,253,31,11,237,80,256,68,73,17,47,12,13],"tags":[],"class_list":["post-69400","post","type-post","status-publish","format-standard","has-post-thumbnail","hentry","category-archivo","category-audiencias","category-caja-principal","category-coproduccion","category-editorial","category-entretenimiento","category-internacional","category-negocios","category-noticias","category-ott","category-series","category-slider","category-telenovelas-series","category-television","category-tv-de-pagp","category-tvmas","category-ultimas-noticias"],"_links":{"self":[{"href":"https:\/\/tvmasmagazine.com\/es\/wp-json\/wp\/v2\/posts\/69400","targetHints":{"allow":["GET"]}}],"collection":[{"href":"https:\/\/tvmasmagazine.com\/es\/wp-json\/wp\/v2\/posts"}],"about":[{"href":"https:\/\/tvmasmagazine.com\/es\/wp-json\/wp\/v2\/types\/post"}],"author":[{"embeddable":true,"href":"https:\/\/tvmasmagazine.com\/es\/wp-json\/wp\/v2\/users\/1"}],"replies":[{"embeddable":true,"href":"https:\/\/tvmasmagazine.com\/es\/wp-json\/wp\/v2\/comments?post=69400"}],"version-history":[{"count":2,"href":"https:\/\/tvmasmagazine.com\/es\/wp-json\/wp\/v2\/posts\/69400\/revisions"}],"predecessor-version":[{"id":69405,"href":"https:\/\/tvmasmagazine.com\/es\/wp-json\/wp\/v2\/posts\/69400\/revisions\/69405"}],"wp:featuredmedia":[{"embeddable":true,"href":"https:\/\/tvmasmagazine.com\/es\/wp-json\/wp\/v2\/media\/69401"}],"wp:attachment":[{"href":"https:\/\/tvmasmagazine.com\/es\/wp-json\/wp\/v2\/media?parent=69400"}],"wp:term":[{"taxonomy":"category","embeddable":true,"href":"https:\/\/tvmasmagazine.com\/es\/wp-json\/wp\/v2\/categories?post=69400"},{"taxonomy":"post_tag","embeddable":true,"href":"https:\/\/tvmasmagazine.com\/es\/wp-json\/wp\/v2\/tags?post=69400"}],"curies":[{"name":"wp","href":"https:\/\/api.w.org\/{rel}","templated":true}]}}