{"id":69460,"date":"2025-11-01T22:33:46","date_gmt":"2025-11-02T01:33:46","guid":{"rendered":"https:\/\/tvmasmagazine.com\/?p=69460"},"modified":"2025-11-27T21:07:04","modified_gmt":"2025-11-28T00:07:04","slug":"dubai-international-content-market-2025-showcase-de-globo-con-oferta-de-telenovelas-series-y-formatos","status":"publish","type":"post","link":"https:\/\/tvmasmagazine.com\/es\/2025\/11\/01\/dubai-international-content-market-2025-showcase-de-globo-con-oferta-de-telenovelas-series-y-formatos\/","title":{"rendered":"DUBAI INTERNATIONAL CONTENT MARKET 2025: Showcase de Globo con oferta de telenovelas, series y formatos"},"content":{"rendered":"<p><strong><span style=\"color: #ff0000;\">TELENOVELAS | SERIES | FORMATOS | EVENTOS DE MERCADO | NEGOCIOS<\/span><\/strong><\/p>\n<div id=\"attachment_69456\" style=\"width: 2372px\" class=\"wp-caption aligncenter\"><img loading=\"lazy\" decoding=\"async\" aria-describedby=\"caption-attachment-69456\" class=\"size-full wp-image-69456\" src=\"https:\/\/tvmasmagazine.com\/wp-content\/uploads\/2025\/11\/GLOBO-DICM-2025-Queen-of-Myself_Globo.jpg\" alt=\"\" width=\"2362\" height=\"1576\" srcset=\"https:\/\/tvmasmagazine.com\/wp-content\/uploads\/2025\/11\/GLOBO-DICM-2025-Queen-of-Myself_Globo.jpg 2362w, https:\/\/tvmasmagazine.com\/wp-content\/uploads\/2025\/11\/GLOBO-DICM-2025-Queen-of-Myself_Globo-350x234.jpg 350w, https:\/\/tvmasmagazine.com\/wp-content\/uploads\/2025\/11\/GLOBO-DICM-2025-Queen-of-Myself_Globo-1024x683.jpg 1024w, https:\/\/tvmasmagazine.com\/wp-content\/uploads\/2025\/11\/GLOBO-DICM-2025-Queen-of-Myself_Globo-150x100.jpg 150w, https:\/\/tvmasmagazine.com\/wp-content\/uploads\/2025\/11\/GLOBO-DICM-2025-Queen-of-Myself_Globo-768x512.jpg 768w, https:\/\/tvmasmagazine.com\/wp-content\/uploads\/2025\/11\/GLOBO-DICM-2025-Queen-of-Myself_Globo-1536x1025.jpg 1536w, https:\/\/tvmasmagazine.com\/wp-content\/uploads\/2025\/11\/GLOBO-DICM-2025-Queen-of-Myself_Globo-2048x1366.jpg 2048w\" sizes=\"auto, (max-width: 2362px) 100vw, 2362px\" \/><p id=\"caption-attachment-69456\" class=\"wp-caption-text\">Davi (Rafa Vitti), Ayla(Bel Lima), Samuel (Juan Paiva), Rosa (Suely Franco), Sofia (Elis Cabral), Abel (Tony Ramos), Filipa (Claudia Abreu) y Leo (Clara Moneke), de Queen Of Myself.<\/p><\/div>\n<ul>\n<li><span style=\"color: #0000ff;\">Con gran presencia en Oriente Medio, Globo participa en el Dubai International Content Market (DICM), uno de los principales eventos de la industria audiovisual en la regi\u00f3n.<\/span><\/li>\n<li><span style=\"color: #0000ff;\">\u201cLa creaci\u00f3n del HUB EMEA, en Portugal, es un paso esencial y ampl\u00eda nuestra presencia\u201d. Rodrigo Nascimento, Jefe de Negocios Internacionales \u2013 EMEA.<\/span><\/li>\n<\/ul>\n<p><a href=\"https:\/\/dicm.ae\/\" target=\"_blank\" rel=\"noopener\"><img loading=\"lazy\" decoding=\"async\" class=\"aligncenter wp-image-69457 size-full\" src=\"https:\/\/tvmasmagazine.com\/wp-content\/uploads\/2025\/11\/345-x-100-px.png\" alt=\"\" width=\"346\" height=\"101\" srcset=\"https:\/\/tvmasmagazine.com\/wp-content\/uploads\/2025\/11\/345-x-100-px.png 346w, https:\/\/tvmasmagazine.com\/wp-content\/uploads\/2025\/11\/345-x-100-px-150x44.png 150w\" sizes=\"auto, (max-width: 346px) 100vw, 346px\" \/><\/a><\/p>\n<p>El portafolio incluyen telenovelas, series y formatos tanto guionados o no guionados. Como parte de la programaci\u00f3n oficial del evento,<span style=\"color: #ff0000;\"> <strong>el 4 de noviembre a las 12:30 p.m., Globo realizar\u00e1 un showcase<\/strong><\/span> para presentar sus principales contenidos y modelos de negocio.<\/p>\n<p>\u201cEste evento representa un momento importante para fortalecer el posicionamiento de Globo en la regi\u00f3n y consolidar nuestra estrategia de acercamiento al mercado. <span style=\"color: #ff0000;\"><strong>El showcase nos permite resaltar la fuerza de nuestro portafolio, con formatos y t\u00edtulos que tienen un gran potencial de conexi\u00f3n con diferentes audiencias. <\/strong><\/span>La creaci\u00f3n del HUB EMEA, en Portugal, es un paso esencial en este movimiento. Ampl\u00eda nuestra presencia y promueve una actuaci\u00f3n a\u00fan m\u00e1s integrada con los socios locales\u201d, afirma <strong>Rodrigo Nascimento, Jefe de Negocios Internacionales <\/strong>\u2013 EMEA.<\/p>\n<div id=\"attachment_69458\" style=\"width: 210px\" class=\"wp-caption aligncenter\"><img loading=\"lazy\" decoding=\"async\" aria-describedby=\"caption-attachment-69458\" class=\"size-full wp-image-69458\" src=\"https:\/\/tvmasmagazine.com\/wp-content\/uploads\/2025\/11\/ISADORA-FILPI-GLOBO.jpg\" alt=\"\" width=\"200\" height=\"200\" srcset=\"https:\/\/tvmasmagazine.com\/wp-content\/uploads\/2025\/11\/ISADORA-FILPI-GLOBO.jpg 200w, https:\/\/tvmasmagazine.com\/wp-content\/uploads\/2025\/11\/ISADORA-FILPI-GLOBO-150x150.jpg 150w\" sizes=\"auto, (max-width: 200px) 100vw, 200px\" \/><p id=\"caption-attachment-69458\" class=\"wp-caption-text\">Isadora Filpi, Distribuci\u00f3n de Contenido y Alianzas, de Globo.<\/p><\/div>\n<p>Para reforzar el equipo del HUB EMEA, <strong>Isadora Filpi<\/strong> comenzar\u00e1 a colaborar con los socios de la regi\u00f3n. Con siete a\u00f1os de trayectoria en Globo, ha acumulado experiencia en diferentes mercados y ha participado en negociaciones relevantes de contenido.<\/p>\n<p><a href=\"https:\/\/www.mipcancun.com\/en-gb\/attend.html?utm_source=mipcancun2025_tvmas&amp;utm_medium=barter_website&amp;utm_campaign=mipcancun2025_st_generic\" target=\"_blank\" rel=\"noopener\"><img loading=\"lazy\" decoding=\"async\" class=\"aligncenter wp-image-69334 size-full\" src=\"https:\/\/tvmasmagazine.com\/wp-content\/uploads\/2025\/08\/TVMAS_345x100_MIPCANCUN.jpg\" alt=\"\" width=\"345\" height=\"100\" srcset=\"https:\/\/tvmasmagazine.com\/wp-content\/uploads\/2025\/08\/TVMAS_345x100_MIPCANCUN.jpg 345w, https:\/\/tvmasmagazine.com\/wp-content\/uploads\/2025\/08\/TVMAS_345x100_MIPCANCUN-150x43.jpg 150w\" sizes=\"auto, (max-width: 345px) 100vw, 345px\" \/><\/a><\/p>\n<p>\u201cEl Medio Oriente es un mercado muy estrat\u00e9gico para Globo, con gran afinidad con nuestras historias. Participar en el DICM es una oportunidad para fortalecer esta relaci\u00f3n y presentar un portafolio que refleja la calidad y el alcance global de nuestras producciones. Adem\u00e1s, el showcase ser\u00e1 un momento para destacar estos contenidos y reafirmar nuestro compromiso de ampliar las alianzas en la regi\u00f3n\u201d, <strong>a\u00f1ade Isadora Filpi, Distribuci\u00f3n de Contenido &amp; Partnerships. <\/strong><\/p>\n<p>T\u00edtulos como la telenovela <em>Vale Todo<\/em>, recientemente emitida en el horario estelar de TV Globo. La producci\u00f3n forma parte de las celebraciones por los 60 a\u00f1os de la emisora y revisita uno de los mayores cl\u00e1sicos de la teledramaturgia brasile\u00f1a, transmitido originalmente en 1988. <span style=\"color: #ff0000;\"><strong>Adaptada por Manuela Dias<\/strong><\/span> (Coraz\u00f3n de Madre, Justicia) y <span style=\"color: #ff0000;\"><strong>dirigida por Paulo Silvestrini<\/strong><\/span> (S\u00f3lo Conf\u00eda), la trama aborda temas como la \u00e9tica, el car\u00e1cter y las relaciones familiares. Vale Todo alcanz\u00f3 a m\u00e1s de 141 millones de brasile\u00f1os y se convirti\u00f3 en la telenovela del horario estelar de mayor recaudaci\u00f3n en la historia de la emisora.<\/p>\n<p><a href=\"https:\/\/universalcinergia.net\/\" target=\"_blank\" rel=\"noopener\"><img loading=\"lazy\" decoding=\"async\" class=\"aligncenter wp-image-69449 size-full\" src=\"https:\/\/tvmasmagazine.com\/wp-content\/uploads\/2025\/10\/banner345X100TVMas.jpg\" alt=\"\" width=\"345\" height=\"100\" srcset=\"https:\/\/tvmasmagazine.com\/wp-content\/uploads\/2025\/10\/banner345X100TVMas.jpg 345w, https:\/\/tvmasmagazine.com\/wp-content\/uploads\/2025\/10\/banner345X100TVMas-150x43.jpg 150w\" sizes=\"auto, (max-width: 345px) 100vw, 345px\" \/><\/a><\/p>\n<p>Otra apuesta de Globo en Dubai es <em>Due\u00f1a de M\u00ed,<\/em> de Rosane Svartman <em>Totalmente Diva<\/em>. Actualmente en emisi\u00f3n en Brasil, la historia cuenta la vida de Leona (Clara Moneke, de S\u00f3lo Conf\u00eda), cuya vida se transforma por su relaci\u00f3n con Sofia (Elis Cabral), una ni\u00f1a de siete a\u00f1os de quien se convierte en ni\u00f1era. El encuentro entre ambas marcas el inicio de un viaje de afecto, cuidado, compa\u00f1erismo y relaciones humanas. <span style=\"color: #ff0000;\"><strong>Con personajes femeninos fuertes, <em>Due\u00f1a de Mi<\/em> combina comedia, drama, romance, aventura, suspenso, luchas de poder y giros inesperados.<\/strong><\/span><\/p>\n<p>El portafolio de Globo para el DICM tambi\u00e9n incluye los formatos de las telenovelas <em>Totalmente Diva<\/em> y <em>La Vida Sigue<\/em>, \u00e9xitos en el mercado internacional, adem\u00e1s de la serie <em>Intolerantes<\/em> y los programas de variedades Family Size y Clase de Cocina.<\/p>\n<p><a href=\"https:\/\/welove-entertainment.com\/\" target=\"_blank\" rel=\"noopener\"><img loading=\"lazy\" decoding=\"async\" class=\"aligncenter wp-image-69229 size-full\" src=\"https:\/\/tvmasmagazine.com\/wp-content\/uploads\/2025\/06\/Desiguales-345-x-100.jpg\" alt=\"\" width=\"518\" height=\"150\" srcset=\"https:\/\/tvmasmagazine.com\/wp-content\/uploads\/2025\/06\/Desiguales-345-x-100.jpg 518w, https:\/\/tvmasmagazine.com\/wp-content\/uploads\/2025\/06\/Desiguales-345-x-100-350x101.jpg 350w, https:\/\/tvmasmagazine.com\/wp-content\/uploads\/2025\/06\/Desiguales-345-x-100-150x43.jpg 150w\" sizes=\"auto, (max-width: 518px) 100vw, 518px\" \/><\/a><\/p>","protected":false},"excerpt":{"rendered":"<p>TELENOVELAS | SERIES | FORMATOS | EVENTOS DE MERCADO | NEGOCIOS Con gran presencia en Oriente Medio, Globo participa en <a class=\"more-link\" href=\"https:\/\/tvmasmagazine.com\/es\/2025\/11\/01\/dubai-international-content-market-2025-showcase-de-globo-con-oferta-de-telenovelas-series-y-formatos\/\">&#8230;<\/a><\/p>\n","protected":false},"author":1,"featured_media":69456,"comment_status":"open","ping_status":"closed","sticky":false,"template":"","format":"standard","meta":{"footnotes":""},"categories":[75,248,87,15,243,254,257,253,74,244,32,77,250,84,31,45,249,11,80,76,256,68,73,17,79,47,12],"tags":[],"class_list":["post-69460","post","type-post","status-publish","format-standard","has-post-thumbnail","hentry","category-actores-actrices","category-audiencias","category-caja-principal","category-cine","category-convenciones","category-coproduccion","category-desarrollos-digitales","category-entretenimiento","category-estrenos-telenovelas-series","category-eventos","category-festival","category-foros","category-generacion-z","category-innovadores","category-internacional","category-medios","category-millennials","category-negocios","category-ott","category-regiones","category-series","category-slider","category-telenovelas-series","category-television","category-tv-abierta","category-tv-de-pagp","category-tvmas"],"_links":{"self":[{"href":"https:\/\/tvmasmagazine.com\/es\/wp-json\/wp\/v2\/posts\/69460","targetHints":{"allow":["GET"]}}],"collection":[{"href":"https:\/\/tvmasmagazine.com\/es\/wp-json\/wp\/v2\/posts"}],"about":[{"href":"https:\/\/tvmasmagazine.com\/es\/wp-json\/wp\/v2\/types\/post"}],"author":[{"embeddable":true,"href":"https:\/\/tvmasmagazine.com\/es\/wp-json\/wp\/v2\/users\/1"}],"replies":[{"embeddable":true,"href":"https:\/\/tvmasmagazine.com\/es\/wp-json\/wp\/v2\/comments?post=69460"}],"version-history":[{"count":1,"href":"https:\/\/tvmasmagazine.com\/es\/wp-json\/wp\/v2\/posts\/69460\/revisions"}],"predecessor-version":[{"id":69461,"href":"https:\/\/tvmasmagazine.com\/es\/wp-json\/wp\/v2\/posts\/69460\/revisions\/69461"}],"wp:featuredmedia":[{"embeddable":true,"href":"https:\/\/tvmasmagazine.com\/es\/wp-json\/wp\/v2\/media\/69456"}],"wp:attachment":[{"href":"https:\/\/tvmasmagazine.com\/es\/wp-json\/wp\/v2\/media?parent=69460"}],"wp:term":[{"taxonomy":"category","embeddable":true,"href":"https:\/\/tvmasmagazine.com\/es\/wp-json\/wp\/v2\/categories?post=69460"},{"taxonomy":"post_tag","embeddable":true,"href":"https:\/\/tvmasmagazine.com\/es\/wp-json\/wp\/v2\/tags?post=69460"}],"curies":[{"name":"wp","href":"https:\/\/api.w.org\/{rel}","templated":true}]}}