{"id":69591,"date":"2025-12-08T18:16:56","date_gmt":"2025-12-08T21:16:56","guid":{"rendered":"https:\/\/tvmasmagazine.com\/?p=69591"},"modified":"2025-12-08T18:16:56","modified_gmt":"2025-12-08T21:16:56","slug":"itv-studios-tiene-nueva-vicepresidenta-ejecutiva-de-ventas-y-distribucion-para-apac-es-moira-hogan","status":"publish","type":"post","link":"https:\/\/tvmasmagazine.com\/es\/2025\/12\/08\/itv-studios-tiene-nueva-vicepresidenta-ejecutiva-de-ventas-y-distribucion-para-apac-es-moira-hogan\/","title":{"rendered":"ITV STUDIOS tiene nueva vicepresidenta ejecutiva de ventas y distribuci\u00f3n para APAC: Es Moira Hogan"},"content":{"rendered":"<p><strong><span style=\"color: #ff0000;\">Nombramientos | Ejecutivos | Contenidos<\/span><\/strong><\/p>\n<div id=\"attachment_69592\" style=\"width: 1930px\" class=\"wp-caption aligncenter\"><img loading=\"lazy\" decoding=\"async\" aria-describedby=\"caption-attachment-69592\" class=\"wp-image-69592 size-full\" src=\"https:\/\/tvmasmagazine.com\/wp-content\/uploads\/2025\/12\/Moira-Hogan-EVP-ITV-STUDIOS-scaled.jpg\" alt=\"\" width=\"1920\" height=\"2560\" srcset=\"https:\/\/tvmasmagazine.com\/wp-content\/uploads\/2025\/12\/Moira-Hogan-EVP-ITV-STUDIOS-scaled.jpg 1920w, https:\/\/tvmasmagazine.com\/wp-content\/uploads\/2025\/12\/Moira-Hogan-EVP-ITV-STUDIOS-262x350.jpg 262w, https:\/\/tvmasmagazine.com\/wp-content\/uploads\/2025\/12\/Moira-Hogan-EVP-ITV-STUDIOS-768x1024.jpg 768w, https:\/\/tvmasmagazine.com\/wp-content\/uploads\/2025\/12\/Moira-Hogan-EVP-ITV-STUDIOS-112x150.jpg 112w, https:\/\/tvmasmagazine.com\/wp-content\/uploads\/2025\/12\/Moira-Hogan-EVP-ITV-STUDIOS-1152x1536.jpg 1152w, https:\/\/tvmasmagazine.com\/wp-content\/uploads\/2025\/12\/Moira-Hogan-EVP-ITV-STUDIOS-1536x2048.jpg 1536w\" sizes=\"auto, (max-width: 1920px) 100vw, 1920px\" \/><p id=\"caption-attachment-69592\" class=\"wp-caption-text\">Moira Hogan, VP ejecutiva de ventas y distribuci\u00f3n para APAC de ITV Studios.<\/p><\/div>\n<ul>\n<li><span style=\"color: #0000ff;\">Iniciar\u00e1 labores a principios de febrero de 2026, reportando a Tom Clark, vicepresidente ejecutivo de ventas globales y estrategia comercial.<\/span><\/li>\n<\/ul>\n<p><a href=\"https:\/\/www.contentevents.net\/event\/ccd1a04f-2442-4734-b400-165eff3584c7\/home\" target=\"_blank\" rel=\"noopener\"><img loading=\"lazy\" decoding=\"async\" class=\"aligncenter wp-image-69413 size-full\" src=\"https:\/\/tvmasmagazine.com\/wp-content\/uploads\/2025\/09\/TVMAS_WebBanner_345x100.jpg\" alt=\"\" width=\"345\" height=\"100\" srcset=\"https:\/\/tvmasmagazine.com\/wp-content\/uploads\/2025\/09\/TVMAS_WebBanner_345x100.jpg 345w, https:\/\/tvmasmagazine.com\/wp-content\/uploads\/2025\/09\/TVMAS_WebBanner_345x100-150x43.jpg 150w\" sizes=\"auto, (max-width: 345px) 100vw, 345px\" \/><\/a><\/p>\n<p>Moira Hogan se incorpora a la compa\u00f1\u00eda como vicepresidenta ejecutiva de ventas y distribuci\u00f3n para APAC, tras su reciente salida de <strong>BritBox International<\/strong>, donde ocup\u00f3 el cargo de vicepresidenta ejecutiva de mercados internacionales y directora general para Australia durante cinco a\u00f1os. Moira iniciar\u00e1 labores a\u00a0 principios de febrero de 2026, reportando a <strong>Tom Clark<\/strong>, vicepresidente ejecutivo de ventas globales y estrategia comercial.<\/p>\n<p>Ser\u00e1 responsable de liderar el equipo de ventas de APAC con sede en S\u00eddney y Singapur, maximizando el valor del cat\u00e1logo de m\u00e1s de 95.000 horas de programaci\u00f3n terminada de <strong>ITV Studios<\/strong> en toda la regi\u00f3n. Adem\u00e1s de cultivar relaciones con los clientes, dise\u00f1ar\u00e1 oportunidades de crecimiento adaptadas a los diversos mercados locales de la regi\u00f3n Asia-Pac\u00edfico. En el trabajo\u00a0 anterior, Moira lanz\u00f3 y expandi\u00f3 con \u00e9xito BritBox Australia, logrando un crecimiento constante interanual de suscriptores e ingresos, consolidando alianzas clave y realizando una inversi\u00f3n multimillonaria para expandir el servicio.<\/p>\n<p><a href=\"https:\/\/universalcinergia.net\/\" target=\"_blank\" rel=\"noopener\"><img loading=\"lazy\" decoding=\"async\" class=\"aligncenter wp-image-69449 size-full\" src=\"https:\/\/tvmasmagazine.com\/wp-content\/uploads\/2025\/10\/banner345X100TVMas.jpg\" alt=\"\" width=\"345\" height=\"100\" srcset=\"https:\/\/tvmasmagazine.com\/wp-content\/uploads\/2025\/10\/banner345X100TVMas.jpg 345w, https:\/\/tvmasmagazine.com\/wp-content\/uploads\/2025\/10\/banner345X100TVMas-150x43.jpg 150w\" sizes=\"auto, (max-width: 345px) 100vw, 345px\" \/><\/a><\/p>\n<p><span style=\"color: #ff0000;\"><strong>Moira aporta a ITV Studios m\u00e1s de 20 a\u00f1os de experiencia <\/strong><\/span>en estrategia, liderazgo comercial, alianzas y funciones de contenido operativo en los sectores del entretenimiento, los medios de comunicaci\u00f3n y las telecomunicaciones en Australia.<\/p>\n<p>Esta noticia se produce tras la decisi\u00f3n del actual vicepresidente ejecutivo de ventas y distribuci\u00f3n para Asia-Pac\u00edfico, <strong>Augustus Dulgaro<\/strong>, de dejar su cargo a finales de marzo de 2026. Tras haber ocupado diversos puestos de gesti\u00f3n y operaciones en el \u00e1rea de Estudios durante las \u00faltimas dos d\u00e9cadas, ha impulsado con \u00e9xito el crecimiento de los ingresos y el desarrollo estrat\u00e9gico.<\/p>\n<p><a href=\"https:\/\/intermedya.tv\/\" target=\"_blank\" rel=\"noopener\"><img loading=\"lazy\" decoding=\"async\" class=\"aligncenter wp-image-69438 size-full\" src=\"https:\/\/tvmasmagazine.com\/wp-content\/uploads\/2025\/10\/tvmas_345x100_Halef-EsrafRuya.gif\" alt=\"\" width=\"345\" height=\"100\" \/><\/a><\/p>\n<p><strong>Tom Clark, vicepresidente ejecutivo de ventas globales y estrategia comercial de ITV Studios,<\/strong> declar\u00f3: \u00abEstoy encantado de dar la bienvenida a Moira.\u00a0 Una gran defensora del contenido y la creatividad brit\u00e1nicos, su amplia experiencia y s\u00f3lidas habilidades de liderazgo son perfectas para liderar este din\u00e1mico equipo. Tambi\u00e9n quiero aprovechar esta oportunidad para expresar nuestra gratitud a Augustus, quien ha sido un l\u00edder excepcional y un embajador de talla mundial para <strong>ITV y Global Partnerships <\/strong>en la regi\u00f3n durante sus 20 a\u00f1os de trayectoria. Augustus deja esta empresa en una excelente forma y le deseamos lo mejor en el futuro\u00bb.<\/p>\n<p>Refiri\u00e9ndose a su nombramiento, Moira Hogan dice: \u00abITV Studios es reconocido por su excepcional programaci\u00f3n en una amplia gama de g\u00e9neros. Estoy entusiasmada de trabajar con este incre\u00edble cat\u00e1logo y unirme al talentoso equipo de Asia-Pac\u00edfico bajo la direcci\u00f3n de Tom. La empresa est\u00e1 en plena forma gracias a la dedicaci\u00f3n y el compromiso de Augustus, quien impuls\u00f3 el contenido y forj\u00f3 relaciones s\u00f3lidas y de confianza. Espero continuar con ese legado y colaborar estrechamente con los clientes para lograr un \u00e9xito continuo en la regi\u00f3n\u00bb.<\/p>\n<p><a href=\"http:\/\/www.itv.com\">www.itv.com<\/a>.<\/p>\n<p><a href=\"https:\/\/centauro.com\/\" target=\"_blank\" rel=\"noopener\"><img loading=\"lazy\" decoding=\"async\" class=\"aligncenter wp-image-66800 size-full\" src=\"https:\/\/tvmasmagazine.com\/wp-content\/uploads\/2023\/05\/unnamed-3.gif\" alt=\"\" width=\"468\" height=\"120\" \/><\/a><\/p>","protected":false},"excerpt":{"rendered":"<p>Nombramientos | Ejecutivos | Contenidos Iniciar\u00e1 labores a principios de febrero de 2026, reportando a Tom Clark, vicepresidente ejecutivo de <a class=\"more-link\" href=\"https:\/\/tvmasmagazine.com\/es\/2025\/12\/08\/itv-studios-tiene-nueva-vicepresidenta-ejecutiva-de-ventas-y-distribucion-para-apac-es-moira-hogan\/\">&#8230;<\/a><\/p>\n","protected":false},"author":1,"featured_media":69593,"comment_status":"open","ping_status":"closed","sticky":false,"template":"","format":"standard","meta":{"footnotes":""},"categories":[75,252,67,248,87,243,254,257,253,74,32,77,250,84,31,45,249,11,26,237,80,76,256,68,73,17,79,47,13],"tags":[],"class_list":["post-69591","post","type-post","status-publish","format-standard","has-post-thumbnail","hentry","category-actores-actrices","category-animacion","category-archivo","category-audiencias","category-caja-principal","category-convenciones","category-coproduccion","category-desarrollos-digitales","category-entretenimiento","category-estrenos-telenovelas-series","category-festival","category-foros","category-generacion-z","category-innovadores","category-internacional","category-medios","category-millennials","category-negocios","category-nombramientos","category-noticias","category-ott","category-regiones","category-series","category-slider","category-telenovelas-series","category-television","category-tv-abierta","category-tv-de-pagp","category-ultimas-noticias"],"_links":{"self":[{"href":"https:\/\/tvmasmagazine.com\/es\/wp-json\/wp\/v2\/posts\/69591","targetHints":{"allow":["GET"]}}],"collection":[{"href":"https:\/\/tvmasmagazine.com\/es\/wp-json\/wp\/v2\/posts"}],"about":[{"href":"https:\/\/tvmasmagazine.com\/es\/wp-json\/wp\/v2\/types\/post"}],"author":[{"embeddable":true,"href":"https:\/\/tvmasmagazine.com\/es\/wp-json\/wp\/v2\/users\/1"}],"replies":[{"embeddable":true,"href":"https:\/\/tvmasmagazine.com\/es\/wp-json\/wp\/v2\/comments?post=69591"}],"version-history":[{"count":1,"href":"https:\/\/tvmasmagazine.com\/es\/wp-json\/wp\/v2\/posts\/69591\/revisions"}],"predecessor-version":[{"id":69594,"href":"https:\/\/tvmasmagazine.com\/es\/wp-json\/wp\/v2\/posts\/69591\/revisions\/69594"}],"wp:featuredmedia":[{"embeddable":true,"href":"https:\/\/tvmasmagazine.com\/es\/wp-json\/wp\/v2\/media\/69593"}],"wp:attachment":[{"href":"https:\/\/tvmasmagazine.com\/es\/wp-json\/wp\/v2\/media?parent=69591"}],"wp:term":[{"taxonomy":"category","embeddable":true,"href":"https:\/\/tvmasmagazine.com\/es\/wp-json\/wp\/v2\/categories?post=69591"},{"taxonomy":"post_tag","embeddable":true,"href":"https:\/\/tvmasmagazine.com\/es\/wp-json\/wp\/v2\/tags?post=69591"}],"curies":[{"name":"wp","href":"https:\/\/api.w.org\/{rel}","templated":true}]}}