{"id":69910,"date":"2026-03-24T21:02:25","date_gmt":"2026-03-25T00:02:25","guid":{"rendered":"https:\/\/tvmasmagazine.com\/?p=69910"},"modified":"2026-04-07T09:00:56","modified_gmt":"2026-04-07T12:00:56","slug":"andina-link-2026-corazon-de-la-convergencia-digital-en-latinoamerica","status":"publish","type":"post","link":"https:\/\/tvmasmagazine.com\/es\/2026\/03\/24\/andina-link-2026-corazon-de-la-convergencia-digital-en-latinoamerica\/","title":{"rendered":"Andina Link 2026: Coraz\u00f3n de la Convergencia Digital en Latinoam\u00e9rica"},"content":{"rendered":"<p><strong><span style=\"color: #ff0000;\">EVENTOS | NEGOCIOS | CONTENIDOS | TECNOLOG\u00cdA | STREAMING<\/span><\/strong><\/p>\n<div id=\"attachment_69912\" style=\"width: 610px\" class=\"wp-caption aligncenter\"><img loading=\"lazy\" decoding=\"async\" aria-describedby=\"caption-attachment-69912\" class=\"wp-image-69912 size-full\" src=\"https:\/\/tvmasmagazine.com\/wp-content\/uploads\/2026\/03\/LUZ-MARINA-ARANGO.png\" alt=\"\" width=\"600\" height=\"900\" srcset=\"https:\/\/tvmasmagazine.com\/wp-content\/uploads\/2026\/03\/LUZ-MARINA-ARANGO.png 600w, https:\/\/tvmasmagazine.com\/wp-content\/uploads\/2026\/03\/LUZ-MARINA-ARANGO-233x350.png 233w, https:\/\/tvmasmagazine.com\/wp-content\/uploads\/2026\/03\/LUZ-MARINA-ARANGO-100x150.png 100w\" sizes=\"auto, (max-width: 600px) 100vw, 600px\" \/><p id=\"caption-attachment-69912\" class=\"wp-caption-text\">Luz Marina Arango<\/p><\/div>\n<p><span style=\"color: #000080;\"><strong>Este mes del 9 al 12 de marzo, Cartagena, (Colombia) reuni\u00f3 m\u00e1s de 5 mil l\u00edderes del sector con \u00e9xito total en esta edici\u00f3n n\u00famero 31.<\/strong><\/span><\/p>\n<p><span style=\"color: #000080;\"><strong>M\u00e1s que un evento, Luz Marina Arango, creadora y presidenta del evento ha convertido este encuentro en el laboratorio tecnol\u00f3gico de la regi\u00f3n reuniendo a l\u00edderes, operadores y el sector de los ISPs, empresas de telecomunicaciones de toda Latinoam\u00e9rica y otros pa\u00edses del mundo.<\/strong><\/span><\/p>\n<p style=\"text-align: center; font-size: 11px;\">Publicidad<\/p>\n<p><a href=\"https:\/\/www.leg.tv\/\"><img loading=\"lazy\" decoding=\"async\" class=\"aligncenter wp-image-69741 size-full\" src=\"https:\/\/tvmasmagazine.com\/wp-content\/uploads\/2026\/02\/BANNER-LEG-20-2-2026-345X100-1.jpeg\" alt=\"\" width=\"345\" height=\"100\" srcset=\"https:\/\/tvmasmagazine.com\/wp-content\/uploads\/2026\/02\/BANNER-LEG-20-2-2026-345X100-1.jpeg 345w, https:\/\/tvmasmagazine.com\/wp-content\/uploads\/2026\/02\/BANNER-LEG-20-2-2026-345X100-1-150x43.jpeg 150w\" sizes=\"auto, (max-width: 345px) 100vw, 345px\" \/><\/a><\/p>\n<p>Tras 31 a\u00f1os de existencia, este a\u00f1o no fue solo una feria: fue el manifiesto de una industria que ha decidido liderar la industria de las telecomunicaciones, la transici\u00f3n hacia las Smart Cities, la televisi\u00f3n y las tecnolog\u00edas urbanas en Am\u00e9rica Latina.<\/p>\n<p><strong>En el centro de convenciones del hotel Las Am\u00e9ricas, <\/strong>m\u00e1s de 5 mil l\u00edderes del sector y m\u00e1s de 200 expositores internacionales se reunieron para redefinir la conectividad no solo como un servicio, sino como el motor de equidad y desarrollo para Am\u00e9rica Latina. Desde los debates estrat\u00e9gicos en el Foro FICA hasta la especializaci\u00f3n t\u00e9cnica en XGS-PON y Ciberseguridad, lo vivido este a\u00f1o marca el inicio de una nueva era de soberan\u00eda digital.<\/p>\n<p>&nbsp;<\/p>\n<p style=\"text-align: center; font-size: 11px;\">Publicidad<\/p>\n<p><a href=\"https:\/\/www.parrotanalytics.com\/\"><img loading=\"lazy\" decoding=\"async\" class=\"aligncenter wp-image-66804 size-full\" src=\"https:\/\/tvmasmagazine.com\/wp-content\/uploads\/2023\/05\/unnamed-1.jpg\" alt=\"\" width=\"345\" height=\"100\" srcset=\"https:\/\/tvmasmagazine.com\/wp-content\/uploads\/2023\/05\/unnamed-1.jpg 345w, https:\/\/tvmasmagazine.com\/wp-content\/uploads\/2023\/05\/unnamed-1-150x43.jpg 150w\" sizes=\"auto, (max-width: 345px) 100vw, 345px\" \/><\/a><\/p>\n<p>Para Luz Marina Arango, la permanencia y el crecimiento del evento responde a una l\u00f3gica clara. \u2018La clave ha sido seguir los cambios y las necesidades del mercado de las telecomunicaciones. Y agrega que \u2018Andina Link no se construye en cuatro d\u00edas de feria, sino durante todo el a\u00f1o, escuchando al mercado, creando oportunidades y fortaleciendo relaciones en toda Latinoam\u00e9rica\u2019.<\/p>\n<p style=\"text-align: center; font-size: 11px;\">Publicidad<\/p>\n<p><a href=\"https:\/\/lesdub.com\/es\/\"><img loading=\"lazy\" decoding=\"async\" class=\"aligncenter wp-image-68824 size-full\" src=\"https:\/\/tvmasmagazine.com\/wp-content\/uploads\/2025\/01\/LES-COMPANY-345-x-100-.png\" alt=\"\" width=\"354\" height=\"100\" srcset=\"https:\/\/tvmasmagazine.com\/wp-content\/uploads\/2025\/01\/LES-COMPANY-345-x-100-.png 354w, https:\/\/tvmasmagazine.com\/wp-content\/uploads\/2025\/01\/LES-COMPANY-345-x-100--350x99.png 350w, https:\/\/tvmasmagazine.com\/wp-content\/uploads\/2025\/01\/LES-COMPANY-345-x-100--150x42.png 150w\" sizes=\"auto, (max-width: 354px) 100vw, 354px\" \/><\/a><\/p>\n<p>El crecimiento en metros cuadrados y en participaci\u00f3n de empresas consolid\u00f3 al Hotel Las Am\u00e9ricas como sede estrat\u00e9gica del evento. \u2018Hoy por hoy ser\u00eda muy dif\u00edcil realizar este expo en el centro de convenciones de Getseman\u00ed, en el centro hist\u00f3rico de Cartagena. El crecimiento de la exposici\u00f3n exige una infraestructura que pueda acompa\u00f1ar esa evoluci\u00f3n\u2019, explica Arango. La prioridad, afirma, es sostener esa expansi\u00f3n ofreciendo a los expositores espacio y condiciones acordes al desarrollo del mercado\u201d.<\/p>\n<p style=\"text-align: center; font-size: 11px;\">Publicidad<\/p>\n<p><a href=\"https:\/\/welove-entertainment.com\/\"><img loading=\"lazy\" decoding=\"async\" class=\"aligncenter wp-image-69381 size-full\" src=\"https:\/\/tvmasmagazine.com\/wp-content\/uploads\/2025\/09\/Sientese-quien-pueda_345x100.gif\" alt=\"\" width=\"345\" height=\"100\" \/><\/a><\/p>\n<p>El Foro FICA mantendr\u00e1 su enfoque en los temas estrat\u00e9gicos y en los desaf\u00edos actuales del sector TIC, combinando visi\u00f3n de largo plazo con problem\u00e1ticas concretas de la industria en la regi\u00f3n. Destacamos que<strong> TVMAS<\/strong> es Media Partner de este importante evento desde hace 26 a\u00f1os con presencia f\u00edsica y cubrimiento del evento.<\/p>\n<p>Ver m\u00e1s informaci\u00f3n en <a href=\"http:\/\/www.andinalink.com\">www.andinalink.com<\/a><\/p>\n<p style=\"text-align: center; font-size: 11px;\">Publicidad<\/p>\n<p><img loading=\"lazy\" decoding=\"async\" class=\"aligncenter wp-image-66800 size-medium\" src=\"https:\/\/tvmasmagazine.com\/wp-content\/uploads\/2023\/05\/unnamed-3-350x90.gif\" alt=\"\" width=\"350\" height=\"90\" srcset=\"https:\/\/tvmasmagazine.com\/wp-content\/uploads\/2023\/05\/unnamed-3-350x90.gif 350w, https:\/\/tvmasmagazine.com\/wp-content\/uploads\/2023\/05\/unnamed-3-150x38.gif 150w\" sizes=\"auto, (max-width: 350px) 100vw, 350px\" \/><\/p>\n<p>Redacci\u00f3n TVMAS<\/p>","protected":false},"excerpt":{"rendered":"<p>EVENTOS | NEGOCIOS | CONTENIDOS | TECNOLOG\u00cdA | STREAMING Este mes del 9 al 12 de marzo, Cartagena, (Colombia) reuni\u00f3 <a class=\"more-link\" href=\"https:\/\/tvmasmagazine.com\/es\/2026\/03\/24\/andina-link-2026-corazon-de-la-convergencia-digital-en-latinoamerica\/\">&#8230;<\/a><\/p>\n","protected":false},"author":1,"featured_media":69912,"comment_status":"open","ping_status":"closed","sticky":false,"template":"","format":"standard","meta":{"footnotes":""},"categories":[15,40,244,11,80,256,73,17,79,47],"tags":[],"class_list":["post-69910","post","type-post","status-publish","format-standard","has-post-thumbnail","hentry","category-cine","category-estrenos-old","category-eventos","category-negocios","category-ott","category-series","category-telenovelas-series","category-television","category-tv-abierta","category-tv-de-pagp"],"_links":{"self":[{"href":"https:\/\/tvmasmagazine.com\/es\/wp-json\/wp\/v2\/posts\/69910","targetHints":{"allow":["GET"]}}],"collection":[{"href":"https:\/\/tvmasmagazine.com\/es\/wp-json\/wp\/v2\/posts"}],"about":[{"href":"https:\/\/tvmasmagazine.com\/es\/wp-json\/wp\/v2\/types\/post"}],"author":[{"embeddable":true,"href":"https:\/\/tvmasmagazine.com\/es\/wp-json\/wp\/v2\/users\/1"}],"replies":[{"embeddable":true,"href":"https:\/\/tvmasmagazine.com\/es\/wp-json\/wp\/v2\/comments?post=69910"}],"version-history":[{"count":3,"href":"https:\/\/tvmasmagazine.com\/es\/wp-json\/wp\/v2\/posts\/69910\/revisions"}],"predecessor-version":[{"id":69937,"href":"https:\/\/tvmasmagazine.com\/es\/wp-json\/wp\/v2\/posts\/69910\/revisions\/69937"}],"wp:featuredmedia":[{"embeddable":true,"href":"https:\/\/tvmasmagazine.com\/es\/wp-json\/wp\/v2\/media\/69912"}],"wp:attachment":[{"href":"https:\/\/tvmasmagazine.com\/es\/wp-json\/wp\/v2\/media?parent=69910"}],"wp:term":[{"taxonomy":"category","embeddable":true,"href":"https:\/\/tvmasmagazine.com\/es\/wp-json\/wp\/v2\/categories?post=69910"},{"taxonomy":"post_tag","embeddable":true,"href":"https:\/\/tvmasmagazine.com\/es\/wp-json\/wp\/v2\/tags?post=69910"}],"curies":[{"name":"wp","href":"https:\/\/api.w.org\/{rel}","templated":true}]}}