{"id":7100,"date":"2013-12-06T22:18:49","date_gmt":"2013-12-07T01:18:49","guid":{"rendered":"http:\/\/www.tvmasmagazine.com\/?p=7100"},"modified":"2015-03-17T19:04:50","modified_gmt":"2015-03-17T18:04:50","slug":"recibe-venevision-reconocimiento-por-la-campana-somos-los-que-queremos","status":"publish","type":"post","link":"https:\/\/tvmasmagazine.com\/es\/2013\/12\/06\/recibe-venevision-reconocimiento-por-la-campana-somos-los-que-queremos\/","title":{"rendered":"Recibe Venevision reconocimiento por la campa\u00f1a Somos los que Queremos"},"content":{"rendered":"<p>&nbsp;<\/p>\n<p><span id=\"yui_3_13_0_ym1_1_1386375911567_6220\" style=\"font-family: Tahoma; font-size: medium;\">En el marco de la ceremonia de los\u00a0<i>IV Premios Corresponsables\u00a0<\/i>entregados el pasado 28 de noviembre en Madrid &#8211; Espa\u00f1a,\u00a0<i>Somos lo que Queremos<\/i>, la campa\u00f1a de responsabilidad social de<i>Venevision<\/i>\u00a0fue reconocida como una de las mejores iniciativas en la categor\u00eda Grandes Empresas, compitiendo con otras 400 iniciativas procedentes de 18 pa\u00edses diferentes.<\/span><\/p>\n<p><span id=\"yui_3_13_0_ym1_1_1386375911567_6240\" style=\"font-family: Tahoma; font-size: medium;\">Creada hace tres a\u00f1os,\u00a0con el objetivo de promover la responsabilidad social desde la propia actuaci\u00f3n de los ciudadanos a trav\u00e9s de mensajes sencillos pero convincentes. Para ello,\u00a0 se eligi\u00f3 un micro-formato televisivo de un minuto y medio que permitiera contar peque\u00f1as historias distribuidas a lo largo de toda la programaci\u00f3n, especialmente en las franjas de m\u00e1xima audiencia. Hasta el momento han colaborado m\u00e1s de 90 reconocidos artistas venezolanos quienes relatan casos de ciudadanos en los que se refuerzan los valores de convivencia y superaci\u00f3n personal.<\/span><\/p>\n<p><span id=\"yui_3_13_0_ym1_1_1386375911567_6245\" style=\"font-family: Tahoma; font-size: medium;\">\u201cEl \u00e9xito de\u00a0<i>Somos lo que Queremos<\/i>\u00a0ratifica el compromiso de la Organizaci\u00f3n Cisneros y Venevisi\u00f3n de continuar trabajando en favor de la sociedad a trav\u00e9s de diversos programas e iniciativas\u201d, coment\u00f3\u00a0Adriana Cisneros, CEO y Vice Chairman de la Organizaci\u00f3n Cisneros.<\/span><\/p>\n<p><span id=\"yui_3_13_0_ym1_1_1386375911567_6256\" style=\"font-family: Tahoma; font-size: medium;\">Por su parte, Mar\u00eda Ignacia Arcaya, directora de responsabilidad social empresarial de la Organizaci\u00f3n Cisneros,\u00a0quien viaj\u00f3 a Madrid para recibir el reconocimiento, se\u00f1al\u00f3: \u201cestamos\u00a0muy orgullosos de llevar tres a\u00f1os con este proyecto porque promueve el c\u00f3mo ser un buen ciudadano, y comparte historias alentadoras de personas que han superado grandes obst\u00e1culos\u201d, concluy\u00f3 la ejecutiva.<\/span><\/p>\n<p><div id=\"attachment_7102\" style=\"width: 910px\" class=\"wp-caption alignleft\"><a href=\"http:\/\/www.tvmasmagazine.com\/wp-content\/uploads\/2013\/12\/oie_7211353yZZeNVJ.jpg\"><img loading=\"lazy\" decoding=\"async\" aria-describedby=\"caption-attachment-7102\" class=\"size-full wp-image-7102\" alt=\"IV Premios Corresponsables\" src=\"http:\/\/www.tvmasmagazine.com\/wp-content\/uploads\/2013\/12\/oie_7211353yZZeNVJ.jpg\" width=\"900\" height=\"346\" srcset=\"https:\/\/tvmasmagazine.com\/wp-content\/uploads\/2013\/12\/oie_7211353yZZeNVJ.jpg 900w, https:\/\/tvmasmagazine.com\/wp-content\/uploads\/2013\/12\/oie_7211353yZZeNVJ-150x57.jpg 150w, https:\/\/tvmasmagazine.com\/wp-content\/uploads\/2013\/12\/oie_7211353yZZeNVJ-350x134.jpg 350w\" sizes=\"auto, (max-width: 900px) 100vw, 900px\" \/><\/a><p id=\"caption-attachment-7102\" class=\"wp-caption-text\">IV Premios Corresponsables<\/p><\/div><\/p>","protected":false},"excerpt":{"rendered":"<p>&nbsp; En el marco de la ceremonia de los\u00a0IV Premios Corresponsables\u00a0entregados el pasado 28 de noviembre en Madrid &#8211; Espa\u00f1a,\u00a0Somos <a class=\"more-link\" href=\"https:\/\/tvmasmagazine.com\/es\/2013\/12\/06\/recibe-venevision-reconocimiento-por-la-campana-somos-los-que-queremos\/\">&#8230;<\/a><\/p>\n","protected":false},"author":1,"featured_media":7101,"comment_status":"closed","ping_status":"closed","sticky":false,"template":"","format":"standard","meta":{"footnotes":""},"categories":[73,13],"tags":[],"class_list":["post-7100","post","type-post","status-publish","format-standard","has-post-thumbnail","hentry","category-telenovelas-series","category-ultimas-noticias"],"_links":{"self":[{"href":"https:\/\/tvmasmagazine.com\/es\/wp-json\/wp\/v2\/posts\/7100","targetHints":{"allow":["GET"]}}],"collection":[{"href":"https:\/\/tvmasmagazine.com\/es\/wp-json\/wp\/v2\/posts"}],"about":[{"href":"https:\/\/tvmasmagazine.com\/es\/wp-json\/wp\/v2\/types\/post"}],"author":[{"embeddable":true,"href":"https:\/\/tvmasmagazine.com\/es\/wp-json\/wp\/v2\/users\/1"}],"replies":[{"embeddable":true,"href":"https:\/\/tvmasmagazine.com\/es\/wp-json\/wp\/v2\/comments?post=7100"}],"version-history":[{"count":2,"href":"https:\/\/tvmasmagazine.com\/es\/wp-json\/wp\/v2\/posts\/7100\/revisions"}],"predecessor-version":[{"id":8964,"href":"https:\/\/tvmasmagazine.com\/es\/wp-json\/wp\/v2\/posts\/7100\/revisions\/8964"}],"wp:featuredmedia":[{"embeddable":true,"href":"https:\/\/tvmasmagazine.com\/es\/wp-json\/wp\/v2\/media\/7101"}],"wp:attachment":[{"href":"https:\/\/tvmasmagazine.com\/es\/wp-json\/wp\/v2\/media?parent=7100"}],"wp:term":[{"taxonomy":"category","embeddable":true,"href":"https:\/\/tvmasmagazine.com\/es\/wp-json\/wp\/v2\/categories?post=7100"},{"taxonomy":"post_tag","embeddable":true,"href":"https:\/\/tvmasmagazine.com\/es\/wp-json\/wp\/v2\/tags?post=7100"}],"curies":[{"name":"wp","href":"https:\/\/api.w.org\/{rel}","templated":true}]}}