{"id":7108,"date":"2013-12-08T02:31:01","date_gmt":"2013-12-08T05:31:01","guid":{"rendered":"http:\/\/www.tvmasmagazine.com\/?p=7108"},"modified":"2015-03-17T19:04:50","modified_gmt":"2015-03-17T18:04:50","slug":"la-vida-sigue-estrena-en-los-eua-en-mundofox","status":"publish","type":"post","link":"https:\/\/tvmasmagazine.com\/es\/2013\/12\/08\/la-vida-sigue-estrena-en-los-eua-en-mundofox\/","title":{"rendered":"La Vida Sigue estrena en los EUA en MundoFox"},"content":{"rendered":"<p><div id=\"attachment_7109\" style=\"width: 241px\" class=\"wp-caption alignleft\"><a href=\"http:\/\/www.tvmasmagazine.com\/wp-content\/uploads\/2013\/12\/image001.jpg\"><img loading=\"lazy\" decoding=\"async\" aria-describedby=\"caption-attachment-7109\" class=\" wp-image-7109\" alt=\"image001\" src=\"http:\/\/www.tvmasmagazine.com\/wp-content\/uploads\/2013\/12\/image001.jpg\" width=\"231\" height=\"209\" \/><\/a><p id=\"caption-attachment-7109\" class=\"wp-caption-text\">Globo<\/p><\/div><\/p>\n<p id=\"yui_3_13_0_ym1_1_1386375911567_8876\">A partir del d\u00eda 9 de diciembre el p\u00fablico de los Estados Unidos va a emocionarse con la conmovedora \u2018La Vida Sigue\u2019. La fuerte historia de Ana, que al despertar de un coma precisa recuperar la vida que continu\u00f3 sin su presencia y que ella ya no reconoce como suya, saldr\u00e1 al aire en el\u00a0<i id=\"yui_3_13_0_ym1_1_1386375911567_8936\">primetime<\/i>\u00a0de MundoFox, a las 20:00.<\/p>\n<p id=\"yui_3_13_0_ym1_1_1386375911567_8874\">MundoFox es la nueva cadena de televisi\u00f3n abierta en Espa\u00f1ol de Estados Unidos con sede en Los Angeles, California.<\/p>\n<p id=\"yui_3_13_0_ym1_1_1386375911567_8938\">Filmada en HD, con una fotograf\u00eda cuidadosa y bellos escenarios en Brasil y Argentina, \u2018La Vida Sigue\u2019 alcanz\u00f3 en Brasil un promedio de 24 puntos y 52% de share (fuente: Ibope) al mostrar c\u00f3mo Ana lidia con la tragedia y encuentra caminos que conducen a la felicidad. La telenovela fue licenciada para m\u00e1s de 71 pa\u00edses y fue l\u00edder de audiencia en Ecuador (Ecuavisa) y Uruguay (Teledoce).\u00a0 Y en Portugal, sali\u00f3 al aire por el canal Globo, donde fue uno de los programas m\u00e1s vistos de la TV de pago en el pa\u00eds.<\/p>\n<p><\/p>","protected":false},"excerpt":{"rendered":"<p>A partir del d\u00eda 9 de diciembre el p\u00fablico de los Estados Unidos va a emocionarse con la conmovedora \u2018La <a class=\"more-link\" href=\"https:\/\/tvmasmagazine.com\/es\/2013\/12\/08\/la-vida-sigue-estrena-en-los-eua-en-mundofox\/\">&#8230;<\/a><\/p>\n","protected":false},"author":1,"featured_media":6933,"comment_status":"closed","ping_status":"closed","sticky":false,"template":"","format":"standard","meta":{"footnotes":""},"categories":[73,13],"tags":[],"class_list":["post-7108","post","type-post","status-publish","format-standard","has-post-thumbnail","hentry","category-telenovelas-series","category-ultimas-noticias"],"_links":{"self":[{"href":"https:\/\/tvmasmagazine.com\/es\/wp-json\/wp\/v2\/posts\/7108","targetHints":{"allow":["GET"]}}],"collection":[{"href":"https:\/\/tvmasmagazine.com\/es\/wp-json\/wp\/v2\/posts"}],"about":[{"href":"https:\/\/tvmasmagazine.com\/es\/wp-json\/wp\/v2\/types\/post"}],"author":[{"embeddable":true,"href":"https:\/\/tvmasmagazine.com\/es\/wp-json\/wp\/v2\/users\/1"}],"replies":[{"embeddable":true,"href":"https:\/\/tvmasmagazine.com\/es\/wp-json\/wp\/v2\/comments?post=7108"}],"version-history":[{"count":3,"href":"https:\/\/tvmasmagazine.com\/es\/wp-json\/wp\/v2\/posts\/7108\/revisions"}],"predecessor-version":[{"id":8963,"href":"https:\/\/tvmasmagazine.com\/es\/wp-json\/wp\/v2\/posts\/7108\/revisions\/8963"}],"wp:featuredmedia":[{"embeddable":true,"href":"https:\/\/tvmasmagazine.com\/es\/wp-json\/wp\/v2\/media\/6933"}],"wp:attachment":[{"href":"https:\/\/tvmasmagazine.com\/es\/wp-json\/wp\/v2\/media?parent=7108"}],"wp:term":[{"taxonomy":"category","embeddable":true,"href":"https:\/\/tvmasmagazine.com\/es\/wp-json\/wp\/v2\/categories?post=7108"},{"taxonomy":"post_tag","embeddable":true,"href":"https:\/\/tvmasmagazine.com\/es\/wp-json\/wp\/v2\/tags?post=7108"}],"curies":[{"name":"wp","href":"https:\/\/api.w.org\/{rel}","templated":true}]}}