{"id":7863,"date":"2014-12-23T11:56:14","date_gmt":"2014-12-23T10:56:14","guid":{"rendered":"http:\/\/www.tvmasmagazine.com\/?p=7863"},"modified":"2014-12-23T12:01:31","modified_gmt":"2014-12-23T11:01:31","slug":"hola-tv-acumula-audiencia-en-centroamerica","status":"publish","type":"post","link":"https:\/\/tvmasmagazine.com\/es\/2014\/12\/23\/hola-tv-acumula-audiencia-en-centroamerica\/","title":{"rendered":"\u00a1Hola! TV acumula audiencia en centroam\u00e9rica"},"content":{"rendered":"<p><div id=\"attachment_7864\" style=\"width: 210px\" class=\"wp-caption alignleft\"><img loading=\"lazy\" decoding=\"async\" aria-describedby=\"caption-attachment-7864\" class=\"wp-image-7864\" src=\"http:\/\/www.tvmasmagazine.com\/wp-content\/uploads\/2014\/12\/Ignacio_Sanz_HOLATV_CEO-GM.jpg\" alt=\"\" width=\"200\" height=\"226\" srcset=\"https:\/\/tvmasmagazine.com\/wp-content\/uploads\/2014\/12\/Ignacio_Sanz_HOLATV_CEO-GM.jpg 283w, https:\/\/tvmasmagazine.com\/wp-content\/uploads\/2014\/12\/Ignacio_Sanz_HOLATV_CEO-GM-132x150.jpg 132w\" sizes=\"auto, (max-width: 200px) 100vw, 200px\" \/><p id=\"caption-attachment-7864\" class=\"wp-caption-text\">Ignacio Sanz de Acedo, CEO y gerente de \u00a1Hola! TV<\/p><\/div><\/p>\n<p>\u00a1Hola! TV, de propiedad del grupo Atresmedia y la revista HOLA, con poco m\u00e1s de un a\u00f1o en el aire ha cumplido sus metas en cuanto a distribuci\u00f3n, tras cerrar un acuerdo con dos grandes operadores en Centroam\u00e9rica: TIGO-Amnet y Claro TV.<br \/>\nIgnacio Sanz de Acedo, CEO y gerente de \u00a1Hola! TV, no s\u00f3lo ha logrado presencia en toda la regi\u00f3n centroamericana, sino que adem\u00e1s cumple con su objetivo de terminar este a\u00f1o 2014 con ocho millones de hogares.<br \/>\nEl canal tiene acuerdos con los principales operadores de TV de pago en Latinoam\u00e9rica y el mercado hispano de Estados Unidos, logrando una audiencia del 3% del share, seg\u00fan el \u00faltimo informe de Business Bureau. Su oferta incluye m\u00e1s de 500 horas de producci\u00f3n propia y Sanz de Acedo, asegura que \u201cla calidad, respaldada por una marca muy consolidada, nos ha permitido protagonizar uno de los lanzamientos m\u00e1s exitosos y encarar 2015 por lo que seguiremos creciendo en distribuci\u00f3n y contenidos. Reforzaremos el \u00e1rea de publicidad, desarrollando alianzas estrat\u00e9gicas para promover contenidos y expandir la marca\u201d.<\/p>","protected":false},"excerpt":{"rendered":"<p>\u00a1Hola! TV, de propiedad del grupo Atresmedia y la revista HOLA, con poco m\u00e1s de un a\u00f1o en el aire <a class=\"more-link\" href=\"https:\/\/tvmasmagazine.com\/es\/2014\/12\/23\/hola-tv-acumula-audiencia-en-centroamerica\/\">&#8230;<\/a><\/p>\n","protected":false},"author":1,"featured_media":7864,"comment_status":"closed","ping_status":"closed","sticky":false,"template":"","format":"standard","meta":{"footnotes":""},"categories":[17,47],"tags":[],"class_list":["post-7863","post","type-post","status-publish","format-standard","has-post-thumbnail","hentry","category-television","category-tv-de-pagp"],"_links":{"self":[{"href":"https:\/\/tvmasmagazine.com\/es\/wp-json\/wp\/v2\/posts\/7863","targetHints":{"allow":["GET"]}}],"collection":[{"href":"https:\/\/tvmasmagazine.com\/es\/wp-json\/wp\/v2\/posts"}],"about":[{"href":"https:\/\/tvmasmagazine.com\/es\/wp-json\/wp\/v2\/types\/post"}],"author":[{"embeddable":true,"href":"https:\/\/tvmasmagazine.com\/es\/wp-json\/wp\/v2\/users\/1"}],"replies":[{"embeddable":true,"href":"https:\/\/tvmasmagazine.com\/es\/wp-json\/wp\/v2\/comments?post=7863"}],"version-history":[{"count":3,"href":"https:\/\/tvmasmagazine.com\/es\/wp-json\/wp\/v2\/posts\/7863\/revisions"}],"predecessor-version":[{"id":7868,"href":"https:\/\/tvmasmagazine.com\/es\/wp-json\/wp\/v2\/posts\/7863\/revisions\/7868"}],"wp:featuredmedia":[{"embeddable":true,"href":"https:\/\/tvmasmagazine.com\/es\/wp-json\/wp\/v2\/media\/7864"}],"wp:attachment":[{"href":"https:\/\/tvmasmagazine.com\/es\/wp-json\/wp\/v2\/media?parent=7863"}],"wp:term":[{"taxonomy":"category","embeddable":true,"href":"https:\/\/tvmasmagazine.com\/es\/wp-json\/wp\/v2\/categories?post=7863"},{"taxonomy":"post_tag","embeddable":true,"href":"https:\/\/tvmasmagazine.com\/es\/wp-json\/wp\/v2\/tags?post=7863"}],"curies":[{"name":"wp","href":"https:\/\/api.w.org\/{rel}","templated":true}]}}