{"id":849,"date":"2012-04-16T12:23:15","date_gmt":"2012-04-16T12:23:15","guid":{"rendered":"http:\/\/www.tvmasmagazine.com\/?p=849"},"modified":"2015-03-17T19:05:21","modified_gmt":"2015-03-17T18:05:21","slug":"just-spee-nuevo-ceo-del-grupo-endemol","status":"publish","type":"post","link":"https:\/\/tvmasmagazine.com\/es\/2012\/04\/16\/just-spee-nuevo-ceo-del-grupo-endemol\/","title":{"rendered":"Just Spee, nuevo CEO del Grupo Endemol"},"content":{"rendered":"<p><div id=\"attachment_850\" style=\"width: 310px\" class=\"wp-caption alignleft\"><a href=\"http:\/\/www.tvmasmagazine.com\/wp-content\/uploads\/2012\/04\/spee.jpg\"><img loading=\"lazy\" decoding=\"async\" aria-describedby=\"caption-attachment-850\" class=\"size-medium wp-image-850\" title=\"Just Spee, nuevo CEO del Grupo Endemol\" src=\"http:\/\/www.tvmasmagazine.com\/wp-content\/uploads\/2012\/04\/spee-300x225.jpg\" alt=\"Just Spee, nuevo CEO del Grupo Endemol\" width=\"300\" height=\"225\" \/><\/a><p id=\"caption-attachment-850\" class=\"wp-caption-text\">Just Spee, nuevo CEO del Grupo Endemol<\/p><\/div><\/p>\n<p style=\"text-align: justify;\">\n<h1>Just Spee, nuevo CEO del Grupo Endemol .-<\/h1>\n<h2><strong>Reemplazar\u00e1 a\u00a0<\/strong><strong>Marco Bassetti<\/strong><\/h2>\n<p style=\"text-align: justify;\">Desde 2010,\u00a0Just Spee\u00a0se desempe\u00f1\u00f3 como CFO de\u00a0Endemol\u00a0al lado de\u00a0Marco Bassetti, cuando \u00e9ste era presidente del grupo. Ahora, a partir de este mes ocupar\u00e1 su cargo junto con su\u00a0\u00a0equipo ejecutivo con el que pretende seguir mejorando las cifras de la compa\u00f1\u00eda.<\/p>\n<p style=\"text-align: justify;\">\n<p style=\"text-align: justify;\">\u00a0\u201cDurante su per\u00edodo como CFO, Spee logr\u00f3 que la empresa diera pasos decisivos para una reestructuraci\u00f3n positiva de su capital. Adem\u00e1s, super\u00f3 el presupuesto EBITDA, generando un crecimiento del 10%, casi 1830 millones de d\u00f3lares\u201d, coment\u00f3\u00a0Charles Allen, miembro del directorio de Endemol.<\/p>\n<p style=\"text-align: justify;\">\n<p style=\"text-align: justify;\"><span style=\"color: #000000;\">Por su parte, Spee dijo: \u00abEstoy con mucho \u00e1nimo de asumir este nuevo rol en Endemol, que atraviesa un gran momento. Esta es una compa\u00f1\u00eda excepcional, con una plataforma \u00fanica y un equipo de primera. Ahora espero formar un fuerte equipo ejecutivo para seguir avanzando\u00bb, finaliz\u00f3.<\/span><\/p>\n<p style=\"text-align: justify;\">\n<p style=\"text-align: justify;\">Durante 2011, Endemol fue impulsado por varios factores, incluyendo la expansi\u00f3n en formatos, donde el crecimiento fue del 34% desde 2010. Logr\u00f3 producir 184 formatos de entretenimiento, de los cuales 56 eran shows producidos por primera vez, mientras su distribuci\u00f3n global sum\u00f3 1000 horas de nueva programaci\u00f3n a su cat\u00e1logo, totalizando 24.000. Entre los nuevos formatos se destacan\u00a0<em>The Money Drop\u00a0<\/em>y<em>Big Brother<\/em>, que fue emitido en 87 pa\u00edses en 2011.<\/p>\n<h1 style=\"text-align: justify;\"><\/h1>\n<h2 style=\"text-align: justify;\"><\/h2>\n<h2 style=\"text-align: justify;\"><\/h2>\n<p><\/p>","protected":false},"excerpt":{"rendered":"<p>Just Spee, nuevo CEO del Grupo Endemol .- Reemplazar\u00e1 a\u00a0Marco Bassetti Desde 2010,\u00a0Just Spee\u00a0se desempe\u00f1\u00f3 como CFO de\u00a0Endemol\u00a0al lado de\u00a0Marco <a class=\"more-link\" href=\"https:\/\/tvmasmagazine.com\/es\/2012\/04\/16\/just-spee-nuevo-ceo-del-grupo-endemol\/\">&#8230;<\/a><\/p>\n","protected":false},"author":1,"featured_media":850,"comment_status":"closed","ping_status":"open","sticky":false,"template":"","format":"standard","meta":{"footnotes":""},"categories":[73,13],"tags":[],"class_list":["post-849","post","type-post","status-publish","format-standard","has-post-thumbnail","hentry","category-telenovelas-series","category-ultimas-noticias"],"_links":{"self":[{"href":"https:\/\/tvmasmagazine.com\/es\/wp-json\/wp\/v2\/posts\/849","targetHints":{"allow":["GET"]}}],"collection":[{"href":"https:\/\/tvmasmagazine.com\/es\/wp-json\/wp\/v2\/posts"}],"about":[{"href":"https:\/\/tvmasmagazine.com\/es\/wp-json\/wp\/v2\/types\/post"}],"author":[{"embeddable":true,"href":"https:\/\/tvmasmagazine.com\/es\/wp-json\/wp\/v2\/users\/1"}],"replies":[{"embeddable":true,"href":"https:\/\/tvmasmagazine.com\/es\/wp-json\/wp\/v2\/comments?post=849"}],"version-history":[{"count":2,"href":"https:\/\/tvmasmagazine.com\/es\/wp-json\/wp\/v2\/posts\/849\/revisions"}],"predecessor-version":[{"id":9136,"href":"https:\/\/tvmasmagazine.com\/es\/wp-json\/wp\/v2\/posts\/849\/revisions\/9136"}],"wp:featuredmedia":[{"embeddable":true,"href":"https:\/\/tvmasmagazine.com\/es\/wp-json\/wp\/v2\/media\/850"}],"wp:attachment":[{"href":"https:\/\/tvmasmagazine.com\/es\/wp-json\/wp\/v2\/media?parent=849"}],"wp:term":[{"taxonomy":"category","embeddable":true,"href":"https:\/\/tvmasmagazine.com\/es\/wp-json\/wp\/v2\/categories?post=849"},{"taxonomy":"post_tag","embeddable":true,"href":"https:\/\/tvmasmagazine.com\/es\/wp-json\/wp\/v2\/tags?post=849"}],"curies":[{"name":"wp","href":"https:\/\/api.w.org\/{rel}","templated":true}]}}