{"id":8503,"date":"2015-02-12T17:00:30","date_gmt":"2015-02-12T16:00:30","guid":{"rendered":"http:\/\/www.tvmasmagazine.com\/?p=8503"},"modified":"2015-02-11T15:13:13","modified_gmt":"2015-02-11T14:13:13","slug":"documental-60-anos-de-la-tv-colombiana","status":"publish","type":"post","link":"https:\/\/tvmasmagazine.com\/es\/2015\/02\/12\/documental-60-anos-de-la-tv-colombiana\/","title":{"rendered":"Documental 60 a\u00f1os de la TV colombiana"},"content":{"rendered":"<p><div id=\"attachment_8504\" style=\"width: 640px\" class=\"wp-caption aligncenter\"><a href=\"http:\/\/www.tvmasmagazine.com\/wp-content\/uploads\/2015\/02\/Pimenton-Rojo-en-rodaje-de-documental.jpg\"><img loading=\"lazy\" decoding=\"async\" aria-describedby=\"caption-attachment-8504\" class=\"size-full wp-image-8504\" alt=\"Pimenton Rojo en rodaje de documental\" src=\"http:\/\/www.tvmasmagazine.com\/wp-content\/uploads\/2015\/02\/Pimenton-Rojo-en-rodaje-de-documental.jpg\" width=\"630\" height=\"320\" srcset=\"https:\/\/tvmasmagazine.com\/wp-content\/uploads\/2015\/02\/Pimenton-Rojo-en-rodaje-de-documental.jpg 630w, https:\/\/tvmasmagazine.com\/wp-content\/uploads\/2015\/02\/Pimenton-Rojo-en-rodaje-de-documental-150x76.jpg 150w, https:\/\/tvmasmagazine.com\/wp-content\/uploads\/2015\/02\/Pimenton-Rojo-en-rodaje-de-documental-350x177.jpg 350w\" sizes=\"auto, (max-width: 630px) 100vw, 630px\" \/><\/a><p id=\"caption-attachment-8504\" class=\"wp-caption-text\">El equipo de camar\u00f3grafos de Piment\u00f3n Rojo, mientras tomaban im\u00e1genes de apoyo para un documental.<\/p><\/div><\/p>\n<p style=\"text-align: left;\">El colectivo audiovisual barranquillero\u00a0<b><i>Piment\u00f3n Rojo<\/i><\/b>\u00a0 se prepara para el estreno del documental sobre los\u00a0<i>60 a\u00f1os de la televisi\u00f3n colombiana que\u00a0<\/i>ser\u00e1 transmitido este pr\u00f3ximo 8 de febrero, por Telecaribe en Colombia.<\/p>\n<p>Un recorrido por la historia de la pantalla chica, en esta hermosa zona de la Cuenca del Caribe,\u00a0 desde sus inicios, cuando eran programadores independientes y el nacimiento de Telecaribe uno de los canales regionales de mayor importancia\u00a0 en Colombia.<\/p>\n<p>En un comunicado, el colectivo audiovisual resalta que en el trabajo \u201cse logra plasmar no s\u00f3lo la historia del canal Telecaribe, sino tambi\u00e9n la historia de esos movimientos, productores y programadores independientes\u201d.<\/p>\n<p>Esas empresas interesadas en incursionar en el mundo de la televisi\u00f3n \u2013 agrega el comunicado \u2013 establecieron alianzas\u00a0 \u201ccon los radioaficionados, visionarios y empresarios del momento, dieron al Caribe colombiano la gran posibilidad de escribir su propio relato de cara al resto del pa\u00eds y del mundo\u201d.<\/p>\n<p>El documental incluye los momentos inolvidables que se transmitieron por medio de la televisi\u00f3n regional, como cuando el beisbolista \u00c9dgar Renter\u00eda conect\u00f3 el llamado \u2018hit de oro\u2019 que le dio la victoria en la serie mundial a los Marlins de la Florida, cuando finalizaba la d\u00e9cada de los 90.<\/p>\n<p>Esta propuesta hace parte de una serie de documentales que la <b><i>Autoridad Nacional de Televisi\u00f3n \u2013<\/i><\/b>ANTV\u2013 decidi\u00f3 financiar para celebrar las 6 d\u00e9cadas de nacimiento de la televisi\u00f3n en Colombia.<\/p>\n<p>Productoras y colectivos audiovisuales de todo el pa\u00eds se sumaron al llamado de la ANTV. Los trabajos ser\u00e1n transmitidos por los canales regionales.<\/p>\n<p>Para Julio Oyaga Mart\u00ednez, director del documental realizado por <b><i>Piment\u00f3n Rojo,<\/i><\/b>\u00a0este responde al hecho de \u201ccelebrar el acontecimiento del cumplea\u00f1os de la TV colombiana. Decidimos abordar ese tema desde las perspectiva de la regi\u00f3n Caribe\u201d.<\/p>\n<p>Oyaga Mart\u00ednez tambi\u00e9n resalta la importancia de la convocatoria que hizo la Autoridad Nacional de Televisi\u00f3n para contar la historia de TV desde las regiones.<\/p>\n<p>\u201cEn esto tambi\u00e9n est\u00e1n vinculados canales regionales como Telecaribe, Telepac\u00edfico y Teleantioquia\u201d, dijo.<\/p>\n<p>El colectivo audiovisual Piment\u00f3n Rojo naci\u00f3 como un proyecto universitario desde el a\u00f1o 2005 y en 2008 cumpli\u00f3 los requisitos para trabajar junto a los canales regionales, en este caso con Telecaribe.<\/p>\n<p>Desde ese momento, Piment\u00f3n Rojo se meti\u00f3 de lleno en el proyecto de mostrar desde el formato audiovisual la diversidad cultural de la regi\u00f3n Caribe.<\/p>\n<p>Lo anterior le ha hecho merecedor de 16 distinciones, entre las que se destacan una de la Unesco.<\/p>\n<p>Es tambi\u00e9n una organizaci\u00f3n con sentido de la responsabilidad social. En su p\u00e1gina web se describe como \u201cuna organizaci\u00f3n sin \u00e1nimo de lucro dedicada a mejorar la calidad de vida de poblaciones vulnerables a trav\u00e9s de proyectos art\u00edsticos, culturales y de TIC (Tecnolog\u00edas de la Informaci\u00f3n y la Comunicaci\u00f3n)\u201d.<\/p>","protected":false},"excerpt":{"rendered":"<p>El colectivo audiovisual barranquillero\u00a0Piment\u00f3n Rojo\u00a0 se prepara para el estreno del documental sobre los\u00a060 a\u00f1os de la televisi\u00f3n colombiana que\u00a0ser\u00e1 <a class=\"more-link\" href=\"https:\/\/tvmasmagazine.com\/es\/2015\/02\/12\/documental-60-anos-de-la-tv-colombiana\/\">&#8230;<\/a><\/p>\n","protected":false},"author":1,"featured_media":8504,"comment_status":"closed","ping_status":"closed","sticky":false,"template":"","format":"standard","meta":{"footnotes":""},"categories":[17,79],"tags":[],"class_list":["post-8503","post","type-post","status-publish","format-standard","has-post-thumbnail","hentry","category-television","category-tv-abierta"],"_links":{"self":[{"href":"https:\/\/tvmasmagazine.com\/es\/wp-json\/wp\/v2\/posts\/8503","targetHints":{"allow":["GET"]}}],"collection":[{"href":"https:\/\/tvmasmagazine.com\/es\/wp-json\/wp\/v2\/posts"}],"about":[{"href":"https:\/\/tvmasmagazine.com\/es\/wp-json\/wp\/v2\/types\/post"}],"author":[{"embeddable":true,"href":"https:\/\/tvmasmagazine.com\/es\/wp-json\/wp\/v2\/users\/1"}],"replies":[{"embeddable":true,"href":"https:\/\/tvmasmagazine.com\/es\/wp-json\/wp\/v2\/comments?post=8503"}],"version-history":[{"count":2,"href":"https:\/\/tvmasmagazine.com\/es\/wp-json\/wp\/v2\/posts\/8503\/revisions"}],"predecessor-version":[{"id":8506,"href":"https:\/\/tvmasmagazine.com\/es\/wp-json\/wp\/v2\/posts\/8503\/revisions\/8506"}],"wp:featuredmedia":[{"embeddable":true,"href":"https:\/\/tvmasmagazine.com\/es\/wp-json\/wp\/v2\/media\/8504"}],"wp:attachment":[{"href":"https:\/\/tvmasmagazine.com\/es\/wp-json\/wp\/v2\/media?parent=8503"}],"wp:term":[{"taxonomy":"category","embeddable":true,"href":"https:\/\/tvmasmagazine.com\/es\/wp-json\/wp\/v2\/categories?post=8503"},{"taxonomy":"post_tag","embeddable":true,"href":"https:\/\/tvmasmagazine.com\/es\/wp-json\/wp\/v2\/tags?post=8503"}],"curies":[{"name":"wp","href":"https:\/\/api.w.org\/{rel}","templated":true}]}}