{"id":9389,"date":"2015-04-08T10:00:14","date_gmt":"2015-04-08T08:00:14","guid":{"rendered":"http:\/\/www.tvmasmagazine.com\/?p=9389"},"modified":"2015-04-07T20:29:53","modified_gmt":"2015-04-07T18:29:53","slug":"fear-the-walking-dead-en-america-latina-casi-en-simultaneo-con-su-premier-en-e-u","status":"publish","type":"post","link":"https:\/\/tvmasmagazine.com\/es\/2015\/04\/08\/fear-the-walking-dead-en-america-latina-casi-en-simultaneo-con-su-premier-en-e-u\/","title":{"rendered":"Fear The Walking Dead, en Am\u00e9rica latina casi en simult\u00e1neo con su premier en E.U."},"content":{"rendered":"<p><div id=\"attachment_9390\" style=\"width: 779px\" class=\"wp-caption aligncenter\"><a href=\"http:\/\/www.tvmasmagazine.com\/wp-content\/uploads\/2015\/04\/Tuchman.jpg\"><img loading=\"lazy\" decoding=\"async\" aria-describedby=\"caption-attachment-9390\" class=\" wp-image-9390\" alt=\"Tuchman\" src=\"http:\/\/www.tvmasmagazine.com\/wp-content\/uploads\/2015\/04\/Tuchman.jpg\" width=\"769\" height=\"951\" srcset=\"https:\/\/tvmasmagazine.com\/wp-content\/uploads\/2015\/04\/Tuchman.jpg 769w, https:\/\/tvmasmagazine.com\/wp-content\/uploads\/2015\/04\/Tuchman-121x150.jpg 121w, https:\/\/tvmasmagazine.com\/wp-content\/uploads\/2015\/04\/Tuchman-283x350.jpg 283w\" sizes=\"auto, (max-width: 769px) 100vw, 769px\" \/><\/a><p id=\"caption-attachment-9390\" class=\"wp-caption-text\">Bruce Tuchman presidente de AMC y Sundance Channel Global<\/p><\/div><\/p>\n<p>&nbsp;<\/p>\n<div id=\"attachment_9391\" style=\"width: 970px\" class=\"wp-caption aligncenter\"><a href=\"http:\/\/www.tvmasmagazine.com\/wp-content\/uploads\/2015\/04\/Fear-the-walking-dead.jpg\"><img loading=\"lazy\" decoding=\"async\" aria-describedby=\"caption-attachment-9391\" class=\" wp-image-9391\" alt=\"Fear the walking dead\" src=\"http:\/\/www.tvmasmagazine.com\/wp-content\/uploads\/2015\/04\/Fear-the-walking-dead.jpg\" width=\"960\" height=\"638\" srcset=\"https:\/\/tvmasmagazine.com\/wp-content\/uploads\/2015\/04\/Fear-the-walking-dead.jpg 960w, https:\/\/tvmasmagazine.com\/wp-content\/uploads\/2015\/04\/Fear-the-walking-dead-150x99.jpg 150w, https:\/\/tvmasmagazine.com\/wp-content\/uploads\/2015\/04\/Fear-the-walking-dead-350x232.jpg 350w\" sizes=\"auto, (max-width: 960px) 100vw, 960px\" \/><\/a><p id=\"caption-attachment-9391\" class=\"wp-caption-text\">Fear the Walking Dead<\/p><\/div>\n<p>El fruto de un \u00e9xito arrasador con fan\u00e1ticos en todo el mundo como la saga de zombies vivientes, parece tener larga vida. Ahora, AMC Global anunci\u00f3 recientemente la llegada de\u00a0\u00a0<i>Fear The Walking Dead,\u00a0<\/i>una de las series m\u00e1s esperadas del a\u00f1o que tendr\u00e1 su estreno en Am\u00e9rica latina a finales del verano. Al parecer, la cadena recurre a la misma f\u00f3rmula de la aclamada\u00a0<i>Breaking Bad,<\/i>\u00a0 para lograr su \u00e9xito.<\/p>\n<p>La compa\u00f1\u00eda, que adquiri\u00f3 recientemente los derechos, planea transmitir cada uno de los episodios a menos de 24 horas de su estreno en los EE.UU.<\/p>\n<p>Robert Kirkman, Gale Anne Hurd, Greg Nicotero y David Alpert junto a Dave Erickson, qui\u00e9n ide\u00f3 y escribi\u00f3 el piloto conjuntamente con Kirkman, son los productores ejecutivos de esta nueva\u00a0producci\u00f3n que incluir\u00e1 en su primer temporada seis episodios con nuevos personajes y l\u00edneas narrativas que tendr\u00e1 como escenario a la ciudad de Los \u00c1ngeles.<\/p>\n<p>Protagonizada por Cliff Curtis (\u201cMissing,\u201d \u201cGang Related\u201d), Kim Dickens (<i>Gone Girl<\/i>, \u201cSons of Anarchy\u201d), Frank Dillane (<i>Harry Potter and the Half-Blood Prince<\/i>) y Alycia Debnam Carey (<i>Into the Storm<\/i>).<\/p>\n<p>Bruce Tuchman, presidente de AMC y Sundance Channel Global expres\u00f3: \u201cNos complace poder ofrecer\u00a0<i>Fear The Walking Dead<\/i>\u00a0al p\u00fablico de todo el mundo a menos de 24 horas de su estreno en los EE.UU. a fin de que los seguidores del programa puedan disfrutar de primera mano y en exclusiva por AMC Global de toda la emoci\u00f3n de una de las series dram\u00e1ticas m\u00e1s esperadas de la actualidad,\u201d\u00a0 y agreg\u00f3: \u201cAMC ha sido el creador de algunos de los t\u00edtulos m\u00e1s apasionantes de la televisi\u00f3n contempor\u00e1nea y esta nueva producci\u00f3n constituye el complemento perfecto a las populares pel\u00edculas y series originales que ofrece el canal.\u201d<\/p>\n<p>Adem\u00e1s, se supo que la segunda temporada se transmitir\u00e1 en 2016.<\/p>","protected":false},"excerpt":{"rendered":"<p>&nbsp; El fruto de un \u00e9xito arrasador con fan\u00e1ticos en todo el mundo como la saga de zombies vivientes, parece <a class=\"more-link\" href=\"https:\/\/tvmasmagazine.com\/es\/2015\/04\/08\/fear-the-walking-dead-en-america-latina-casi-en-simultaneo-con-su-premier-en-e-u\/\">&#8230;<\/a><\/p>\n","protected":false},"author":1,"featured_media":9393,"comment_status":"closed","ping_status":"closed","sticky":false,"template":"","format":"standard","meta":{"footnotes":""},"categories":[43,33,19,41,18,76,47],"tags":[],"class_list":["post-9389","post","type-post","status-publish","format-standard","has-post-thumbnail","hentry","category-africa","category-asia","category-estados-unidos","category-europa","category-latnoamerica","category-regiones","category-tv-de-pagp"],"_links":{"self":[{"href":"https:\/\/tvmasmagazine.com\/es\/wp-json\/wp\/v2\/posts\/9389","targetHints":{"allow":["GET"]}}],"collection":[{"href":"https:\/\/tvmasmagazine.com\/es\/wp-json\/wp\/v2\/posts"}],"about":[{"href":"https:\/\/tvmasmagazine.com\/es\/wp-json\/wp\/v2\/types\/post"}],"author":[{"embeddable":true,"href":"https:\/\/tvmasmagazine.com\/es\/wp-json\/wp\/v2\/users\/1"}],"replies":[{"embeddable":true,"href":"https:\/\/tvmasmagazine.com\/es\/wp-json\/wp\/v2\/comments?post=9389"}],"version-history":[{"count":1,"href":"https:\/\/tvmasmagazine.com\/es\/wp-json\/wp\/v2\/posts\/9389\/revisions"}],"predecessor-version":[{"id":9392,"href":"https:\/\/tvmasmagazine.com\/es\/wp-json\/wp\/v2\/posts\/9389\/revisions\/9392"}],"wp:featuredmedia":[{"embeddable":true,"href":"https:\/\/tvmasmagazine.com\/es\/wp-json\/wp\/v2\/media\/9393"}],"wp:attachment":[{"href":"https:\/\/tvmasmagazine.com\/es\/wp-json\/wp\/v2\/media?parent=9389"}],"wp:term":[{"taxonomy":"category","embeddable":true,"href":"https:\/\/tvmasmagazine.com\/es\/wp-json\/wp\/v2\/categories?post=9389"},{"taxonomy":"post_tag","embeddable":true,"href":"https:\/\/tvmasmagazine.com\/es\/wp-json\/wp\/v2\/tags?post=9389"}],"curies":[{"name":"wp","href":"https:\/\/api.w.org\/{rel}","templated":true}]}}